{"id":9321,"date":"2021-01-10T07:58:35","date_gmt":"2021-01-10T07:58:35","guid":{"rendered":"https:\/\/elcotarro.com\/?p=9321"},"modified":"2021-01-09T19:33:05","modified_gmt":"2021-01-09T19:33:05","slug":"vigilancia-del-protectorado-de-fundaciones","status":"publish","type":"post","link":"https:\/\/elcotarro.com\/?p=9321","title":{"rendered":"VIGILANCIA DEL PROTECTORADO DE FUNDACIONES"},"content":{"rendered":"<p>No hay que olvidar nunca que Santa Rita es una entidad privada (pero con multitud de convenios p\u00fablicos) que depende de la Fundaci\u00f3n Canaria Ben\u00e9fico Asistencial N\u00ba25, Hogar Santa Rita, cuyo fundador fue el padre Antonio Hern\u00e1ndez y que hoy tiene como presidente a <strong>Roque Silva Padr\u00f3n<\/strong>. Por ello, Santa Rita est\u00e1 permanente vigilada y controlada por el Protectorado de Fundaciones de Canarias, que depende de la consejer\u00eda de Administraciones P\u00fablicas, Justicia y Seguridad, que regenta <strong>Julio P\u00e9rez Hern\u00e1ndez<\/strong> (PSOE). Pero tampoco hay que olvidar que el Hogar Santa Rita, como cualquier otro establecimiento de su sector, mucho tiene que ver con la Consejer\u00eda de Derechos Sociales, Igualdad, Diversidad y Juventud, que hoy regenta <strong>Noem\u00ed Santana Perera<\/strong> (Podemos), consejer\u00eda que, seg\u00fan la Ley, tiene entre otras competencias (textualmente) la de <em>\u201c<\/em><em>La alta inspecci\u00f3n de todos los servicios que hayan sido descentralizados, mediante delegaci\u00f3n o transferencia o mediante convenio o encomienda, a otras Administraciones P\u00fablicas o que se financien, en todo o en parte, con los Presupuestos Generales de la Comunidad Aut\u00f3noma de Canarias y de aquellos que, independientemente de su titularidad, presten servicios en el \u00e1mbito social, con el fin de garantizar su calidad<\/em>\u201d. Y todos, como otras residencias y hoteles, bares y restaurantes, deben cumplir su normativa.<\/p>\n<p style=\"text-align: center\"><a href=\"https:\/\/elcotarro.com\/wp-content\/uploads\/2021\/01\/FOTO-3.-NOEM\u00cd-SANTANA.jpg\"><img loading=\"lazy\" decoding=\"async\" class=\"aligncenter size-full wp-image-9322\" src=\"https:\/\/elcotarro.com\/wp-content\/uploads\/2021\/01\/FOTO-3.-NOEM\u00cd-SANTANA.jpg\" alt=\"\" width=\"512\" height=\"288\" srcset=\"https:\/\/elcotarro.com\/wp-content\/uploads\/2021\/01\/FOTO-3.-NOEM\u00cd-SANTANA.jpg 512w, https:\/\/elcotarro.com\/wp-content\/uploads\/2021\/01\/FOTO-3.-NOEM\u00cd-SANTANA-300x169.jpg 300w\" sizes=\"auto, (max-width: 512px) 100vw, 512px\" \/><\/a><\/p>\n<p style=\"text-align: center\"><em>Noem\u00ed Santana Perera, consejera de Derechos Sociales del Gobierno de Canarias. <\/em><\/p>\n","protected":false},"excerpt":{"rendered":"<p>No hay que olvidar nunca que Santa Rita es una entidad privada (pero con multitud de convenios p\u00fablicos) que depende de la Fundaci\u00f3n Canaria Ben\u00e9fico Asistencial N\u00ba25, Hogar Santa Rita, cuyo fundador fue el padre Antonio Hern\u00e1ndez y que hoy tiene como presidente a Roque Silva Padr\u00f3n. Por ello, Santa Rita est\u00e1 permanente vigilada y &#8230; <a class=\"read-more\" href=\"https:\/\/elcotarro.com\/?p=9321\">Read more<\/a><\/p>\n","protected":false},"author":2,"featured_media":0,"comment_status":"open","ping_status":"open","sticky":false,"template":"","format":"standard","meta":{"_jetpack_memberships_contains_paid_content":false,"footnotes":""},"categories":[1],"tags":[],"class_list":["post-9321","post","type-post","status-publish","format-standard","hentry","category-sin-categoria"],"yoast_head":"<!-- This site is optimized with the Yoast SEO plugin v27.0 - https:\/\/yoast.com\/product\/yoast-seo-wordpress\/ -->\n<title>VIGILANCIA DEL PROTECTORADO DE FUNDACIONES - El Cotarro<\/title>\n<meta name=\"robots\" content=\"index, follow, max-snippet:-1, max-image-preview:large, max-video-preview:-1\" \/>\n<link rel=\"canonical\" href=\"https:\/\/elcotarro.com\/?p=9321\" \/>\n<meta property=\"og:locale\" content=\"es_ES\" \/>\n<meta property=\"og:type\" content=\"article\" \/>\n<meta property=\"og:title\" content=\"VIGILANCIA DEL PROTECTORADO DE FUNDACIONES - El Cotarro\" \/>\n<meta property=\"og:description\" content=\"No hay que olvidar nunca que Santa Rita es una entidad privada (pero con multitud de convenios p\u00fablicos) que depende de la Fundaci\u00f3n Canaria Ben\u00e9fico Asistencial N\u00ba25, Hogar Santa Rita, cuyo fundador fue el padre Antonio Hern\u00e1ndez y que hoy tiene como presidente a Roque Silva Padr\u00f3n. Por ello, Santa Rita est\u00e1 permanente vigilada y ... Read more\" \/>\n<meta property=\"og:url\" content=\"https:\/\/elcotarro.com\/?p=9321\" \/>\n<meta property=\"og:site_name\" content=\"El Cotarro\" \/>\n<meta property=\"article:publisher\" content=\"https:\/\/www.facebook.com\/ElCotarro.Tenerife\" \/>\n<meta property=\"article:published_time\" content=\"2021-01-10T07:58:35+00:00\" \/>\n<meta name=\"author\" content=\"Jos\u00e9 Carlos Marrero Gonz\u00e1lez\" \/>\n<meta name=\"twitter:label1\" content=\"Escrito por\" \/>\n\t<meta name=\"twitter:data1\" content=\"Jos\u00e9 Carlos Marrero Gonz\u00e1lez\" \/>\n\t<meta name=\"twitter:label2\" content=\"Tiempo de lectura\" \/>\n\t<meta name=\"twitter:data2\" content=\"1 minuto\" \/>\n<script type=\"application\/ld+json\" class=\"yoast-schema-graph\">{\"@context\":\"https:\/\/schema.org\",\"@graph\":[{\"@type\":\"Article\",\"@id\":\"https:\/\/elcotarro.com\/?p=9321#article\",\"isPartOf\":{\"@id\":\"https:\/\/elcotarro.com\/?p=9321\"},\"author\":{\"name\":\"Jos\u00e9 Carlos Marrero Gonz\u00e1lez\",\"@id\":\"https:\/\/elcotarro.com\/#\/schema\/person\/af537ee7d60d15984c7e0affcd8a918b\"},\"headline\":\"VIGILANCIA DEL PROTECTORADO DE FUNDACIONES\",\"datePublished\":\"2021-01-10T07:58:35+00:00\",\"mainEntityOfPage\":{\"@id\":\"https:\/\/elcotarro.com\/?p=9321\"},\"wordCount\":240,\"commentCount\":0,\"publisher\":{\"@id\":\"https:\/\/elcotarro.com\/#organization\"},\"inLanguage\":\"es\",\"potentialAction\":[{\"@type\":\"CommentAction\",\"name\":\"Comment\",\"target\":[\"https:\/\/elcotarro.com\/?p=9321#respond\"]}]},{\"@type\":\"WebPage\",\"@id\":\"https:\/\/elcotarro.com\/?p=9321\",\"url\":\"https:\/\/elcotarro.com\/?p=9321\",\"name\":\"VIGILANCIA DEL PROTECTORADO DE FUNDACIONES - El Cotarro\",\"isPartOf\":{\"@id\":\"https:\/\/elcotarro.com\/#website\"},\"datePublished\":\"2021-01-10T07:58:35+00:00\",\"breadcrumb\":{\"@id\":\"https:\/\/elcotarro.com\/?p=9321#breadcrumb\"},\"inLanguage\":\"es\",\"potentialAction\":[{\"@type\":\"ReadAction\",\"target\":[\"https:\/\/elcotarro.com\/?p=9321\"]}]},{\"@type\":\"BreadcrumbList\",\"@id\":\"https:\/\/elcotarro.com\/?p=9321#breadcrumb\",\"itemListElement\":[{\"@type\":\"ListItem\",\"position\":1,\"name\":\"Portada\",\"item\":\"https:\/\/elcotarro.com\/\"},{\"@type\":\"ListItem\",\"position\":2,\"name\":\"VIGILANCIA DEL PROTECTORADO DE FUNDACIONES\"}]},{\"@type\":\"WebSite\",\"@id\":\"https:\/\/elcotarro.com\/#website\",\"url\":\"https:\/\/elcotarro.com\/\",\"name\":\"El Cotarro\",\"description\":\"Peri\u00f3dico Digital Independiente dirigido por Jos\u00e9 Carlos Marrero\",\"publisher\":{\"@id\":\"https:\/\/elcotarro.com\/#organization\"},\"potentialAction\":[{\"@type\":\"SearchAction\",\"target\":{\"@type\":\"EntryPoint\",\"urlTemplate\":\"https:\/\/elcotarro.com\/?s={search_term_string}\"},\"query-input\":{\"@type\":\"PropertyValueSpecification\",\"valueRequired\":true,\"valueName\":\"search_term_string\"}}],\"inLanguage\":\"es\"},{\"@type\":\"Organization\",\"@id\":\"https:\/\/elcotarro.com\/#organization\",\"name\":\"El Cotarro\",\"url\":\"https:\/\/elcotarro.com\/\",\"logo\":{\"@type\":\"ImageObject\",\"inLanguage\":\"es\",\"@id\":\"https:\/\/elcotarro.com\/#\/schema\/logo\/image\/\",\"url\":\"https:\/\/elcotarro.com\/wp-content\/uploads\/2014\/09\/Cabecera_El_Cotarro_v2.jpg\",\"contentUrl\":\"https:\/\/elcotarro.com\/wp-content\/uploads\/2014\/09\/Cabecera_El_Cotarro_v2.jpg\",\"width\":3540,\"height\":441,\"caption\":\"El Cotarro\"},\"image\":{\"@id\":\"https:\/\/elcotarro.com\/#\/schema\/logo\/image\/\"},\"sameAs\":[\"https:\/\/www.facebook.com\/ElCotarro.Tenerife\"]},{\"@type\":\"Person\",\"@id\":\"https:\/\/elcotarro.com\/#\/schema\/person\/af537ee7d60d15984c7e0affcd8a918b\",\"name\":\"Jos\u00e9 Carlos Marrero Gonz\u00e1lez\",\"image\":{\"@type\":\"ImageObject\",\"inLanguage\":\"es\",\"@id\":\"https:\/\/elcotarro.com\/#\/schema\/person\/image\/\",\"url\":\"https:\/\/secure.gravatar.com\/avatar\/def4da036efb5d32c74d49c351f6dccc064dd69ad9f3aadc295c5a9a5391ca01?s=96&d=mm&r=g\",\"contentUrl\":\"https:\/\/secure.gravatar.com\/avatar\/def4da036efb5d32c74d49c351f6dccc064dd69ad9f3aadc295c5a9a5391ca01?s=96&d=mm&r=g\",\"caption\":\"Jos\u00e9 Carlos Marrero Gonz\u00e1lez\"},\"sameAs\":[\"https:\/\/elcotarro.com\"],\"url\":\"https:\/\/elcotarro.com\/?author=2\"}]}<\/script>\n<!-- \/ Yoast SEO plugin. -->","yoast_head_json":{"title":"VIGILANCIA DEL PROTECTORADO DE FUNDACIONES - El Cotarro","robots":{"index":"index","follow":"follow","max-snippet":"max-snippet:-1","max-image-preview":"max-image-preview:large","max-video-preview":"max-video-preview:-1"},"canonical":"https:\/\/elcotarro.com\/?p=9321","og_locale":"es_ES","og_type":"article","og_title":"VIGILANCIA DEL PROTECTORADO DE FUNDACIONES - El Cotarro","og_description":"No hay que olvidar nunca que Santa Rita es una entidad privada (pero con multitud de convenios p\u00fablicos) que depende de la Fundaci\u00f3n Canaria Ben\u00e9fico Asistencial N\u00ba25, Hogar Santa Rita, cuyo fundador fue el padre Antonio Hern\u00e1ndez y que hoy tiene como presidente a Roque Silva Padr\u00f3n. Por ello, Santa Rita est\u00e1 permanente vigilada y ... Read more","og_url":"https:\/\/elcotarro.com\/?p=9321","og_site_name":"El Cotarro","article_publisher":"https:\/\/www.facebook.com\/ElCotarro.Tenerife","article_published_time":"2021-01-10T07:58:35+00:00","author":"Jos\u00e9 Carlos Marrero Gonz\u00e1lez","twitter_misc":{"Escrito por":"Jos\u00e9 Carlos Marrero Gonz\u00e1lez","Tiempo de lectura":"1 minuto"},"schema":{"@context":"https:\/\/schema.org","@graph":[{"@type":"Article","@id":"https:\/\/elcotarro.com\/?p=9321#article","isPartOf":{"@id":"https:\/\/elcotarro.com\/?p=9321"},"author":{"name":"Jos\u00e9 Carlos Marrero Gonz\u00e1lez","@id":"https:\/\/elcotarro.com\/#\/schema\/person\/af537ee7d60d15984c7e0affcd8a918b"},"headline":"VIGILANCIA DEL PROTECTORADO DE FUNDACIONES","datePublished":"2021-01-10T07:58:35+00:00","mainEntityOfPage":{"@id":"https:\/\/elcotarro.com\/?p=9321"},"wordCount":240,"commentCount":0,"publisher":{"@id":"https:\/\/elcotarro.com\/#organization"},"inLanguage":"es","potentialAction":[{"@type":"CommentAction","name":"Comment","target":["https:\/\/elcotarro.com\/?p=9321#respond"]}]},{"@type":"WebPage","@id":"https:\/\/elcotarro.com\/?p=9321","url":"https:\/\/elcotarro.com\/?p=9321","name":"VIGILANCIA DEL PROTECTORADO DE FUNDACIONES - El Cotarro","isPartOf":{"@id":"https:\/\/elcotarro.com\/#website"},"datePublished":"2021-01-10T07:58:35+00:00","breadcrumb":{"@id":"https:\/\/elcotarro.com\/?p=9321#breadcrumb"},"inLanguage":"es","potentialAction":[{"@type":"ReadAction","target":["https:\/\/elcotarro.com\/?p=9321"]}]},{"@type":"BreadcrumbList","@id":"https:\/\/elcotarro.com\/?p=9321#breadcrumb","itemListElement":[{"@type":"ListItem","position":1,"name":"Portada","item":"https:\/\/elcotarro.com\/"},{"@type":"ListItem","position":2,"name":"VIGILANCIA DEL PROTECTORADO DE FUNDACIONES"}]},{"@type":"WebSite","@id":"https:\/\/elcotarro.com\/#website","url":"https:\/\/elcotarro.com\/","name":"El Cotarro","description":"Peri\u00f3dico Digital Independiente dirigido por Jos\u00e9 Carlos Marrero","publisher":{"@id":"https:\/\/elcotarro.com\/#organization"},"potentialAction":[{"@type":"SearchAction","target":{"@type":"EntryPoint","urlTemplate":"https:\/\/elcotarro.com\/?s={search_term_string}"},"query-input":{"@type":"PropertyValueSpecification","valueRequired":true,"valueName":"search_term_string"}}],"inLanguage":"es"},{"@type":"Organization","@id":"https:\/\/elcotarro.com\/#organization","name":"El Cotarro","url":"https:\/\/elcotarro.com\/","logo":{"@type":"ImageObject","inLanguage":"es","@id":"https:\/\/elcotarro.com\/#\/schema\/logo\/image\/","url":"https:\/\/elcotarro.com\/wp-content\/uploads\/2014\/09\/Cabecera_El_Cotarro_v2.jpg","contentUrl":"https:\/\/elcotarro.com\/wp-content\/uploads\/2014\/09\/Cabecera_El_Cotarro_v2.jpg","width":3540,"height":441,"caption":"El Cotarro"},"image":{"@id":"https:\/\/elcotarro.com\/#\/schema\/logo\/image\/"},"sameAs":["https:\/\/www.facebook.com\/ElCotarro.Tenerife"]},{"@type":"Person","@id":"https:\/\/elcotarro.com\/#\/schema\/person\/af537ee7d60d15984c7e0affcd8a918b","name":"Jos\u00e9 Carlos Marrero Gonz\u00e1lez","image":{"@type":"ImageObject","inLanguage":"es","@id":"https:\/\/elcotarro.com\/#\/schema\/person\/image\/","url":"https:\/\/secure.gravatar.com\/avatar\/def4da036efb5d32c74d49c351f6dccc064dd69ad9f3aadc295c5a9a5391ca01?s=96&d=mm&r=g","contentUrl":"https:\/\/secure.gravatar.com\/avatar\/def4da036efb5d32c74d49c351f6dccc064dd69ad9f3aadc295c5a9a5391ca01?s=96&d=mm&r=g","caption":"Jos\u00e9 Carlos Marrero Gonz\u00e1lez"},"sameAs":["https:\/\/elcotarro.com"],"url":"https:\/\/elcotarro.com\/?author=2"}]}},"jetpack_featured_media_url":"","jetpack_sharing_enabled":true,"_links":{"self":[{"href":"https:\/\/elcotarro.com\/index.php?rest_route=\/wp\/v2\/posts\/9321","targetHints":{"allow":["GET"]}}],"collection":[{"href":"https:\/\/elcotarro.com\/index.php?rest_route=\/wp\/v2\/posts"}],"about":[{"href":"https:\/\/elcotarro.com\/index.php?rest_route=\/wp\/v2\/types\/post"}],"author":[{"embeddable":true,"href":"https:\/\/elcotarro.com\/index.php?rest_route=\/wp\/v2\/users\/2"}],"replies":[{"embeddable":true,"href":"https:\/\/elcotarro.com\/index.php?rest_route=%2Fwp%2Fv2%2Fcomments&post=9321"}],"version-history":[{"count":1,"href":"https:\/\/elcotarro.com\/index.php?rest_route=\/wp\/v2\/posts\/9321\/revisions"}],"predecessor-version":[{"id":9323,"href":"https:\/\/elcotarro.com\/index.php?rest_route=\/wp\/v2\/posts\/9321\/revisions\/9323"}],"wp:attachment":[{"href":"https:\/\/elcotarro.com\/index.php?rest_route=%2Fwp%2Fv2%2Fmedia&parent=9321"}],"wp:term":[{"taxonomy":"category","embeddable":true,"href":"https:\/\/elcotarro.com\/index.php?rest_route=%2Fwp%2Fv2%2Fcategories&post=9321"},{"taxonomy":"post_tag","embeddable":true,"href":"https:\/\/elcotarro.com\/index.php?rest_route=%2Fwp%2Fv2%2Ftags&post=9321"}],"curies":[{"name":"wp","href":"https:\/\/api.w.org\/{rel}","templated":true}]}}