{"id":9333,"date":"2021-01-10T07:54:13","date_gmt":"2021-01-10T07:54:13","guid":{"rendered":"https:\/\/elcotarro.com\/?p=9333"},"modified":"2021-01-09T19:35:51","modified_gmt":"2021-01-09T19:35:51","slug":"incendio-en-santa-rita-i-y-saturacion-en-la-ii","status":"publish","type":"post","link":"https:\/\/elcotarro.com\/?p=9333","title":{"rendered":"INCENDIO EN SANTA RITA I Y SATURACI\u00d3N EN LA II"},"content":{"rendered":"<p>La apertura de la flamante Santa Rita II (dise\u00f1ada, proyectada y construida inicialmente para unas 400 personas residentes) no acab\u00f3 con la actividad asistencial de Santa Rita I. La demanda era tan grande, que el Padre Antonio aguant\u00f3 las dos en servicio, aunque la primera no reun\u00eda las debidas condiciones. Todos lo sab\u00edan, pero, como siempre, todos miraban hacia otro lado y callaban. Hasta que el 9 de octubre de 2008, un incendio declarado en los bajos de la residencia oblig\u00f3 a su urgente desalojo por parte de bomberos, polic\u00eda y voluntarios. Por suerte, el incendio se declar\u00f3 a primeras horas de la tarde y, gracias a Dios, no hubo que lamentar desgracias personales. Si se hubiera declarado de noche\u2026 Aquella tarde, una impresionada y muy preocupada <strong>Dolores \u201cLola\u201d Padr\u00f3n Rodr\u00edguez <\/strong>(PSOE), alcaldesa del Puerto de la Cruz, reconoc\u00eda p\u00fablicamente las carencias y vulnerabilidad del edificio de <strong>Santa Rita I<\/strong>. Las personas que estaban residiendo all\u00ed en aquel momento, fueron realojadas en otros centros y muchas pasaron a <strong>Santa Rita II<\/strong>, que ya estaba colmatada.<\/p>\n<p style=\"text-align: center\"><a href=\"https:\/\/elcotarro.com\/wp-content\/uploads\/2021\/01\/FOTO-7.-INCENDIO-SANTA-RITA.jpg\"><img loading=\"lazy\" decoding=\"async\" class=\"aligncenter size-full wp-image-9334\" src=\"https:\/\/elcotarro.com\/wp-content\/uploads\/2021\/01\/FOTO-7.-INCENDIO-SANTA-RITA.jpg\" alt=\"\" width=\"1200\" height=\"900\" srcset=\"https:\/\/elcotarro.com\/wp-content\/uploads\/2021\/01\/FOTO-7.-INCENDIO-SANTA-RITA.jpg 1200w, https:\/\/elcotarro.com\/wp-content\/uploads\/2021\/01\/FOTO-7.-INCENDIO-SANTA-RITA-300x225.jpg 300w, https:\/\/elcotarro.com\/wp-content\/uploads\/2021\/01\/FOTO-7.-INCENDIO-SANTA-RITA-1024x768.jpg 1024w, https:\/\/elcotarro.com\/wp-content\/uploads\/2021\/01\/FOTO-7.-INCENDIO-SANTA-RITA-768x576.jpg 768w\" sizes=\"auto, (max-width: 1200px) 100vw, 1200px\" \/><\/a><\/p>\n<p style=\"text-align: center\"><em>Imagen del incendio en Santa Rita I, el a\u00f1o 2008, con el humo saliendo de su s\u00f3tano.<\/em><\/p>\n","protected":false},"excerpt":{"rendered":"<p>La apertura de la flamante Santa Rita II (dise\u00f1ada, proyectada y construida inicialmente para unas 400 personas residentes) no acab\u00f3 con la actividad asistencial de Santa Rita I. La demanda era tan grande, que el Padre Antonio aguant\u00f3 las dos en servicio, aunque la primera no reun\u00eda las debidas condiciones. Todos lo sab\u00edan, pero, como &#8230; <a class=\"read-more\" href=\"https:\/\/elcotarro.com\/?p=9333\">Read more<\/a><\/p>\n","protected":false},"author":2,"featured_media":0,"comment_status":"open","ping_status":"open","sticky":false,"template":"","format":"standard","meta":{"_jetpack_memberships_contains_paid_content":false,"footnotes":""},"categories":[1],"tags":[],"class_list":["post-9333","post","type-post","status-publish","format-standard","hentry","category-sin-categoria"],"yoast_head":"<!-- This site is optimized with the Yoast SEO plugin v27.0 - https:\/\/yoast.com\/product\/yoast-seo-wordpress\/ -->\n<title>INCENDIO EN SANTA RITA I Y SATURACI\u00d3N EN LA II - El Cotarro<\/title>\n<meta name=\"robots\" content=\"index, follow, max-snippet:-1, max-image-preview:large, max-video-preview:-1\" \/>\n<link rel=\"canonical\" href=\"https:\/\/elcotarro.com\/?p=9333\" \/>\n<meta property=\"og:locale\" content=\"es_ES\" \/>\n<meta property=\"og:type\" content=\"article\" \/>\n<meta property=\"og:title\" content=\"INCENDIO EN SANTA RITA I Y SATURACI\u00d3N EN LA II - El Cotarro\" \/>\n<meta property=\"og:description\" content=\"La apertura de la flamante Santa Rita II (dise\u00f1ada, proyectada y construida inicialmente para unas 400 personas residentes) no acab\u00f3 con la actividad asistencial de Santa Rita I. La demanda era tan grande, que el Padre Antonio aguant\u00f3 las dos en servicio, aunque la primera no reun\u00eda las debidas condiciones. Todos lo sab\u00edan, pero, como ... Read more\" \/>\n<meta property=\"og:url\" content=\"https:\/\/elcotarro.com\/?p=9333\" \/>\n<meta property=\"og:site_name\" content=\"El Cotarro\" \/>\n<meta property=\"article:publisher\" content=\"https:\/\/www.facebook.com\/ElCotarro.Tenerife\" \/>\n<meta property=\"article:published_time\" content=\"2021-01-10T07:54:13+00:00\" \/>\n<meta property=\"og:image\" content=\"https:\/\/elcotarro.com\/wp-content\/uploads\/2021\/01\/FOTO-7.-INCENDIO-SANTA-RITA.jpg\" \/>\n<meta name=\"author\" content=\"Jos\u00e9 Carlos Marrero Gonz\u00e1lez\" \/>\n<meta name=\"twitter:label1\" content=\"Escrito por\" \/>\n\t<meta name=\"twitter:data1\" content=\"Jos\u00e9 Carlos Marrero Gonz\u00e1lez\" \/>\n\t<meta name=\"twitter:label2\" content=\"Tiempo de lectura\" \/>\n\t<meta name=\"twitter:data2\" content=\"1 minuto\" \/>\n<script type=\"application\/ld+json\" class=\"yoast-schema-graph\">{\"@context\":\"https:\/\/schema.org\",\"@graph\":[{\"@type\":\"Article\",\"@id\":\"https:\/\/elcotarro.com\/?p=9333#article\",\"isPartOf\":{\"@id\":\"https:\/\/elcotarro.com\/?p=9333\"},\"author\":{\"name\":\"Jos\u00e9 Carlos Marrero Gonz\u00e1lez\",\"@id\":\"https:\/\/elcotarro.com\/#\/schema\/person\/af537ee7d60d15984c7e0affcd8a918b\"},\"headline\":\"INCENDIO EN SANTA RITA I Y SATURACI\u00d3N EN LA II\",\"datePublished\":\"2021-01-10T07:54:13+00:00\",\"mainEntityOfPage\":{\"@id\":\"https:\/\/elcotarro.com\/?p=9333\"},\"wordCount\":209,\"commentCount\":0,\"publisher\":{\"@id\":\"https:\/\/elcotarro.com\/#organization\"},\"image\":{\"@id\":\"https:\/\/elcotarro.com\/?p=9333#primaryimage\"},\"thumbnailUrl\":\"https:\/\/elcotarro.com\/wp-content\/uploads\/2021\/01\/FOTO-7.-INCENDIO-SANTA-RITA.jpg\",\"inLanguage\":\"es\",\"potentialAction\":[{\"@type\":\"CommentAction\",\"name\":\"Comment\",\"target\":[\"https:\/\/elcotarro.com\/?p=9333#respond\"]}]},{\"@type\":\"WebPage\",\"@id\":\"https:\/\/elcotarro.com\/?p=9333\",\"url\":\"https:\/\/elcotarro.com\/?p=9333\",\"name\":\"INCENDIO EN SANTA RITA I Y SATURACI\u00d3N EN LA II - El Cotarro\",\"isPartOf\":{\"@id\":\"https:\/\/elcotarro.com\/#website\"},\"primaryImageOfPage\":{\"@id\":\"https:\/\/elcotarro.com\/?p=9333#primaryimage\"},\"image\":{\"@id\":\"https:\/\/elcotarro.com\/?p=9333#primaryimage\"},\"thumbnailUrl\":\"https:\/\/elcotarro.com\/wp-content\/uploads\/2021\/01\/FOTO-7.-INCENDIO-SANTA-RITA.jpg\",\"datePublished\":\"2021-01-10T07:54:13+00:00\",\"breadcrumb\":{\"@id\":\"https:\/\/elcotarro.com\/?p=9333#breadcrumb\"},\"inLanguage\":\"es\",\"potentialAction\":[{\"@type\":\"ReadAction\",\"target\":[\"https:\/\/elcotarro.com\/?p=9333\"]}]},{\"@type\":\"ImageObject\",\"inLanguage\":\"es\",\"@id\":\"https:\/\/elcotarro.com\/?p=9333#primaryimage\",\"url\":\"https:\/\/elcotarro.com\/wp-content\/uploads\/2021\/01\/FOTO-7.-INCENDIO-SANTA-RITA.jpg\",\"contentUrl\":\"https:\/\/elcotarro.com\/wp-content\/uploads\/2021\/01\/FOTO-7.-INCENDIO-SANTA-RITA.jpg\",\"width\":1200,\"height\":900},{\"@type\":\"BreadcrumbList\",\"@id\":\"https:\/\/elcotarro.com\/?p=9333#breadcrumb\",\"itemListElement\":[{\"@type\":\"ListItem\",\"position\":1,\"name\":\"Portada\",\"item\":\"https:\/\/elcotarro.com\/\"},{\"@type\":\"ListItem\",\"position\":2,\"name\":\"INCENDIO EN SANTA RITA I Y SATURACI\u00d3N EN LA II\"}]},{\"@type\":\"WebSite\",\"@id\":\"https:\/\/elcotarro.com\/#website\",\"url\":\"https:\/\/elcotarro.com\/\",\"name\":\"El Cotarro\",\"description\":\"Peri\u00f3dico Digital Independiente dirigido por Jos\u00e9 Carlos Marrero\",\"publisher\":{\"@id\":\"https:\/\/elcotarro.com\/#organization\"},\"potentialAction\":[{\"@type\":\"SearchAction\",\"target\":{\"@type\":\"EntryPoint\",\"urlTemplate\":\"https:\/\/elcotarro.com\/?s={search_term_string}\"},\"query-input\":{\"@type\":\"PropertyValueSpecification\",\"valueRequired\":true,\"valueName\":\"search_term_string\"}}],\"inLanguage\":\"es\"},{\"@type\":\"Organization\",\"@id\":\"https:\/\/elcotarro.com\/#organization\",\"name\":\"El Cotarro\",\"url\":\"https:\/\/elcotarro.com\/\",\"logo\":{\"@type\":\"ImageObject\",\"inLanguage\":\"es\",\"@id\":\"https:\/\/elcotarro.com\/#\/schema\/logo\/image\/\",\"url\":\"https:\/\/elcotarro.com\/wp-content\/uploads\/2014\/09\/Cabecera_El_Cotarro_v2.jpg\",\"contentUrl\":\"https:\/\/elcotarro.com\/wp-content\/uploads\/2014\/09\/Cabecera_El_Cotarro_v2.jpg\",\"width\":3540,\"height\":441,\"caption\":\"El Cotarro\"},\"image\":{\"@id\":\"https:\/\/elcotarro.com\/#\/schema\/logo\/image\/\"},\"sameAs\":[\"https:\/\/www.facebook.com\/ElCotarro.Tenerife\"]},{\"@type\":\"Person\",\"@id\":\"https:\/\/elcotarro.com\/#\/schema\/person\/af537ee7d60d15984c7e0affcd8a918b\",\"name\":\"Jos\u00e9 Carlos Marrero Gonz\u00e1lez\",\"image\":{\"@type\":\"ImageObject\",\"inLanguage\":\"es\",\"@id\":\"https:\/\/elcotarro.com\/#\/schema\/person\/image\/\",\"url\":\"https:\/\/secure.gravatar.com\/avatar\/def4da036efb5d32c74d49c351f6dccc064dd69ad9f3aadc295c5a9a5391ca01?s=96&d=mm&r=g\",\"contentUrl\":\"https:\/\/secure.gravatar.com\/avatar\/def4da036efb5d32c74d49c351f6dccc064dd69ad9f3aadc295c5a9a5391ca01?s=96&d=mm&r=g\",\"caption\":\"Jos\u00e9 Carlos Marrero Gonz\u00e1lez\"},\"sameAs\":[\"https:\/\/elcotarro.com\"],\"url\":\"https:\/\/elcotarro.com\/?author=2\"}]}<\/script>\n<!-- \/ Yoast SEO plugin. -->","yoast_head_json":{"title":"INCENDIO EN SANTA RITA I Y SATURACI\u00d3N EN LA II - El Cotarro","robots":{"index":"index","follow":"follow","max-snippet":"max-snippet:-1","max-image-preview":"max-image-preview:large","max-video-preview":"max-video-preview:-1"},"canonical":"https:\/\/elcotarro.com\/?p=9333","og_locale":"es_ES","og_type":"article","og_title":"INCENDIO EN SANTA RITA I Y SATURACI\u00d3N EN LA II - El Cotarro","og_description":"La apertura de la flamante Santa Rita II (dise\u00f1ada, proyectada y construida inicialmente para unas 400 personas residentes) no acab\u00f3 con la actividad asistencial de Santa Rita I. La demanda era tan grande, que el Padre Antonio aguant\u00f3 las dos en servicio, aunque la primera no reun\u00eda las debidas condiciones. Todos lo sab\u00edan, pero, como ... Read more","og_url":"https:\/\/elcotarro.com\/?p=9333","og_site_name":"El Cotarro","article_publisher":"https:\/\/www.facebook.com\/ElCotarro.Tenerife","article_published_time":"2021-01-10T07:54:13+00:00","og_image":[{"url":"https:\/\/elcotarro.com\/wp-content\/uploads\/2021\/01\/FOTO-7.-INCENDIO-SANTA-RITA.jpg","type":"","width":"","height":""}],"author":"Jos\u00e9 Carlos Marrero Gonz\u00e1lez","twitter_misc":{"Escrito por":"Jos\u00e9 Carlos Marrero Gonz\u00e1lez","Tiempo de lectura":"1 minuto"},"schema":{"@context":"https:\/\/schema.org","@graph":[{"@type":"Article","@id":"https:\/\/elcotarro.com\/?p=9333#article","isPartOf":{"@id":"https:\/\/elcotarro.com\/?p=9333"},"author":{"name":"Jos\u00e9 Carlos Marrero Gonz\u00e1lez","@id":"https:\/\/elcotarro.com\/#\/schema\/person\/af537ee7d60d15984c7e0affcd8a918b"},"headline":"INCENDIO EN SANTA RITA I Y SATURACI\u00d3N EN LA II","datePublished":"2021-01-10T07:54:13+00:00","mainEntityOfPage":{"@id":"https:\/\/elcotarro.com\/?p=9333"},"wordCount":209,"commentCount":0,"publisher":{"@id":"https:\/\/elcotarro.com\/#organization"},"image":{"@id":"https:\/\/elcotarro.com\/?p=9333#primaryimage"},"thumbnailUrl":"https:\/\/elcotarro.com\/wp-content\/uploads\/2021\/01\/FOTO-7.-INCENDIO-SANTA-RITA.jpg","inLanguage":"es","potentialAction":[{"@type":"CommentAction","name":"Comment","target":["https:\/\/elcotarro.com\/?p=9333#respond"]}]},{"@type":"WebPage","@id":"https:\/\/elcotarro.com\/?p=9333","url":"https:\/\/elcotarro.com\/?p=9333","name":"INCENDIO EN SANTA RITA I Y SATURACI\u00d3N EN LA II - El Cotarro","isPartOf":{"@id":"https:\/\/elcotarro.com\/#website"},"primaryImageOfPage":{"@id":"https:\/\/elcotarro.com\/?p=9333#primaryimage"},"image":{"@id":"https:\/\/elcotarro.com\/?p=9333#primaryimage"},"thumbnailUrl":"https:\/\/elcotarro.com\/wp-content\/uploads\/2021\/01\/FOTO-7.-INCENDIO-SANTA-RITA.jpg","datePublished":"2021-01-10T07:54:13+00:00","breadcrumb":{"@id":"https:\/\/elcotarro.com\/?p=9333#breadcrumb"},"inLanguage":"es","potentialAction":[{"@type":"ReadAction","target":["https:\/\/elcotarro.com\/?p=9333"]}]},{"@type":"ImageObject","inLanguage":"es","@id":"https:\/\/elcotarro.com\/?p=9333#primaryimage","url":"https:\/\/elcotarro.com\/wp-content\/uploads\/2021\/01\/FOTO-7.-INCENDIO-SANTA-RITA.jpg","contentUrl":"https:\/\/elcotarro.com\/wp-content\/uploads\/2021\/01\/FOTO-7.-INCENDIO-SANTA-RITA.jpg","width":1200,"height":900},{"@type":"BreadcrumbList","@id":"https:\/\/elcotarro.com\/?p=9333#breadcrumb","itemListElement":[{"@type":"ListItem","position":1,"name":"Portada","item":"https:\/\/elcotarro.com\/"},{"@type":"ListItem","position":2,"name":"INCENDIO EN SANTA RITA I Y SATURACI\u00d3N EN LA II"}]},{"@type":"WebSite","@id":"https:\/\/elcotarro.com\/#website","url":"https:\/\/elcotarro.com\/","name":"El Cotarro","description":"Peri\u00f3dico Digital Independiente dirigido por Jos\u00e9 Carlos Marrero","publisher":{"@id":"https:\/\/elcotarro.com\/#organization"},"potentialAction":[{"@type":"SearchAction","target":{"@type":"EntryPoint","urlTemplate":"https:\/\/elcotarro.com\/?s={search_term_string}"},"query-input":{"@type":"PropertyValueSpecification","valueRequired":true,"valueName":"search_term_string"}}],"inLanguage":"es"},{"@type":"Organization","@id":"https:\/\/elcotarro.com\/#organization","name":"El Cotarro","url":"https:\/\/elcotarro.com\/","logo":{"@type":"ImageObject","inLanguage":"es","@id":"https:\/\/elcotarro.com\/#\/schema\/logo\/image\/","url":"https:\/\/elcotarro.com\/wp-content\/uploads\/2014\/09\/Cabecera_El_Cotarro_v2.jpg","contentUrl":"https:\/\/elcotarro.com\/wp-content\/uploads\/2014\/09\/Cabecera_El_Cotarro_v2.jpg","width":3540,"height":441,"caption":"El Cotarro"},"image":{"@id":"https:\/\/elcotarro.com\/#\/schema\/logo\/image\/"},"sameAs":["https:\/\/www.facebook.com\/ElCotarro.Tenerife"]},{"@type":"Person","@id":"https:\/\/elcotarro.com\/#\/schema\/person\/af537ee7d60d15984c7e0affcd8a918b","name":"Jos\u00e9 Carlos Marrero Gonz\u00e1lez","image":{"@type":"ImageObject","inLanguage":"es","@id":"https:\/\/elcotarro.com\/#\/schema\/person\/image\/","url":"https:\/\/secure.gravatar.com\/avatar\/def4da036efb5d32c74d49c351f6dccc064dd69ad9f3aadc295c5a9a5391ca01?s=96&d=mm&r=g","contentUrl":"https:\/\/secure.gravatar.com\/avatar\/def4da036efb5d32c74d49c351f6dccc064dd69ad9f3aadc295c5a9a5391ca01?s=96&d=mm&r=g","caption":"Jos\u00e9 Carlos Marrero Gonz\u00e1lez"},"sameAs":["https:\/\/elcotarro.com"],"url":"https:\/\/elcotarro.com\/?author=2"}]}},"jetpack_featured_media_url":"","jetpack_sharing_enabled":true,"_links":{"self":[{"href":"https:\/\/elcotarro.com\/index.php?rest_route=\/wp\/v2\/posts\/9333","targetHints":{"allow":["GET"]}}],"collection":[{"href":"https:\/\/elcotarro.com\/index.php?rest_route=\/wp\/v2\/posts"}],"about":[{"href":"https:\/\/elcotarro.com\/index.php?rest_route=\/wp\/v2\/types\/post"}],"author":[{"embeddable":true,"href":"https:\/\/elcotarro.com\/index.php?rest_route=\/wp\/v2\/users\/2"}],"replies":[{"embeddable":true,"href":"https:\/\/elcotarro.com\/index.php?rest_route=%2Fwp%2Fv2%2Fcomments&post=9333"}],"version-history":[{"count":1,"href":"https:\/\/elcotarro.com\/index.php?rest_route=\/wp\/v2\/posts\/9333\/revisions"}],"predecessor-version":[{"id":9335,"href":"https:\/\/elcotarro.com\/index.php?rest_route=\/wp\/v2\/posts\/9333\/revisions\/9335"}],"wp:attachment":[{"href":"https:\/\/elcotarro.com\/index.php?rest_route=%2Fwp%2Fv2%2Fmedia&parent=9333"}],"wp:term":[{"taxonomy":"category","embeddable":true,"href":"https:\/\/elcotarro.com\/index.php?rest_route=%2Fwp%2Fv2%2Fcategories&post=9333"},{"taxonomy":"post_tag","embeddable":true,"href":"https:\/\/elcotarro.com\/index.php?rest_route=%2Fwp%2Fv2%2Ftags&post=9333"}],"curies":[{"name":"wp","href":"https:\/\/api.w.org\/{rel}","templated":true}]}}