{"id":9339,"date":"2021-01-10T07:52:38","date_gmt":"2021-01-10T07:52:38","guid":{"rendered":"https:\/\/elcotarro.com\/?p=9339"},"modified":"2021-01-09T19:37:07","modified_gmt":"2021-01-09T19:37:07","slug":"las-necesidades-y-lo-que-se-deberia-hacer","status":"publish","type":"post","link":"https:\/\/elcotarro.com\/?p=9339","title":{"rendered":"LAS NECESIDADES Y LO QUE SE DEBER\u00cdA HACER"},"content":{"rendered":"<p>Me da que todas las administraciones (desde los ayuntamientos al Gobierno regional y m\u00e1s all\u00e1) y todos los partidos y sindicatos (desde la izquierda a la derecha y m\u00e1s all\u00e1) han estado y est\u00e1n vergonzosa e irresponsablemente callados porque no saben c\u00f3mo resolver la situaci\u00f3n. El Hogar Santa Rita forma parte de las infraestructuras sociosanitarias con las que cuenta la isla de Tenerife para hacer frente a la tremenda demanda de personas que requieren de un centro de este tipo y, aunque es una fundaci\u00f3n canaria privada (no dependiente de Iglesia), mantiene convenios con el Cabildo tinerfe\u00f1o, que preside <strong>Pedro Mart\u00edn<\/strong>, y con el de La Gomera, que preside <strong>Casimiro Curbelo<\/strong>, as\u00ed con ayuntamientos como Gu\u00eda de Isora, Santa Cruz de Tenerife. Adeje, El Sauzal, Icod de los Vinos, La Matanza de Acentejo, Santa \u00darsula, Fasnia, La Orotava, G\u00fc\u00edmar, San Crist\u00f3bal de La Laguna, Arona y Los Realejos. Pero creo que muy pocos o ninguno de esos ayuntamientos tienen residencias propias para atender a sus vecinos mayores. Y hasta <strong>Marian Franquet,<\/strong>consejera insular del \u00c1rea de Acci\u00f3n Social del Cabildo de Tenerife, se resiste a hablar con los medios de comunicaci\u00f3n porque sabe la importancia y la fragilidad del tema y la situaci\u00f3n.<\/p>\n<p style=\"text-align: center\"><a href=\"https:\/\/elcotarro.com\/wp-content\/uploads\/2021\/01\/FOTO-9.-MARIAN-FRANQUET.jpg\"><img loading=\"lazy\" decoding=\"async\" class=\"aligncenter size-full wp-image-9340\" src=\"https:\/\/elcotarro.com\/wp-content\/uploads\/2021\/01\/FOTO-9.-MARIAN-FRANQUET.jpg\" alt=\"\" width=\"1200\" height=\"800\" srcset=\"https:\/\/elcotarro.com\/wp-content\/uploads\/2021\/01\/FOTO-9.-MARIAN-FRANQUET.jpg 1200w, https:\/\/elcotarro.com\/wp-content\/uploads\/2021\/01\/FOTO-9.-MARIAN-FRANQUET-300x200.jpg 300w, https:\/\/elcotarro.com\/wp-content\/uploads\/2021\/01\/FOTO-9.-MARIAN-FRANQUET-1024x683.jpg 1024w, https:\/\/elcotarro.com\/wp-content\/uploads\/2021\/01\/FOTO-9.-MARIAN-FRANQUET-768x512.jpg 768w\" sizes=\"auto, (max-width: 1200px) 100vw, 1200px\" \/><\/a><\/p>\n<p style=\"text-align: center\"><em>Marian Franquet, consejera desbordada por una cruda realidad, que hay que cambiar.<\/em><\/p>\n","protected":false},"excerpt":{"rendered":"<p>Me da que todas las administraciones (desde los ayuntamientos al Gobierno regional y m\u00e1s all\u00e1) y todos los partidos y sindicatos (desde la izquierda a la derecha y m\u00e1s all\u00e1) han estado y est\u00e1n vergonzosa e irresponsablemente callados porque no saben c\u00f3mo resolver la situaci\u00f3n. El Hogar Santa Rita forma parte de las infraestructuras sociosanitarias &#8230; <a class=\"read-more\" href=\"https:\/\/elcotarro.com\/?p=9339\">Read more<\/a><\/p>\n","protected":false},"author":2,"featured_media":0,"comment_status":"open","ping_status":"open","sticky":false,"template":"","format":"standard","meta":{"_jetpack_memberships_contains_paid_content":false,"footnotes":""},"categories":[1],"tags":[],"class_list":["post-9339","post","type-post","status-publish","format-standard","hentry","category-sin-categoria"],"yoast_head":"<!-- This site is optimized with the Yoast SEO plugin v27.0 - https:\/\/yoast.com\/product\/yoast-seo-wordpress\/ -->\n<title>LAS NECESIDADES Y LO QUE SE DEBER\u00cdA HACER - El Cotarro<\/title>\n<meta name=\"robots\" content=\"index, follow, max-snippet:-1, max-image-preview:large, max-video-preview:-1\" \/>\n<link rel=\"canonical\" href=\"https:\/\/elcotarro.com\/?p=9339\" \/>\n<meta property=\"og:locale\" content=\"es_ES\" \/>\n<meta property=\"og:type\" content=\"article\" \/>\n<meta property=\"og:title\" content=\"LAS NECESIDADES Y LO QUE SE DEBER\u00cdA HACER - El Cotarro\" \/>\n<meta property=\"og:description\" content=\"Me da que todas las administraciones (desde los ayuntamientos al Gobierno regional y m\u00e1s all\u00e1) y todos los partidos y sindicatos (desde la izquierda a la derecha y m\u00e1s all\u00e1) han estado y est\u00e1n vergonzosa e irresponsablemente callados porque no saben c\u00f3mo resolver la situaci\u00f3n. El Hogar Santa Rita forma parte de las infraestructuras sociosanitarias ... Read more\" \/>\n<meta property=\"og:url\" content=\"https:\/\/elcotarro.com\/?p=9339\" \/>\n<meta property=\"og:site_name\" content=\"El Cotarro\" \/>\n<meta property=\"article:publisher\" content=\"https:\/\/www.facebook.com\/ElCotarro.Tenerife\" \/>\n<meta property=\"article:published_time\" content=\"2021-01-10T07:52:38+00:00\" \/>\n<meta property=\"og:image\" content=\"https:\/\/elcotarro.com\/wp-content\/uploads\/2021\/01\/FOTO-9.-MARIAN-FRANQUET.jpg\" \/>\n<meta name=\"author\" content=\"Jos\u00e9 Carlos Marrero Gonz\u00e1lez\" \/>\n<meta name=\"twitter:label1\" content=\"Escrito por\" \/>\n\t<meta name=\"twitter:data1\" content=\"Jos\u00e9 Carlos Marrero Gonz\u00e1lez\" \/>\n\t<meta name=\"twitter:label2\" content=\"Tiempo de lectura\" \/>\n\t<meta name=\"twitter:data2\" content=\"1 minuto\" \/>\n<script type=\"application\/ld+json\" class=\"yoast-schema-graph\">{\"@context\":\"https:\/\/schema.org\",\"@graph\":[{\"@type\":\"Article\",\"@id\":\"https:\/\/elcotarro.com\/?p=9339#article\",\"isPartOf\":{\"@id\":\"https:\/\/elcotarro.com\/?p=9339\"},\"author\":{\"name\":\"Jos\u00e9 Carlos Marrero Gonz\u00e1lez\",\"@id\":\"https:\/\/elcotarro.com\/#\/schema\/person\/af537ee7d60d15984c7e0affcd8a918b\"},\"headline\":\"LAS NECESIDADES Y LO QUE SE DEBER\u00cdA HACER\",\"datePublished\":\"2021-01-10T07:52:38+00:00\",\"mainEntityOfPage\":{\"@id\":\"https:\/\/elcotarro.com\/?p=9339\"},\"wordCount\":238,\"commentCount\":0,\"publisher\":{\"@id\":\"https:\/\/elcotarro.com\/#organization\"},\"image\":{\"@id\":\"https:\/\/elcotarro.com\/?p=9339#primaryimage\"},\"thumbnailUrl\":\"https:\/\/elcotarro.com\/wp-content\/uploads\/2021\/01\/FOTO-9.-MARIAN-FRANQUET.jpg\",\"inLanguage\":\"es\",\"potentialAction\":[{\"@type\":\"CommentAction\",\"name\":\"Comment\",\"target\":[\"https:\/\/elcotarro.com\/?p=9339#respond\"]}]},{\"@type\":\"WebPage\",\"@id\":\"https:\/\/elcotarro.com\/?p=9339\",\"url\":\"https:\/\/elcotarro.com\/?p=9339\",\"name\":\"LAS NECESIDADES Y LO QUE SE DEBER\u00cdA HACER - El Cotarro\",\"isPartOf\":{\"@id\":\"https:\/\/elcotarro.com\/#website\"},\"primaryImageOfPage\":{\"@id\":\"https:\/\/elcotarro.com\/?p=9339#primaryimage\"},\"image\":{\"@id\":\"https:\/\/elcotarro.com\/?p=9339#primaryimage\"},\"thumbnailUrl\":\"https:\/\/elcotarro.com\/wp-content\/uploads\/2021\/01\/FOTO-9.-MARIAN-FRANQUET.jpg\",\"datePublished\":\"2021-01-10T07:52:38+00:00\",\"breadcrumb\":{\"@id\":\"https:\/\/elcotarro.com\/?p=9339#breadcrumb\"},\"inLanguage\":\"es\",\"potentialAction\":[{\"@type\":\"ReadAction\",\"target\":[\"https:\/\/elcotarro.com\/?p=9339\"]}]},{\"@type\":\"ImageObject\",\"inLanguage\":\"es\",\"@id\":\"https:\/\/elcotarro.com\/?p=9339#primaryimage\",\"url\":\"https:\/\/elcotarro.com\/wp-content\/uploads\/2021\/01\/FOTO-9.-MARIAN-FRANQUET.jpg\",\"contentUrl\":\"https:\/\/elcotarro.com\/wp-content\/uploads\/2021\/01\/FOTO-9.-MARIAN-FRANQUET.jpg\",\"width\":1200,\"height\":800},{\"@type\":\"BreadcrumbList\",\"@id\":\"https:\/\/elcotarro.com\/?p=9339#breadcrumb\",\"itemListElement\":[{\"@type\":\"ListItem\",\"position\":1,\"name\":\"Portada\",\"item\":\"https:\/\/elcotarro.com\/\"},{\"@type\":\"ListItem\",\"position\":2,\"name\":\"LAS NECESIDADES Y LO QUE SE DEBER\u00cdA HACER\"}]},{\"@type\":\"WebSite\",\"@id\":\"https:\/\/elcotarro.com\/#website\",\"url\":\"https:\/\/elcotarro.com\/\",\"name\":\"El Cotarro\",\"description\":\"Peri\u00f3dico Digital Independiente dirigido por Jos\u00e9 Carlos Marrero\",\"publisher\":{\"@id\":\"https:\/\/elcotarro.com\/#organization\"},\"potentialAction\":[{\"@type\":\"SearchAction\",\"target\":{\"@type\":\"EntryPoint\",\"urlTemplate\":\"https:\/\/elcotarro.com\/?s={search_term_string}\"},\"query-input\":{\"@type\":\"PropertyValueSpecification\",\"valueRequired\":true,\"valueName\":\"search_term_string\"}}],\"inLanguage\":\"es\"},{\"@type\":\"Organization\",\"@id\":\"https:\/\/elcotarro.com\/#organization\",\"name\":\"El Cotarro\",\"url\":\"https:\/\/elcotarro.com\/\",\"logo\":{\"@type\":\"ImageObject\",\"inLanguage\":\"es\",\"@id\":\"https:\/\/elcotarro.com\/#\/schema\/logo\/image\/\",\"url\":\"https:\/\/elcotarro.com\/wp-content\/uploads\/2014\/09\/Cabecera_El_Cotarro_v2.jpg\",\"contentUrl\":\"https:\/\/elcotarro.com\/wp-content\/uploads\/2014\/09\/Cabecera_El_Cotarro_v2.jpg\",\"width\":3540,\"height\":441,\"caption\":\"El Cotarro\"},\"image\":{\"@id\":\"https:\/\/elcotarro.com\/#\/schema\/logo\/image\/\"},\"sameAs\":[\"https:\/\/www.facebook.com\/ElCotarro.Tenerife\"]},{\"@type\":\"Person\",\"@id\":\"https:\/\/elcotarro.com\/#\/schema\/person\/af537ee7d60d15984c7e0affcd8a918b\",\"name\":\"Jos\u00e9 Carlos Marrero Gonz\u00e1lez\",\"image\":{\"@type\":\"ImageObject\",\"inLanguage\":\"es\",\"@id\":\"https:\/\/elcotarro.com\/#\/schema\/person\/image\/\",\"url\":\"https:\/\/secure.gravatar.com\/avatar\/def4da036efb5d32c74d49c351f6dccc064dd69ad9f3aadc295c5a9a5391ca01?s=96&d=mm&r=g\",\"contentUrl\":\"https:\/\/secure.gravatar.com\/avatar\/def4da036efb5d32c74d49c351f6dccc064dd69ad9f3aadc295c5a9a5391ca01?s=96&d=mm&r=g\",\"caption\":\"Jos\u00e9 Carlos Marrero Gonz\u00e1lez\"},\"sameAs\":[\"https:\/\/elcotarro.com\"],\"url\":\"https:\/\/elcotarro.com\/?author=2\"}]}<\/script>\n<!-- \/ Yoast SEO plugin. -->","yoast_head_json":{"title":"LAS NECESIDADES Y LO QUE SE DEBER\u00cdA HACER - El Cotarro","robots":{"index":"index","follow":"follow","max-snippet":"max-snippet:-1","max-image-preview":"max-image-preview:large","max-video-preview":"max-video-preview:-1"},"canonical":"https:\/\/elcotarro.com\/?p=9339","og_locale":"es_ES","og_type":"article","og_title":"LAS NECESIDADES Y LO QUE SE DEBER\u00cdA HACER - El Cotarro","og_description":"Me da que todas las administraciones (desde los ayuntamientos al Gobierno regional y m\u00e1s all\u00e1) y todos los partidos y sindicatos (desde la izquierda a la derecha y m\u00e1s all\u00e1) han estado y est\u00e1n vergonzosa e irresponsablemente callados porque no saben c\u00f3mo resolver la situaci\u00f3n. El Hogar Santa Rita forma parte de las infraestructuras sociosanitarias ... Read more","og_url":"https:\/\/elcotarro.com\/?p=9339","og_site_name":"El Cotarro","article_publisher":"https:\/\/www.facebook.com\/ElCotarro.Tenerife","article_published_time":"2021-01-10T07:52:38+00:00","og_image":[{"url":"https:\/\/elcotarro.com\/wp-content\/uploads\/2021\/01\/FOTO-9.-MARIAN-FRANQUET.jpg","type":"","width":"","height":""}],"author":"Jos\u00e9 Carlos Marrero Gonz\u00e1lez","twitter_misc":{"Escrito por":"Jos\u00e9 Carlos Marrero Gonz\u00e1lez","Tiempo de lectura":"1 minuto"},"schema":{"@context":"https:\/\/schema.org","@graph":[{"@type":"Article","@id":"https:\/\/elcotarro.com\/?p=9339#article","isPartOf":{"@id":"https:\/\/elcotarro.com\/?p=9339"},"author":{"name":"Jos\u00e9 Carlos Marrero Gonz\u00e1lez","@id":"https:\/\/elcotarro.com\/#\/schema\/person\/af537ee7d60d15984c7e0affcd8a918b"},"headline":"LAS NECESIDADES Y LO QUE SE DEBER\u00cdA HACER","datePublished":"2021-01-10T07:52:38+00:00","mainEntityOfPage":{"@id":"https:\/\/elcotarro.com\/?p=9339"},"wordCount":238,"commentCount":0,"publisher":{"@id":"https:\/\/elcotarro.com\/#organization"},"image":{"@id":"https:\/\/elcotarro.com\/?p=9339#primaryimage"},"thumbnailUrl":"https:\/\/elcotarro.com\/wp-content\/uploads\/2021\/01\/FOTO-9.-MARIAN-FRANQUET.jpg","inLanguage":"es","potentialAction":[{"@type":"CommentAction","name":"Comment","target":["https:\/\/elcotarro.com\/?p=9339#respond"]}]},{"@type":"WebPage","@id":"https:\/\/elcotarro.com\/?p=9339","url":"https:\/\/elcotarro.com\/?p=9339","name":"LAS NECESIDADES Y LO QUE SE DEBER\u00cdA HACER - El Cotarro","isPartOf":{"@id":"https:\/\/elcotarro.com\/#website"},"primaryImageOfPage":{"@id":"https:\/\/elcotarro.com\/?p=9339#primaryimage"},"image":{"@id":"https:\/\/elcotarro.com\/?p=9339#primaryimage"},"thumbnailUrl":"https:\/\/elcotarro.com\/wp-content\/uploads\/2021\/01\/FOTO-9.-MARIAN-FRANQUET.jpg","datePublished":"2021-01-10T07:52:38+00:00","breadcrumb":{"@id":"https:\/\/elcotarro.com\/?p=9339#breadcrumb"},"inLanguage":"es","potentialAction":[{"@type":"ReadAction","target":["https:\/\/elcotarro.com\/?p=9339"]}]},{"@type":"ImageObject","inLanguage":"es","@id":"https:\/\/elcotarro.com\/?p=9339#primaryimage","url":"https:\/\/elcotarro.com\/wp-content\/uploads\/2021\/01\/FOTO-9.-MARIAN-FRANQUET.jpg","contentUrl":"https:\/\/elcotarro.com\/wp-content\/uploads\/2021\/01\/FOTO-9.-MARIAN-FRANQUET.jpg","width":1200,"height":800},{"@type":"BreadcrumbList","@id":"https:\/\/elcotarro.com\/?p=9339#breadcrumb","itemListElement":[{"@type":"ListItem","position":1,"name":"Portada","item":"https:\/\/elcotarro.com\/"},{"@type":"ListItem","position":2,"name":"LAS NECESIDADES Y LO QUE SE DEBER\u00cdA HACER"}]},{"@type":"WebSite","@id":"https:\/\/elcotarro.com\/#website","url":"https:\/\/elcotarro.com\/","name":"El Cotarro","description":"Peri\u00f3dico Digital Independiente dirigido por Jos\u00e9 Carlos Marrero","publisher":{"@id":"https:\/\/elcotarro.com\/#organization"},"potentialAction":[{"@type":"SearchAction","target":{"@type":"EntryPoint","urlTemplate":"https:\/\/elcotarro.com\/?s={search_term_string}"},"query-input":{"@type":"PropertyValueSpecification","valueRequired":true,"valueName":"search_term_string"}}],"inLanguage":"es"},{"@type":"Organization","@id":"https:\/\/elcotarro.com\/#organization","name":"El Cotarro","url":"https:\/\/elcotarro.com\/","logo":{"@type":"ImageObject","inLanguage":"es","@id":"https:\/\/elcotarro.com\/#\/schema\/logo\/image\/","url":"https:\/\/elcotarro.com\/wp-content\/uploads\/2014\/09\/Cabecera_El_Cotarro_v2.jpg","contentUrl":"https:\/\/elcotarro.com\/wp-content\/uploads\/2014\/09\/Cabecera_El_Cotarro_v2.jpg","width":3540,"height":441,"caption":"El Cotarro"},"image":{"@id":"https:\/\/elcotarro.com\/#\/schema\/logo\/image\/"},"sameAs":["https:\/\/www.facebook.com\/ElCotarro.Tenerife"]},{"@type":"Person","@id":"https:\/\/elcotarro.com\/#\/schema\/person\/af537ee7d60d15984c7e0affcd8a918b","name":"Jos\u00e9 Carlos Marrero Gonz\u00e1lez","image":{"@type":"ImageObject","inLanguage":"es","@id":"https:\/\/elcotarro.com\/#\/schema\/person\/image\/","url":"https:\/\/secure.gravatar.com\/avatar\/def4da036efb5d32c74d49c351f6dccc064dd69ad9f3aadc295c5a9a5391ca01?s=96&d=mm&r=g","contentUrl":"https:\/\/secure.gravatar.com\/avatar\/def4da036efb5d32c74d49c351f6dccc064dd69ad9f3aadc295c5a9a5391ca01?s=96&d=mm&r=g","caption":"Jos\u00e9 Carlos Marrero Gonz\u00e1lez"},"sameAs":["https:\/\/elcotarro.com"],"url":"https:\/\/elcotarro.com\/?author=2"}]}},"jetpack_featured_media_url":"","jetpack_sharing_enabled":true,"_links":{"self":[{"href":"https:\/\/elcotarro.com\/index.php?rest_route=\/wp\/v2\/posts\/9339","targetHints":{"allow":["GET"]}}],"collection":[{"href":"https:\/\/elcotarro.com\/index.php?rest_route=\/wp\/v2\/posts"}],"about":[{"href":"https:\/\/elcotarro.com\/index.php?rest_route=\/wp\/v2\/types\/post"}],"author":[{"embeddable":true,"href":"https:\/\/elcotarro.com\/index.php?rest_route=\/wp\/v2\/users\/2"}],"replies":[{"embeddable":true,"href":"https:\/\/elcotarro.com\/index.php?rest_route=%2Fwp%2Fv2%2Fcomments&post=9339"}],"version-history":[{"count":1,"href":"https:\/\/elcotarro.com\/index.php?rest_route=\/wp\/v2\/posts\/9339\/revisions"}],"predecessor-version":[{"id":9341,"href":"https:\/\/elcotarro.com\/index.php?rest_route=\/wp\/v2\/posts\/9339\/revisions\/9341"}],"wp:attachment":[{"href":"https:\/\/elcotarro.com\/index.php?rest_route=%2Fwp%2Fv2%2Fmedia&parent=9339"}],"wp:term":[{"taxonomy":"category","embeddable":true,"href":"https:\/\/elcotarro.com\/index.php?rest_route=%2Fwp%2Fv2%2Fcategories&post=9339"},{"taxonomy":"post_tag","embeddable":true,"href":"https:\/\/elcotarro.com\/index.php?rest_route=%2Fwp%2Fv2%2Ftags&post=9339"}],"curies":[{"name":"wp","href":"https:\/\/api.w.org\/{rel}","templated":true}]}}