{"id":9357,"date":"2021-01-17T08:00:10","date_gmt":"2021-01-17T08:00:10","guid":{"rendered":"https:\/\/elcotarro.com\/?p=9357"},"modified":"2021-01-16T19:28:57","modified_gmt":"2021-01-16T19:28:57","slug":"adios-a-don-rosendo-diaz-genio-y-figura","status":"publish","type":"post","link":"https:\/\/elcotarro.com\/?p=9357","title":{"rendered":"ADI\u00d3S A DON ROSENDO D\u00cdAZ\u2026 \u00a1GENIO Y FIGURA!"},"content":{"rendered":"<p>Muchas veces suelo despedir y terminar <strong><em>El Cotarro<\/em><\/strong> recordando a uno de \u201clos nuestros\u201d que se ha ido para siempre. Este domingo me permitir\u00e1n que, por el cari\u00f1o, el respeto y la admiraci\u00f3n que le ten\u00eda, comience con ello. Porque ayer despedimos a don <strong>Rosendo D\u00edaz P\u00e9rez<\/strong>, todo un personaje al que se le puede aplicar, sin ning\u00fan g\u00e9nero de dudas, lo de que ha sido \u201cgenio y figura hasta su sepultura\u201d, en el pante\u00f3n familiar (donde reposan los restos de su esposa, <strong>Ana Mar\u00eda Dom\u00ednguez Morales<\/strong>, fallecida hace a\u00f1os) y donde, seg\u00fan lleg\u00f3 a comentar el propio <strong>Rosendo<\/strong> en estos \u00faltimos meses, iba a estar rodeado por muchos amigos y amigas. El bueno y formidable (calificativo que \u00e9l repet\u00eda mucho) <strong>Rosendo D\u00edaz<\/strong>, fue durante m\u00e1s de 20 a\u00f1os gerente del recordado \u201cHospitalito de Ni\u00f1os\u201d, que fundara el <strong> Diego Guigou<\/strong> el a\u00f1o 1901. Hecho a s\u00ed mismo, trabajador como \u00e9l solo y amante de vivir la vida con optimismo, alegr\u00eda y siempre en positivo fue y seguir\u00e1 siendo un ejemplo para todos, comenzando por sus hijos y nietos.<\/p>\n<p style=\"text-align: center\"><a href=\"https:\/\/elcotarro.com\/wp-content\/uploads\/2021\/01\/FOTO-1.-ROSENDO-D\u00cdAZ-scaled.jpg\"><img loading=\"lazy\" decoding=\"async\" class=\"aligncenter size-full wp-image-9358\" src=\"https:\/\/elcotarro.com\/wp-content\/uploads\/2021\/01\/FOTO-1.-ROSENDO-D\u00cdAZ-scaled.jpg\" alt=\"\" width=\"2560\" height=\"1814\" srcset=\"https:\/\/elcotarro.com\/wp-content\/uploads\/2021\/01\/FOTO-1.-ROSENDO-D\u00cdAZ-scaled.jpg 2560w, https:\/\/elcotarro.com\/wp-content\/uploads\/2021\/01\/FOTO-1.-ROSENDO-D\u00cdAZ-300x213.jpg 300w, https:\/\/elcotarro.com\/wp-content\/uploads\/2021\/01\/FOTO-1.-ROSENDO-D\u00cdAZ-1024x726.jpg 1024w, https:\/\/elcotarro.com\/wp-content\/uploads\/2021\/01\/FOTO-1.-ROSENDO-D\u00cdAZ-768x544.jpg 768w, https:\/\/elcotarro.com\/wp-content\/uploads\/2021\/01\/FOTO-1.-ROSENDO-D\u00cdAZ-1536x1089.jpg 1536w, https:\/\/elcotarro.com\/wp-content\/uploads\/2021\/01\/FOTO-1.-ROSENDO-D\u00cdAZ-2048x1451.jpg 2048w\" sizes=\"auto, (max-width: 2560px) 100vw, 2560px\" \/><\/a><\/p>\n<p style=\"text-align: center\"><em>Rosendo D\u00edaz P\u00e9rez en su peque\u00f1o despacho de gerente, en el Hospitalito de Ni\u00f1os<\/em><\/p>\n","protected":false},"excerpt":{"rendered":"<p>Muchas veces suelo despedir y terminar El Cotarro recordando a uno de \u201clos nuestros\u201d que se ha ido para siempre. Este domingo me permitir\u00e1n que, por el cari\u00f1o, el respeto y la admiraci\u00f3n que le ten\u00eda, comience con ello. Porque ayer despedimos a don Rosendo D\u00edaz P\u00e9rez, todo un personaje al que se le puede &#8230; <a class=\"read-more\" href=\"https:\/\/elcotarro.com\/?p=9357\">Read more<\/a><\/p>\n","protected":false},"author":2,"featured_media":0,"comment_status":"open","ping_status":"open","sticky":false,"template":"","format":"standard","meta":{"_jetpack_memberships_contains_paid_content":false,"footnotes":""},"categories":[1],"tags":[],"class_list":["post-9357","post","type-post","status-publish","format-standard","hentry","category-sin-categoria"],"yoast_head":"<!-- This site is optimized with the Yoast SEO plugin v27.0 - https:\/\/yoast.com\/product\/yoast-seo-wordpress\/ -->\n<title>ADI\u00d3S A DON ROSENDO D\u00cdAZ\u2026 \u00a1GENIO Y FIGURA! - El Cotarro<\/title>\n<meta name=\"robots\" content=\"index, follow, max-snippet:-1, max-image-preview:large, max-video-preview:-1\" \/>\n<link rel=\"canonical\" href=\"https:\/\/elcotarro.com\/?p=9357\" \/>\n<meta property=\"og:locale\" content=\"es_ES\" \/>\n<meta property=\"og:type\" content=\"article\" \/>\n<meta property=\"og:title\" content=\"ADI\u00d3S A DON ROSENDO D\u00cdAZ\u2026 \u00a1GENIO Y FIGURA! - El Cotarro\" \/>\n<meta property=\"og:description\" content=\"Muchas veces suelo despedir y terminar El Cotarro recordando a uno de \u201clos nuestros\u201d que se ha ido para siempre. Este domingo me permitir\u00e1n que, por el cari\u00f1o, el respeto y la admiraci\u00f3n que le ten\u00eda, comience con ello. Porque ayer despedimos a don Rosendo D\u00edaz P\u00e9rez, todo un personaje al que se le puede ... Read more\" \/>\n<meta property=\"og:url\" content=\"https:\/\/elcotarro.com\/?p=9357\" \/>\n<meta property=\"og:site_name\" content=\"El Cotarro\" \/>\n<meta property=\"article:publisher\" content=\"https:\/\/www.facebook.com\/ElCotarro.Tenerife\" \/>\n<meta property=\"article:published_time\" content=\"2021-01-17T08:00:10+00:00\" \/>\n<meta name=\"author\" content=\"Jos\u00e9 Carlos Marrero Gonz\u00e1lez\" \/>\n<meta name=\"twitter:label1\" content=\"Escrito por\" \/>\n\t<meta name=\"twitter:data1\" content=\"Jos\u00e9 Carlos Marrero Gonz\u00e1lez\" \/>\n\t<meta name=\"twitter:label2\" content=\"Tiempo de lectura\" \/>\n\t<meta name=\"twitter:data2\" content=\"1 minuto\" \/>\n<script type=\"application\/ld+json\" class=\"yoast-schema-graph\">{\"@context\":\"https:\/\/schema.org\",\"@graph\":[{\"@type\":\"Article\",\"@id\":\"https:\/\/elcotarro.com\/?p=9357#article\",\"isPartOf\":{\"@id\":\"https:\/\/elcotarro.com\/?p=9357\"},\"author\":{\"name\":\"Jos\u00e9 Carlos Marrero Gonz\u00e1lez\",\"@id\":\"https:\/\/elcotarro.com\/#\/schema\/person\/af537ee7d60d15984c7e0affcd8a918b\"},\"headline\":\"ADI\u00d3S A DON ROSENDO D\u00cdAZ\u2026 \u00a1GENIO Y FIGURA!\",\"datePublished\":\"2021-01-17T08:00:10+00:00\",\"mainEntityOfPage\":{\"@id\":\"https:\/\/elcotarro.com\/?p=9357\"},\"wordCount\":224,\"commentCount\":1,\"publisher\":{\"@id\":\"https:\/\/elcotarro.com\/#organization\"},\"inLanguage\":\"es\",\"potentialAction\":[{\"@type\":\"CommentAction\",\"name\":\"Comment\",\"target\":[\"https:\/\/elcotarro.com\/?p=9357#respond\"]}]},{\"@type\":\"WebPage\",\"@id\":\"https:\/\/elcotarro.com\/?p=9357\",\"url\":\"https:\/\/elcotarro.com\/?p=9357\",\"name\":\"ADI\u00d3S A DON ROSENDO D\u00cdAZ\u2026 \u00a1GENIO Y FIGURA! - El Cotarro\",\"isPartOf\":{\"@id\":\"https:\/\/elcotarro.com\/#website\"},\"datePublished\":\"2021-01-17T08:00:10+00:00\",\"breadcrumb\":{\"@id\":\"https:\/\/elcotarro.com\/?p=9357#breadcrumb\"},\"inLanguage\":\"es\",\"potentialAction\":[{\"@type\":\"ReadAction\",\"target\":[\"https:\/\/elcotarro.com\/?p=9357\"]}]},{\"@type\":\"BreadcrumbList\",\"@id\":\"https:\/\/elcotarro.com\/?p=9357#breadcrumb\",\"itemListElement\":[{\"@type\":\"ListItem\",\"position\":1,\"name\":\"Portada\",\"item\":\"https:\/\/elcotarro.com\/\"},{\"@type\":\"ListItem\",\"position\":2,\"name\":\"ADI\u00d3S A DON ROSENDO D\u00cdAZ\u2026 \u00a1GENIO Y FIGURA!\"}]},{\"@type\":\"WebSite\",\"@id\":\"https:\/\/elcotarro.com\/#website\",\"url\":\"https:\/\/elcotarro.com\/\",\"name\":\"El Cotarro\",\"description\":\"Peri\u00f3dico Digital Independiente dirigido por Jos\u00e9 Carlos Marrero\",\"publisher\":{\"@id\":\"https:\/\/elcotarro.com\/#organization\"},\"potentialAction\":[{\"@type\":\"SearchAction\",\"target\":{\"@type\":\"EntryPoint\",\"urlTemplate\":\"https:\/\/elcotarro.com\/?s={search_term_string}\"},\"query-input\":{\"@type\":\"PropertyValueSpecification\",\"valueRequired\":true,\"valueName\":\"search_term_string\"}}],\"inLanguage\":\"es\"},{\"@type\":\"Organization\",\"@id\":\"https:\/\/elcotarro.com\/#organization\",\"name\":\"El Cotarro\",\"url\":\"https:\/\/elcotarro.com\/\",\"logo\":{\"@type\":\"ImageObject\",\"inLanguage\":\"es\",\"@id\":\"https:\/\/elcotarro.com\/#\/schema\/logo\/image\/\",\"url\":\"https:\/\/elcotarro.com\/wp-content\/uploads\/2014\/09\/Cabecera_El_Cotarro_v2.jpg\",\"contentUrl\":\"https:\/\/elcotarro.com\/wp-content\/uploads\/2014\/09\/Cabecera_El_Cotarro_v2.jpg\",\"width\":3540,\"height\":441,\"caption\":\"El Cotarro\"},\"image\":{\"@id\":\"https:\/\/elcotarro.com\/#\/schema\/logo\/image\/\"},\"sameAs\":[\"https:\/\/www.facebook.com\/ElCotarro.Tenerife\"]},{\"@type\":\"Person\",\"@id\":\"https:\/\/elcotarro.com\/#\/schema\/person\/af537ee7d60d15984c7e0affcd8a918b\",\"name\":\"Jos\u00e9 Carlos Marrero Gonz\u00e1lez\",\"image\":{\"@type\":\"ImageObject\",\"inLanguage\":\"es\",\"@id\":\"https:\/\/elcotarro.com\/#\/schema\/person\/image\/\",\"url\":\"https:\/\/secure.gravatar.com\/avatar\/def4da036efb5d32c74d49c351f6dccc064dd69ad9f3aadc295c5a9a5391ca01?s=96&d=mm&r=g\",\"contentUrl\":\"https:\/\/secure.gravatar.com\/avatar\/def4da036efb5d32c74d49c351f6dccc064dd69ad9f3aadc295c5a9a5391ca01?s=96&d=mm&r=g\",\"caption\":\"Jos\u00e9 Carlos Marrero Gonz\u00e1lez\"},\"sameAs\":[\"https:\/\/elcotarro.com\"],\"url\":\"https:\/\/elcotarro.com\/?author=2\"}]}<\/script>\n<!-- \/ Yoast SEO plugin. -->","yoast_head_json":{"title":"ADI\u00d3S A DON ROSENDO D\u00cdAZ\u2026 \u00a1GENIO Y FIGURA! - El Cotarro","robots":{"index":"index","follow":"follow","max-snippet":"max-snippet:-1","max-image-preview":"max-image-preview:large","max-video-preview":"max-video-preview:-1"},"canonical":"https:\/\/elcotarro.com\/?p=9357","og_locale":"es_ES","og_type":"article","og_title":"ADI\u00d3S A DON ROSENDO D\u00cdAZ\u2026 \u00a1GENIO Y FIGURA! - El Cotarro","og_description":"Muchas veces suelo despedir y terminar El Cotarro recordando a uno de \u201clos nuestros\u201d que se ha ido para siempre. Este domingo me permitir\u00e1n que, por el cari\u00f1o, el respeto y la admiraci\u00f3n que le ten\u00eda, comience con ello. Porque ayer despedimos a don Rosendo D\u00edaz P\u00e9rez, todo un personaje al que se le puede ... Read more","og_url":"https:\/\/elcotarro.com\/?p=9357","og_site_name":"El Cotarro","article_publisher":"https:\/\/www.facebook.com\/ElCotarro.Tenerife","article_published_time":"2021-01-17T08:00:10+00:00","author":"Jos\u00e9 Carlos Marrero Gonz\u00e1lez","twitter_misc":{"Escrito por":"Jos\u00e9 Carlos Marrero Gonz\u00e1lez","Tiempo de lectura":"1 minuto"},"schema":{"@context":"https:\/\/schema.org","@graph":[{"@type":"Article","@id":"https:\/\/elcotarro.com\/?p=9357#article","isPartOf":{"@id":"https:\/\/elcotarro.com\/?p=9357"},"author":{"name":"Jos\u00e9 Carlos Marrero Gonz\u00e1lez","@id":"https:\/\/elcotarro.com\/#\/schema\/person\/af537ee7d60d15984c7e0affcd8a918b"},"headline":"ADI\u00d3S A DON ROSENDO D\u00cdAZ\u2026 \u00a1GENIO Y FIGURA!","datePublished":"2021-01-17T08:00:10+00:00","mainEntityOfPage":{"@id":"https:\/\/elcotarro.com\/?p=9357"},"wordCount":224,"commentCount":1,"publisher":{"@id":"https:\/\/elcotarro.com\/#organization"},"inLanguage":"es","potentialAction":[{"@type":"CommentAction","name":"Comment","target":["https:\/\/elcotarro.com\/?p=9357#respond"]}]},{"@type":"WebPage","@id":"https:\/\/elcotarro.com\/?p=9357","url":"https:\/\/elcotarro.com\/?p=9357","name":"ADI\u00d3S A DON ROSENDO D\u00cdAZ\u2026 \u00a1GENIO Y FIGURA! - El Cotarro","isPartOf":{"@id":"https:\/\/elcotarro.com\/#website"},"datePublished":"2021-01-17T08:00:10+00:00","breadcrumb":{"@id":"https:\/\/elcotarro.com\/?p=9357#breadcrumb"},"inLanguage":"es","potentialAction":[{"@type":"ReadAction","target":["https:\/\/elcotarro.com\/?p=9357"]}]},{"@type":"BreadcrumbList","@id":"https:\/\/elcotarro.com\/?p=9357#breadcrumb","itemListElement":[{"@type":"ListItem","position":1,"name":"Portada","item":"https:\/\/elcotarro.com\/"},{"@type":"ListItem","position":2,"name":"ADI\u00d3S A DON ROSENDO D\u00cdAZ\u2026 \u00a1GENIO Y FIGURA!"}]},{"@type":"WebSite","@id":"https:\/\/elcotarro.com\/#website","url":"https:\/\/elcotarro.com\/","name":"El Cotarro","description":"Peri\u00f3dico Digital Independiente dirigido por Jos\u00e9 Carlos Marrero","publisher":{"@id":"https:\/\/elcotarro.com\/#organization"},"potentialAction":[{"@type":"SearchAction","target":{"@type":"EntryPoint","urlTemplate":"https:\/\/elcotarro.com\/?s={search_term_string}"},"query-input":{"@type":"PropertyValueSpecification","valueRequired":true,"valueName":"search_term_string"}}],"inLanguage":"es"},{"@type":"Organization","@id":"https:\/\/elcotarro.com\/#organization","name":"El Cotarro","url":"https:\/\/elcotarro.com\/","logo":{"@type":"ImageObject","inLanguage":"es","@id":"https:\/\/elcotarro.com\/#\/schema\/logo\/image\/","url":"https:\/\/elcotarro.com\/wp-content\/uploads\/2014\/09\/Cabecera_El_Cotarro_v2.jpg","contentUrl":"https:\/\/elcotarro.com\/wp-content\/uploads\/2014\/09\/Cabecera_El_Cotarro_v2.jpg","width":3540,"height":441,"caption":"El Cotarro"},"image":{"@id":"https:\/\/elcotarro.com\/#\/schema\/logo\/image\/"},"sameAs":["https:\/\/www.facebook.com\/ElCotarro.Tenerife"]},{"@type":"Person","@id":"https:\/\/elcotarro.com\/#\/schema\/person\/af537ee7d60d15984c7e0affcd8a918b","name":"Jos\u00e9 Carlos Marrero Gonz\u00e1lez","image":{"@type":"ImageObject","inLanguage":"es","@id":"https:\/\/elcotarro.com\/#\/schema\/person\/image\/","url":"https:\/\/secure.gravatar.com\/avatar\/def4da036efb5d32c74d49c351f6dccc064dd69ad9f3aadc295c5a9a5391ca01?s=96&d=mm&r=g","contentUrl":"https:\/\/secure.gravatar.com\/avatar\/def4da036efb5d32c74d49c351f6dccc064dd69ad9f3aadc295c5a9a5391ca01?s=96&d=mm&r=g","caption":"Jos\u00e9 Carlos Marrero Gonz\u00e1lez"},"sameAs":["https:\/\/elcotarro.com"],"url":"https:\/\/elcotarro.com\/?author=2"}]}},"jetpack_featured_media_url":"","jetpack_sharing_enabled":true,"_links":{"self":[{"href":"https:\/\/elcotarro.com\/index.php?rest_route=\/wp\/v2\/posts\/9357","targetHints":{"allow":["GET"]}}],"collection":[{"href":"https:\/\/elcotarro.com\/index.php?rest_route=\/wp\/v2\/posts"}],"about":[{"href":"https:\/\/elcotarro.com\/index.php?rest_route=\/wp\/v2\/types\/post"}],"author":[{"embeddable":true,"href":"https:\/\/elcotarro.com\/index.php?rest_route=\/wp\/v2\/users\/2"}],"replies":[{"embeddable":true,"href":"https:\/\/elcotarro.com\/index.php?rest_route=%2Fwp%2Fv2%2Fcomments&post=9357"}],"version-history":[{"count":1,"href":"https:\/\/elcotarro.com\/index.php?rest_route=\/wp\/v2\/posts\/9357\/revisions"}],"predecessor-version":[{"id":9359,"href":"https:\/\/elcotarro.com\/index.php?rest_route=\/wp\/v2\/posts\/9357\/revisions\/9359"}],"wp:attachment":[{"href":"https:\/\/elcotarro.com\/index.php?rest_route=%2Fwp%2Fv2%2Fmedia&parent=9357"}],"wp:term":[{"taxonomy":"category","embeddable":true,"href":"https:\/\/elcotarro.com\/index.php?rest_route=%2Fwp%2Fv2%2Fcategories&post=9357"},{"taxonomy":"post_tag","embeddable":true,"href":"https:\/\/elcotarro.com\/index.php?rest_route=%2Fwp%2Fv2%2Ftags&post=9357"}],"curies":[{"name":"wp","href":"https:\/\/api.w.org\/{rel}","templated":true}]}}