{"id":9363,"date":"2021-01-17T07:58:48","date_gmt":"2021-01-17T07:58:48","guid":{"rendered":"https:\/\/elcotarro.com\/?p=9363"},"modified":"2021-01-16T19:30:25","modified_gmt":"2021-01-16T19:30:25","slug":"fue-el-alma-pater-del-hospitalito-de-ninos","status":"publish","type":"post","link":"https:\/\/elcotarro.com\/?p=9363","title":{"rendered":"FUE EL \u201cALMA P\u00c1TER\u201d DEL \u201cHOSPITALITO DE NI\u00d1OS\u201d"},"content":{"rendered":"<p>Como digo, a\u00f1os despu\u00e9s, cuando el <strong> Guigou<\/strong> cre\u00f3 la Asociaci\u00f3n Caritativa de la Infancia, impulsora del \u201cHospitalito de Ni\u00f1os\u201d, <strong>Rosendo D\u00edaz<\/strong> pas\u00f3 a ocuparse de la gerencia de la Fundaci\u00f3n <strong>Guigou<\/strong>, siempre con el objetivo de mantener el esp\u00edritu fundacional de la misma, que no fue otro que aunar esfuerzos para la atenci\u00f3n m\u00e9dica adecuada a los ni\u00f1os enfermos (muchos de ellos sin recursos econ\u00f3micos) con un trato humano acertado. Ellos desde el Hospitalito de Ni\u00f1os fueron pioneros, por ejemplo, en aconsejar que el ni\u00f1o enfermo estuviera acompa\u00f1ado por su madre el mayor tiempo posible durante su enfermedad, siguiendo la teor\u00eda del <strong>Dr. Guigou<\/strong> al respecto expresada en el sentido de que\u00a0no quer\u00eda que \u201cninguna flor fuese separada de su tallo\u201d. Otro de los logros de <strong>Rosendo D\u00edaz<\/strong> en el Hospitalito de Ni\u00f1os fue\u00a0propiciar,\u00a0en el caso de estancias largas, que el ni\u00f1o enfermo pudiera seguir estudiando durante el mismo, para evitar su retraso escolar al posibilitar la asistencia de docentes vinculados a centros p\u00fablicos.<\/p>\n<p style=\"text-align: center\"><a href=\"https:\/\/elcotarro.com\/wp-content\/uploads\/2021\/01\/FOTO-3.-HOSPITALITO.jpg\"><img loading=\"lazy\" decoding=\"async\" class=\"aligncenter size-full wp-image-9364\" src=\"https:\/\/elcotarro.com\/wp-content\/uploads\/2021\/01\/FOTO-3.-HOSPITALITO.jpg\" alt=\"\" width=\"1072\" height=\"1598\" srcset=\"https:\/\/elcotarro.com\/wp-content\/uploads\/2021\/01\/FOTO-3.-HOSPITALITO.jpg 1072w, https:\/\/elcotarro.com\/wp-content\/uploads\/2021\/01\/FOTO-3.-HOSPITALITO-201x300.jpg 201w, https:\/\/elcotarro.com\/wp-content\/uploads\/2021\/01\/FOTO-3.-HOSPITALITO-687x1024.jpg 687w, https:\/\/elcotarro.com\/wp-content\/uploads\/2021\/01\/FOTO-3.-HOSPITALITO-768x1145.jpg 768w, https:\/\/elcotarro.com\/wp-content\/uploads\/2021\/01\/FOTO-3.-HOSPITALITO-1030x1536.jpg 1030w\" sizes=\"auto, (max-width: 1072px) 100vw, 1072px\" \/><\/a><\/p>\n<p style=\"text-align: center\"><em>Fachada del Hospitalito en 1981, cuando estaba cumpliendo 80 a\u00f1os de servicio<\/em><\/p>\n","protected":false},"excerpt":{"rendered":"<p>Como digo, a\u00f1os despu\u00e9s, cuando el Guigou cre\u00f3 la Asociaci\u00f3n Caritativa de la Infancia, impulsora del \u201cHospitalito de Ni\u00f1os\u201d, Rosendo D\u00edaz pas\u00f3 a ocuparse de la gerencia de la Fundaci\u00f3n Guigou, siempre con el objetivo de mantener el esp\u00edritu fundacional de la misma, que no fue otro que aunar esfuerzos para la atenci\u00f3n m\u00e9dica adecuada &#8230; <a class=\"read-more\" href=\"https:\/\/elcotarro.com\/?p=9363\">Read more<\/a><\/p>\n","protected":false},"author":2,"featured_media":0,"comment_status":"open","ping_status":"open","sticky":false,"template":"","format":"standard","meta":{"_jetpack_memberships_contains_paid_content":false,"footnotes":""},"categories":[1],"tags":[],"class_list":["post-9363","post","type-post","status-publish","format-standard","hentry","category-sin-categoria"],"yoast_head":"<!-- This site is optimized with the Yoast SEO plugin v27.0 - https:\/\/yoast.com\/product\/yoast-seo-wordpress\/ -->\n<title>FUE EL \u201cALMA P\u00c1TER\u201d DEL \u201cHOSPITALITO DE NI\u00d1OS\u201d - El Cotarro<\/title>\n<meta name=\"robots\" content=\"index, follow, max-snippet:-1, max-image-preview:large, max-video-preview:-1\" \/>\n<link rel=\"canonical\" href=\"https:\/\/elcotarro.com\/?p=9363\" \/>\n<meta property=\"og:locale\" content=\"es_ES\" \/>\n<meta property=\"og:type\" content=\"article\" \/>\n<meta property=\"og:title\" content=\"FUE EL \u201cALMA P\u00c1TER\u201d DEL \u201cHOSPITALITO DE NI\u00d1OS\u201d - El Cotarro\" \/>\n<meta property=\"og:description\" content=\"Como digo, a\u00f1os despu\u00e9s, cuando el Guigou cre\u00f3 la Asociaci\u00f3n Caritativa de la Infancia, impulsora del \u201cHospitalito de Ni\u00f1os\u201d, Rosendo D\u00edaz pas\u00f3 a ocuparse de la gerencia de la Fundaci\u00f3n Guigou, siempre con el objetivo de mantener el esp\u00edritu fundacional de la misma, que no fue otro que aunar esfuerzos para la atenci\u00f3n m\u00e9dica adecuada ... Read more\" \/>\n<meta property=\"og:url\" content=\"https:\/\/elcotarro.com\/?p=9363\" \/>\n<meta property=\"og:site_name\" content=\"El Cotarro\" \/>\n<meta property=\"article:publisher\" content=\"https:\/\/www.facebook.com\/ElCotarro.Tenerife\" \/>\n<meta property=\"article:published_time\" content=\"2021-01-17T07:58:48+00:00\" \/>\n<meta property=\"og:image\" content=\"https:\/\/elcotarro.com\/wp-content\/uploads\/2021\/01\/FOTO-3.-HOSPITALITO.jpg\" \/>\n<meta name=\"author\" content=\"Jos\u00e9 Carlos Marrero Gonz\u00e1lez\" \/>\n<meta name=\"twitter:label1\" content=\"Escrito por\" \/>\n\t<meta name=\"twitter:data1\" content=\"Jos\u00e9 Carlos Marrero Gonz\u00e1lez\" \/>\n\t<meta name=\"twitter:label2\" content=\"Tiempo de lectura\" \/>\n\t<meta name=\"twitter:data2\" content=\"1 minuto\" \/>\n<script type=\"application\/ld+json\" class=\"yoast-schema-graph\">{\"@context\":\"https:\/\/schema.org\",\"@graph\":[{\"@type\":\"Article\",\"@id\":\"https:\/\/elcotarro.com\/?p=9363#article\",\"isPartOf\":{\"@id\":\"https:\/\/elcotarro.com\/?p=9363\"},\"author\":{\"name\":\"Jos\u00e9 Carlos Marrero Gonz\u00e1lez\",\"@id\":\"https:\/\/elcotarro.com\/#\/schema\/person\/af537ee7d60d15984c7e0affcd8a918b\"},\"headline\":\"FUE EL \u201cALMA P\u00c1TER\u201d DEL \u201cHOSPITALITO DE NI\u00d1OS\u201d\",\"datePublished\":\"2021-01-17T07:58:48+00:00\",\"mainEntityOfPage\":{\"@id\":\"https:\/\/elcotarro.com\/?p=9363\"},\"wordCount\":208,\"commentCount\":0,\"publisher\":{\"@id\":\"https:\/\/elcotarro.com\/#organization\"},\"image\":{\"@id\":\"https:\/\/elcotarro.com\/?p=9363#primaryimage\"},\"thumbnailUrl\":\"https:\/\/elcotarro.com\/wp-content\/uploads\/2021\/01\/FOTO-3.-HOSPITALITO.jpg\",\"inLanguage\":\"es\",\"potentialAction\":[{\"@type\":\"CommentAction\",\"name\":\"Comment\",\"target\":[\"https:\/\/elcotarro.com\/?p=9363#respond\"]}]},{\"@type\":\"WebPage\",\"@id\":\"https:\/\/elcotarro.com\/?p=9363\",\"url\":\"https:\/\/elcotarro.com\/?p=9363\",\"name\":\"FUE EL \u201cALMA P\u00c1TER\u201d DEL \u201cHOSPITALITO DE NI\u00d1OS\u201d - El Cotarro\",\"isPartOf\":{\"@id\":\"https:\/\/elcotarro.com\/#website\"},\"primaryImageOfPage\":{\"@id\":\"https:\/\/elcotarro.com\/?p=9363#primaryimage\"},\"image\":{\"@id\":\"https:\/\/elcotarro.com\/?p=9363#primaryimage\"},\"thumbnailUrl\":\"https:\/\/elcotarro.com\/wp-content\/uploads\/2021\/01\/FOTO-3.-HOSPITALITO.jpg\",\"datePublished\":\"2021-01-17T07:58:48+00:00\",\"breadcrumb\":{\"@id\":\"https:\/\/elcotarro.com\/?p=9363#breadcrumb\"},\"inLanguage\":\"es\",\"potentialAction\":[{\"@type\":\"ReadAction\",\"target\":[\"https:\/\/elcotarro.com\/?p=9363\"]}]},{\"@type\":\"ImageObject\",\"inLanguage\":\"es\",\"@id\":\"https:\/\/elcotarro.com\/?p=9363#primaryimage\",\"url\":\"https:\/\/elcotarro.com\/wp-content\/uploads\/2021\/01\/FOTO-3.-HOSPITALITO.jpg\",\"contentUrl\":\"https:\/\/elcotarro.com\/wp-content\/uploads\/2021\/01\/FOTO-3.-HOSPITALITO.jpg\",\"width\":1072,\"height\":1598},{\"@type\":\"BreadcrumbList\",\"@id\":\"https:\/\/elcotarro.com\/?p=9363#breadcrumb\",\"itemListElement\":[{\"@type\":\"ListItem\",\"position\":1,\"name\":\"Portada\",\"item\":\"https:\/\/elcotarro.com\/\"},{\"@type\":\"ListItem\",\"position\":2,\"name\":\"FUE EL \u201cALMA P\u00c1TER\u201d DEL \u201cHOSPITALITO DE NI\u00d1OS\u201d\"}]},{\"@type\":\"WebSite\",\"@id\":\"https:\/\/elcotarro.com\/#website\",\"url\":\"https:\/\/elcotarro.com\/\",\"name\":\"El Cotarro\",\"description\":\"Peri\u00f3dico Digital Independiente dirigido por Jos\u00e9 Carlos Marrero\",\"publisher\":{\"@id\":\"https:\/\/elcotarro.com\/#organization\"},\"potentialAction\":[{\"@type\":\"SearchAction\",\"target\":{\"@type\":\"EntryPoint\",\"urlTemplate\":\"https:\/\/elcotarro.com\/?s={search_term_string}\"},\"query-input\":{\"@type\":\"PropertyValueSpecification\",\"valueRequired\":true,\"valueName\":\"search_term_string\"}}],\"inLanguage\":\"es\"},{\"@type\":\"Organization\",\"@id\":\"https:\/\/elcotarro.com\/#organization\",\"name\":\"El Cotarro\",\"url\":\"https:\/\/elcotarro.com\/\",\"logo\":{\"@type\":\"ImageObject\",\"inLanguage\":\"es\",\"@id\":\"https:\/\/elcotarro.com\/#\/schema\/logo\/image\/\",\"url\":\"https:\/\/elcotarro.com\/wp-content\/uploads\/2014\/09\/Cabecera_El_Cotarro_v2.jpg\",\"contentUrl\":\"https:\/\/elcotarro.com\/wp-content\/uploads\/2014\/09\/Cabecera_El_Cotarro_v2.jpg\",\"width\":3540,\"height\":441,\"caption\":\"El Cotarro\"},\"image\":{\"@id\":\"https:\/\/elcotarro.com\/#\/schema\/logo\/image\/\"},\"sameAs\":[\"https:\/\/www.facebook.com\/ElCotarro.Tenerife\"]},{\"@type\":\"Person\",\"@id\":\"https:\/\/elcotarro.com\/#\/schema\/person\/af537ee7d60d15984c7e0affcd8a918b\",\"name\":\"Jos\u00e9 Carlos Marrero Gonz\u00e1lez\",\"image\":{\"@type\":\"ImageObject\",\"inLanguage\":\"es\",\"@id\":\"https:\/\/elcotarro.com\/#\/schema\/person\/image\/\",\"url\":\"https:\/\/secure.gravatar.com\/avatar\/def4da036efb5d32c74d49c351f6dccc064dd69ad9f3aadc295c5a9a5391ca01?s=96&d=mm&r=g\",\"contentUrl\":\"https:\/\/secure.gravatar.com\/avatar\/def4da036efb5d32c74d49c351f6dccc064dd69ad9f3aadc295c5a9a5391ca01?s=96&d=mm&r=g\",\"caption\":\"Jos\u00e9 Carlos Marrero Gonz\u00e1lez\"},\"sameAs\":[\"https:\/\/elcotarro.com\"],\"url\":\"https:\/\/elcotarro.com\/?author=2\"}]}<\/script>\n<!-- \/ Yoast SEO plugin. -->","yoast_head_json":{"title":"FUE EL \u201cALMA P\u00c1TER\u201d DEL \u201cHOSPITALITO DE NI\u00d1OS\u201d - El Cotarro","robots":{"index":"index","follow":"follow","max-snippet":"max-snippet:-1","max-image-preview":"max-image-preview:large","max-video-preview":"max-video-preview:-1"},"canonical":"https:\/\/elcotarro.com\/?p=9363","og_locale":"es_ES","og_type":"article","og_title":"FUE EL \u201cALMA P\u00c1TER\u201d DEL \u201cHOSPITALITO DE NI\u00d1OS\u201d - El Cotarro","og_description":"Como digo, a\u00f1os despu\u00e9s, cuando el Guigou cre\u00f3 la Asociaci\u00f3n Caritativa de la Infancia, impulsora del \u201cHospitalito de Ni\u00f1os\u201d, Rosendo D\u00edaz pas\u00f3 a ocuparse de la gerencia de la Fundaci\u00f3n Guigou, siempre con el objetivo de mantener el esp\u00edritu fundacional de la misma, que no fue otro que aunar esfuerzos para la atenci\u00f3n m\u00e9dica adecuada ... Read more","og_url":"https:\/\/elcotarro.com\/?p=9363","og_site_name":"El Cotarro","article_publisher":"https:\/\/www.facebook.com\/ElCotarro.Tenerife","article_published_time":"2021-01-17T07:58:48+00:00","og_image":[{"url":"https:\/\/elcotarro.com\/wp-content\/uploads\/2021\/01\/FOTO-3.-HOSPITALITO.jpg","type":"","width":"","height":""}],"author":"Jos\u00e9 Carlos Marrero Gonz\u00e1lez","twitter_misc":{"Escrito por":"Jos\u00e9 Carlos Marrero Gonz\u00e1lez","Tiempo de lectura":"1 minuto"},"schema":{"@context":"https:\/\/schema.org","@graph":[{"@type":"Article","@id":"https:\/\/elcotarro.com\/?p=9363#article","isPartOf":{"@id":"https:\/\/elcotarro.com\/?p=9363"},"author":{"name":"Jos\u00e9 Carlos Marrero Gonz\u00e1lez","@id":"https:\/\/elcotarro.com\/#\/schema\/person\/af537ee7d60d15984c7e0affcd8a918b"},"headline":"FUE EL \u201cALMA P\u00c1TER\u201d DEL \u201cHOSPITALITO DE NI\u00d1OS\u201d","datePublished":"2021-01-17T07:58:48+00:00","mainEntityOfPage":{"@id":"https:\/\/elcotarro.com\/?p=9363"},"wordCount":208,"commentCount":0,"publisher":{"@id":"https:\/\/elcotarro.com\/#organization"},"image":{"@id":"https:\/\/elcotarro.com\/?p=9363#primaryimage"},"thumbnailUrl":"https:\/\/elcotarro.com\/wp-content\/uploads\/2021\/01\/FOTO-3.-HOSPITALITO.jpg","inLanguage":"es","potentialAction":[{"@type":"CommentAction","name":"Comment","target":["https:\/\/elcotarro.com\/?p=9363#respond"]}]},{"@type":"WebPage","@id":"https:\/\/elcotarro.com\/?p=9363","url":"https:\/\/elcotarro.com\/?p=9363","name":"FUE EL \u201cALMA P\u00c1TER\u201d DEL \u201cHOSPITALITO DE NI\u00d1OS\u201d - El Cotarro","isPartOf":{"@id":"https:\/\/elcotarro.com\/#website"},"primaryImageOfPage":{"@id":"https:\/\/elcotarro.com\/?p=9363#primaryimage"},"image":{"@id":"https:\/\/elcotarro.com\/?p=9363#primaryimage"},"thumbnailUrl":"https:\/\/elcotarro.com\/wp-content\/uploads\/2021\/01\/FOTO-3.-HOSPITALITO.jpg","datePublished":"2021-01-17T07:58:48+00:00","breadcrumb":{"@id":"https:\/\/elcotarro.com\/?p=9363#breadcrumb"},"inLanguage":"es","potentialAction":[{"@type":"ReadAction","target":["https:\/\/elcotarro.com\/?p=9363"]}]},{"@type":"ImageObject","inLanguage":"es","@id":"https:\/\/elcotarro.com\/?p=9363#primaryimage","url":"https:\/\/elcotarro.com\/wp-content\/uploads\/2021\/01\/FOTO-3.-HOSPITALITO.jpg","contentUrl":"https:\/\/elcotarro.com\/wp-content\/uploads\/2021\/01\/FOTO-3.-HOSPITALITO.jpg","width":1072,"height":1598},{"@type":"BreadcrumbList","@id":"https:\/\/elcotarro.com\/?p=9363#breadcrumb","itemListElement":[{"@type":"ListItem","position":1,"name":"Portada","item":"https:\/\/elcotarro.com\/"},{"@type":"ListItem","position":2,"name":"FUE EL \u201cALMA P\u00c1TER\u201d DEL \u201cHOSPITALITO DE NI\u00d1OS\u201d"}]},{"@type":"WebSite","@id":"https:\/\/elcotarro.com\/#website","url":"https:\/\/elcotarro.com\/","name":"El Cotarro","description":"Peri\u00f3dico Digital Independiente dirigido por Jos\u00e9 Carlos Marrero","publisher":{"@id":"https:\/\/elcotarro.com\/#organization"},"potentialAction":[{"@type":"SearchAction","target":{"@type":"EntryPoint","urlTemplate":"https:\/\/elcotarro.com\/?s={search_term_string}"},"query-input":{"@type":"PropertyValueSpecification","valueRequired":true,"valueName":"search_term_string"}}],"inLanguage":"es"},{"@type":"Organization","@id":"https:\/\/elcotarro.com\/#organization","name":"El Cotarro","url":"https:\/\/elcotarro.com\/","logo":{"@type":"ImageObject","inLanguage":"es","@id":"https:\/\/elcotarro.com\/#\/schema\/logo\/image\/","url":"https:\/\/elcotarro.com\/wp-content\/uploads\/2014\/09\/Cabecera_El_Cotarro_v2.jpg","contentUrl":"https:\/\/elcotarro.com\/wp-content\/uploads\/2014\/09\/Cabecera_El_Cotarro_v2.jpg","width":3540,"height":441,"caption":"El Cotarro"},"image":{"@id":"https:\/\/elcotarro.com\/#\/schema\/logo\/image\/"},"sameAs":["https:\/\/www.facebook.com\/ElCotarro.Tenerife"]},{"@type":"Person","@id":"https:\/\/elcotarro.com\/#\/schema\/person\/af537ee7d60d15984c7e0affcd8a918b","name":"Jos\u00e9 Carlos Marrero Gonz\u00e1lez","image":{"@type":"ImageObject","inLanguage":"es","@id":"https:\/\/elcotarro.com\/#\/schema\/person\/image\/","url":"https:\/\/secure.gravatar.com\/avatar\/def4da036efb5d32c74d49c351f6dccc064dd69ad9f3aadc295c5a9a5391ca01?s=96&d=mm&r=g","contentUrl":"https:\/\/secure.gravatar.com\/avatar\/def4da036efb5d32c74d49c351f6dccc064dd69ad9f3aadc295c5a9a5391ca01?s=96&d=mm&r=g","caption":"Jos\u00e9 Carlos Marrero Gonz\u00e1lez"},"sameAs":["https:\/\/elcotarro.com"],"url":"https:\/\/elcotarro.com\/?author=2"}]}},"jetpack_featured_media_url":"","jetpack_sharing_enabled":true,"_links":{"self":[{"href":"https:\/\/elcotarro.com\/index.php?rest_route=\/wp\/v2\/posts\/9363","targetHints":{"allow":["GET"]}}],"collection":[{"href":"https:\/\/elcotarro.com\/index.php?rest_route=\/wp\/v2\/posts"}],"about":[{"href":"https:\/\/elcotarro.com\/index.php?rest_route=\/wp\/v2\/types\/post"}],"author":[{"embeddable":true,"href":"https:\/\/elcotarro.com\/index.php?rest_route=\/wp\/v2\/users\/2"}],"replies":[{"embeddable":true,"href":"https:\/\/elcotarro.com\/index.php?rest_route=%2Fwp%2Fv2%2Fcomments&post=9363"}],"version-history":[{"count":1,"href":"https:\/\/elcotarro.com\/index.php?rest_route=\/wp\/v2\/posts\/9363\/revisions"}],"predecessor-version":[{"id":9365,"href":"https:\/\/elcotarro.com\/index.php?rest_route=\/wp\/v2\/posts\/9363\/revisions\/9365"}],"wp:attachment":[{"href":"https:\/\/elcotarro.com\/index.php?rest_route=%2Fwp%2Fv2%2Fmedia&parent=9363"}],"wp:term":[{"taxonomy":"category","embeddable":true,"href":"https:\/\/elcotarro.com\/index.php?rest_route=%2Fwp%2Fv2%2Fcategories&post=9363"},{"taxonomy":"post_tag","embeddable":true,"href":"https:\/\/elcotarro.com\/index.php?rest_route=%2Fwp%2Fv2%2Ftags&post=9363"}],"curies":[{"name":"wp","href":"https:\/\/api.w.org\/{rel}","templated":true}]}}