{"id":9369,"date":"2021-01-17T07:56:24","date_gmt":"2021-01-17T07:56:24","guid":{"rendered":"https:\/\/elcotarro.com\/?p=9369"},"modified":"2021-01-16T19:35:55","modified_gmt":"2021-01-16T19:35:55","slug":"3-de-los-nuestros-triunfan-en-la-television","status":"publish","type":"post","link":"https:\/\/elcotarro.com\/?p=9369","title":{"rendered":"3 DE \u201cLOS NUESTROS\u201d TRIUNFAN EN LA TELEVISI\u00d3N"},"content":{"rendered":"<p>Ya saben que siempre me empe\u00f1o en apostar por \u201clo nuestro\u201d y reconocer y valorar p\u00fablicamente los \u00e9xitos de \u201clos nuestros\u201d. Hoy se da la circunstancia de que tres puntales del periodismo canario, los tres con el mismo primer apellido, dos hermanos y un hijo\/sobrino est\u00e1n triunfando en el dif\u00edcil y complicado mundo de los medios de comunicaci\u00f3n y, m\u00e1s concretamente, en el competitivo, trepidante y estresante mundo de la televisi\u00f3n. Me refiero a los hermanos <strong>Jos\u00e9<\/strong> y <strong>Francisco<\/strong> <strong>Moreno Garc\u00eda<\/strong>, y al joven <strong>Jorge Moreno P\u00e9rez<\/strong>, hijo de <strong>Pepe<\/strong> y, por tanto, sobrino de <strong>Paco<\/strong>. En medio de la pandemia, este comienzo de este 2021 est\u00e1 siendo un a\u00f1o positivo, que ojal\u00e1 se remate con total \u00e9xito para los tres. <strong>Paco Moreno<\/strong> es el actual administrador \u00fanico del ente p\u00fablico Radio Televisi\u00f3n Canaria; <strong>Pepe Moreno<\/strong> es el puntal del programa \u201cBuenas tardes, Canarias\u201d, tambi\u00e9n de nuestra televisi\u00f3n auton\u00f3mica, y <strong>Jorge Moreno<\/strong>, triunfa a nivel nacional en el programa <em>Socialit\u00e9<\/em>, que se emite en Tele 5 (Grupo Mediaset)<\/p>\n<p><a href=\"https:\/\/elcotarro.com\/wp-content\/uploads\/2021\/01\/FOTO-5.-PEPE-copia.jpg\"><img loading=\"lazy\" decoding=\"async\" class=\"aligncenter size-full wp-image-9370\" src=\"https:\/\/elcotarro.com\/wp-content\/uploads\/2021\/01\/FOTO-5.-PEPE-copia.jpg\" alt=\"\" width=\"554\" height=\"180\" srcset=\"https:\/\/elcotarro.com\/wp-content\/uploads\/2021\/01\/FOTO-5.-PEPE-copia.jpg 554w, https:\/\/elcotarro.com\/wp-content\/uploads\/2021\/01\/FOTO-5.-PEPE-copia-300x97.jpg 300w\" sizes=\"auto, (max-width: 554px) 100vw, 554px\" \/><\/a><\/p>\n<p style=\"text-align: center\"><em>Pepe Moreno, Paco Moreno y Jorge Moreno<\/em><\/p>\n","protected":false},"excerpt":{"rendered":"<p>Ya saben que siempre me empe\u00f1o en apostar por \u201clo nuestro\u201d y reconocer y valorar p\u00fablicamente los \u00e9xitos de \u201clos nuestros\u201d. Hoy se da la circunstancia de que tres puntales del periodismo canario, los tres con el mismo primer apellido, dos hermanos y un hijo\/sobrino est\u00e1n triunfando en el dif\u00edcil y complicado mundo de los &#8230; <a class=\"read-more\" href=\"https:\/\/elcotarro.com\/?p=9369\">Read more<\/a><\/p>\n","protected":false},"author":2,"featured_media":0,"comment_status":"open","ping_status":"open","sticky":false,"template":"","format":"standard","meta":{"_jetpack_memberships_contains_paid_content":false,"footnotes":""},"categories":[1],"tags":[],"class_list":["post-9369","post","type-post","status-publish","format-standard","hentry","category-sin-categoria"],"yoast_head":"<!-- This site is optimized with the Yoast SEO plugin v27.0 - https:\/\/yoast.com\/product\/yoast-seo-wordpress\/ -->\n<title>3 DE \u201cLOS NUESTROS\u201d TRIUNFAN EN LA TELEVISI\u00d3N - El Cotarro<\/title>\n<meta name=\"robots\" content=\"index, follow, max-snippet:-1, max-image-preview:large, max-video-preview:-1\" \/>\n<link rel=\"canonical\" href=\"https:\/\/elcotarro.com\/?p=9369\" \/>\n<meta property=\"og:locale\" content=\"es_ES\" \/>\n<meta property=\"og:type\" content=\"article\" \/>\n<meta property=\"og:title\" content=\"3 DE \u201cLOS NUESTROS\u201d TRIUNFAN EN LA TELEVISI\u00d3N - El Cotarro\" \/>\n<meta property=\"og:description\" content=\"Ya saben que siempre me empe\u00f1o en apostar por \u201clo nuestro\u201d y reconocer y valorar p\u00fablicamente los \u00e9xitos de \u201clos nuestros\u201d. Hoy se da la circunstancia de que tres puntales del periodismo canario, los tres con el mismo primer apellido, dos hermanos y un hijo\/sobrino est\u00e1n triunfando en el dif\u00edcil y complicado mundo de los ... Read more\" \/>\n<meta property=\"og:url\" content=\"https:\/\/elcotarro.com\/?p=9369\" \/>\n<meta property=\"og:site_name\" content=\"El Cotarro\" \/>\n<meta property=\"article:publisher\" content=\"https:\/\/www.facebook.com\/ElCotarro.Tenerife\" \/>\n<meta property=\"article:published_time\" content=\"2021-01-17T07:56:24+00:00\" \/>\n<meta property=\"og:image\" content=\"https:\/\/elcotarro.com\/wp-content\/uploads\/2021\/01\/FOTO-5.-PEPE-copia.jpg\" \/>\n<meta name=\"author\" content=\"Jos\u00e9 Carlos Marrero Gonz\u00e1lez\" \/>\n<meta name=\"twitter:label1\" content=\"Escrito por\" \/>\n\t<meta name=\"twitter:data1\" content=\"Jos\u00e9 Carlos Marrero Gonz\u00e1lez\" \/>\n\t<meta name=\"twitter:label2\" content=\"Tiempo de lectura\" \/>\n\t<meta name=\"twitter:data2\" content=\"1 minuto\" \/>\n<script type=\"application\/ld+json\" class=\"yoast-schema-graph\">{\"@context\":\"https:\/\/schema.org\",\"@graph\":[{\"@type\":\"Article\",\"@id\":\"https:\/\/elcotarro.com\/?p=9369#article\",\"isPartOf\":{\"@id\":\"https:\/\/elcotarro.com\/?p=9369\"},\"author\":{\"name\":\"Jos\u00e9 Carlos Marrero Gonz\u00e1lez\",\"@id\":\"https:\/\/elcotarro.com\/#\/schema\/person\/af537ee7d60d15984c7e0affcd8a918b\"},\"headline\":\"3 DE \u201cLOS NUESTROS\u201d TRIUNFAN EN LA TELEVISI\u00d3N\",\"datePublished\":\"2021-01-17T07:56:24+00:00\",\"mainEntityOfPage\":{\"@id\":\"https:\/\/elcotarro.com\/?p=9369\"},\"wordCount\":197,\"commentCount\":0,\"publisher\":{\"@id\":\"https:\/\/elcotarro.com\/#organization\"},\"image\":{\"@id\":\"https:\/\/elcotarro.com\/?p=9369#primaryimage\"},\"thumbnailUrl\":\"https:\/\/elcotarro.com\/wp-content\/uploads\/2021\/01\/FOTO-5.-PEPE-copia.jpg\",\"inLanguage\":\"es\",\"potentialAction\":[{\"@type\":\"CommentAction\",\"name\":\"Comment\",\"target\":[\"https:\/\/elcotarro.com\/?p=9369#respond\"]}]},{\"@type\":\"WebPage\",\"@id\":\"https:\/\/elcotarro.com\/?p=9369\",\"url\":\"https:\/\/elcotarro.com\/?p=9369\",\"name\":\"3 DE \u201cLOS NUESTROS\u201d TRIUNFAN EN LA TELEVISI\u00d3N - El Cotarro\",\"isPartOf\":{\"@id\":\"https:\/\/elcotarro.com\/#website\"},\"primaryImageOfPage\":{\"@id\":\"https:\/\/elcotarro.com\/?p=9369#primaryimage\"},\"image\":{\"@id\":\"https:\/\/elcotarro.com\/?p=9369#primaryimage\"},\"thumbnailUrl\":\"https:\/\/elcotarro.com\/wp-content\/uploads\/2021\/01\/FOTO-5.-PEPE-copia.jpg\",\"datePublished\":\"2021-01-17T07:56:24+00:00\",\"breadcrumb\":{\"@id\":\"https:\/\/elcotarro.com\/?p=9369#breadcrumb\"},\"inLanguage\":\"es\",\"potentialAction\":[{\"@type\":\"ReadAction\",\"target\":[\"https:\/\/elcotarro.com\/?p=9369\"]}]},{\"@type\":\"ImageObject\",\"inLanguage\":\"es\",\"@id\":\"https:\/\/elcotarro.com\/?p=9369#primaryimage\",\"url\":\"https:\/\/elcotarro.com\/wp-content\/uploads\/2021\/01\/FOTO-5.-PEPE-copia.jpg\",\"contentUrl\":\"https:\/\/elcotarro.com\/wp-content\/uploads\/2021\/01\/FOTO-5.-PEPE-copia.jpg\",\"width\":554,\"height\":180},{\"@type\":\"BreadcrumbList\",\"@id\":\"https:\/\/elcotarro.com\/?p=9369#breadcrumb\",\"itemListElement\":[{\"@type\":\"ListItem\",\"position\":1,\"name\":\"Portada\",\"item\":\"https:\/\/elcotarro.com\/\"},{\"@type\":\"ListItem\",\"position\":2,\"name\":\"3 DE \u201cLOS NUESTROS\u201d TRIUNFAN EN LA TELEVISI\u00d3N\"}]},{\"@type\":\"WebSite\",\"@id\":\"https:\/\/elcotarro.com\/#website\",\"url\":\"https:\/\/elcotarro.com\/\",\"name\":\"El Cotarro\",\"description\":\"Peri\u00f3dico Digital Independiente dirigido por Jos\u00e9 Carlos Marrero\",\"publisher\":{\"@id\":\"https:\/\/elcotarro.com\/#organization\"},\"potentialAction\":[{\"@type\":\"SearchAction\",\"target\":{\"@type\":\"EntryPoint\",\"urlTemplate\":\"https:\/\/elcotarro.com\/?s={search_term_string}\"},\"query-input\":{\"@type\":\"PropertyValueSpecification\",\"valueRequired\":true,\"valueName\":\"search_term_string\"}}],\"inLanguage\":\"es\"},{\"@type\":\"Organization\",\"@id\":\"https:\/\/elcotarro.com\/#organization\",\"name\":\"El Cotarro\",\"url\":\"https:\/\/elcotarro.com\/\",\"logo\":{\"@type\":\"ImageObject\",\"inLanguage\":\"es\",\"@id\":\"https:\/\/elcotarro.com\/#\/schema\/logo\/image\/\",\"url\":\"https:\/\/elcotarro.com\/wp-content\/uploads\/2014\/09\/Cabecera_El_Cotarro_v2.jpg\",\"contentUrl\":\"https:\/\/elcotarro.com\/wp-content\/uploads\/2014\/09\/Cabecera_El_Cotarro_v2.jpg\",\"width\":3540,\"height\":441,\"caption\":\"El Cotarro\"},\"image\":{\"@id\":\"https:\/\/elcotarro.com\/#\/schema\/logo\/image\/\"},\"sameAs\":[\"https:\/\/www.facebook.com\/ElCotarro.Tenerife\"]},{\"@type\":\"Person\",\"@id\":\"https:\/\/elcotarro.com\/#\/schema\/person\/af537ee7d60d15984c7e0affcd8a918b\",\"name\":\"Jos\u00e9 Carlos Marrero Gonz\u00e1lez\",\"image\":{\"@type\":\"ImageObject\",\"inLanguage\":\"es\",\"@id\":\"https:\/\/elcotarro.com\/#\/schema\/person\/image\/\",\"url\":\"https:\/\/secure.gravatar.com\/avatar\/def4da036efb5d32c74d49c351f6dccc064dd69ad9f3aadc295c5a9a5391ca01?s=96&d=mm&r=g\",\"contentUrl\":\"https:\/\/secure.gravatar.com\/avatar\/def4da036efb5d32c74d49c351f6dccc064dd69ad9f3aadc295c5a9a5391ca01?s=96&d=mm&r=g\",\"caption\":\"Jos\u00e9 Carlos Marrero Gonz\u00e1lez\"},\"sameAs\":[\"https:\/\/elcotarro.com\"],\"url\":\"https:\/\/elcotarro.com\/?author=2\"}]}<\/script>\n<!-- \/ Yoast SEO plugin. -->","yoast_head_json":{"title":"3 DE \u201cLOS NUESTROS\u201d TRIUNFAN EN LA TELEVISI\u00d3N - El Cotarro","robots":{"index":"index","follow":"follow","max-snippet":"max-snippet:-1","max-image-preview":"max-image-preview:large","max-video-preview":"max-video-preview:-1"},"canonical":"https:\/\/elcotarro.com\/?p=9369","og_locale":"es_ES","og_type":"article","og_title":"3 DE \u201cLOS NUESTROS\u201d TRIUNFAN EN LA TELEVISI\u00d3N - El Cotarro","og_description":"Ya saben que siempre me empe\u00f1o en apostar por \u201clo nuestro\u201d y reconocer y valorar p\u00fablicamente los \u00e9xitos de \u201clos nuestros\u201d. Hoy se da la circunstancia de que tres puntales del periodismo canario, los tres con el mismo primer apellido, dos hermanos y un hijo\/sobrino est\u00e1n triunfando en el dif\u00edcil y complicado mundo de los ... Read more","og_url":"https:\/\/elcotarro.com\/?p=9369","og_site_name":"El Cotarro","article_publisher":"https:\/\/www.facebook.com\/ElCotarro.Tenerife","article_published_time":"2021-01-17T07:56:24+00:00","og_image":[{"url":"https:\/\/elcotarro.com\/wp-content\/uploads\/2021\/01\/FOTO-5.-PEPE-copia.jpg","type":"","width":"","height":""}],"author":"Jos\u00e9 Carlos Marrero Gonz\u00e1lez","twitter_misc":{"Escrito por":"Jos\u00e9 Carlos Marrero Gonz\u00e1lez","Tiempo de lectura":"1 minuto"},"schema":{"@context":"https:\/\/schema.org","@graph":[{"@type":"Article","@id":"https:\/\/elcotarro.com\/?p=9369#article","isPartOf":{"@id":"https:\/\/elcotarro.com\/?p=9369"},"author":{"name":"Jos\u00e9 Carlos Marrero Gonz\u00e1lez","@id":"https:\/\/elcotarro.com\/#\/schema\/person\/af537ee7d60d15984c7e0affcd8a918b"},"headline":"3 DE \u201cLOS NUESTROS\u201d TRIUNFAN EN LA TELEVISI\u00d3N","datePublished":"2021-01-17T07:56:24+00:00","mainEntityOfPage":{"@id":"https:\/\/elcotarro.com\/?p=9369"},"wordCount":197,"commentCount":0,"publisher":{"@id":"https:\/\/elcotarro.com\/#organization"},"image":{"@id":"https:\/\/elcotarro.com\/?p=9369#primaryimage"},"thumbnailUrl":"https:\/\/elcotarro.com\/wp-content\/uploads\/2021\/01\/FOTO-5.-PEPE-copia.jpg","inLanguage":"es","potentialAction":[{"@type":"CommentAction","name":"Comment","target":["https:\/\/elcotarro.com\/?p=9369#respond"]}]},{"@type":"WebPage","@id":"https:\/\/elcotarro.com\/?p=9369","url":"https:\/\/elcotarro.com\/?p=9369","name":"3 DE \u201cLOS NUESTROS\u201d TRIUNFAN EN LA TELEVISI\u00d3N - El Cotarro","isPartOf":{"@id":"https:\/\/elcotarro.com\/#website"},"primaryImageOfPage":{"@id":"https:\/\/elcotarro.com\/?p=9369#primaryimage"},"image":{"@id":"https:\/\/elcotarro.com\/?p=9369#primaryimage"},"thumbnailUrl":"https:\/\/elcotarro.com\/wp-content\/uploads\/2021\/01\/FOTO-5.-PEPE-copia.jpg","datePublished":"2021-01-17T07:56:24+00:00","breadcrumb":{"@id":"https:\/\/elcotarro.com\/?p=9369#breadcrumb"},"inLanguage":"es","potentialAction":[{"@type":"ReadAction","target":["https:\/\/elcotarro.com\/?p=9369"]}]},{"@type":"ImageObject","inLanguage":"es","@id":"https:\/\/elcotarro.com\/?p=9369#primaryimage","url":"https:\/\/elcotarro.com\/wp-content\/uploads\/2021\/01\/FOTO-5.-PEPE-copia.jpg","contentUrl":"https:\/\/elcotarro.com\/wp-content\/uploads\/2021\/01\/FOTO-5.-PEPE-copia.jpg","width":554,"height":180},{"@type":"BreadcrumbList","@id":"https:\/\/elcotarro.com\/?p=9369#breadcrumb","itemListElement":[{"@type":"ListItem","position":1,"name":"Portada","item":"https:\/\/elcotarro.com\/"},{"@type":"ListItem","position":2,"name":"3 DE \u201cLOS NUESTROS\u201d TRIUNFAN EN LA TELEVISI\u00d3N"}]},{"@type":"WebSite","@id":"https:\/\/elcotarro.com\/#website","url":"https:\/\/elcotarro.com\/","name":"El Cotarro","description":"Peri\u00f3dico Digital Independiente dirigido por Jos\u00e9 Carlos Marrero","publisher":{"@id":"https:\/\/elcotarro.com\/#organization"},"potentialAction":[{"@type":"SearchAction","target":{"@type":"EntryPoint","urlTemplate":"https:\/\/elcotarro.com\/?s={search_term_string}"},"query-input":{"@type":"PropertyValueSpecification","valueRequired":true,"valueName":"search_term_string"}}],"inLanguage":"es"},{"@type":"Organization","@id":"https:\/\/elcotarro.com\/#organization","name":"El Cotarro","url":"https:\/\/elcotarro.com\/","logo":{"@type":"ImageObject","inLanguage":"es","@id":"https:\/\/elcotarro.com\/#\/schema\/logo\/image\/","url":"https:\/\/elcotarro.com\/wp-content\/uploads\/2014\/09\/Cabecera_El_Cotarro_v2.jpg","contentUrl":"https:\/\/elcotarro.com\/wp-content\/uploads\/2014\/09\/Cabecera_El_Cotarro_v2.jpg","width":3540,"height":441,"caption":"El Cotarro"},"image":{"@id":"https:\/\/elcotarro.com\/#\/schema\/logo\/image\/"},"sameAs":["https:\/\/www.facebook.com\/ElCotarro.Tenerife"]},{"@type":"Person","@id":"https:\/\/elcotarro.com\/#\/schema\/person\/af537ee7d60d15984c7e0affcd8a918b","name":"Jos\u00e9 Carlos Marrero Gonz\u00e1lez","image":{"@type":"ImageObject","inLanguage":"es","@id":"https:\/\/elcotarro.com\/#\/schema\/person\/image\/","url":"https:\/\/secure.gravatar.com\/avatar\/def4da036efb5d32c74d49c351f6dccc064dd69ad9f3aadc295c5a9a5391ca01?s=96&d=mm&r=g","contentUrl":"https:\/\/secure.gravatar.com\/avatar\/def4da036efb5d32c74d49c351f6dccc064dd69ad9f3aadc295c5a9a5391ca01?s=96&d=mm&r=g","caption":"Jos\u00e9 Carlos Marrero Gonz\u00e1lez"},"sameAs":["https:\/\/elcotarro.com"],"url":"https:\/\/elcotarro.com\/?author=2"}]}},"jetpack_featured_media_url":"","jetpack_sharing_enabled":true,"_links":{"self":[{"href":"https:\/\/elcotarro.com\/index.php?rest_route=\/wp\/v2\/posts\/9369","targetHints":{"allow":["GET"]}}],"collection":[{"href":"https:\/\/elcotarro.com\/index.php?rest_route=\/wp\/v2\/posts"}],"about":[{"href":"https:\/\/elcotarro.com\/index.php?rest_route=\/wp\/v2\/types\/post"}],"author":[{"embeddable":true,"href":"https:\/\/elcotarro.com\/index.php?rest_route=\/wp\/v2\/users\/2"}],"replies":[{"embeddable":true,"href":"https:\/\/elcotarro.com\/index.php?rest_route=%2Fwp%2Fv2%2Fcomments&post=9369"}],"version-history":[{"count":1,"href":"https:\/\/elcotarro.com\/index.php?rest_route=\/wp\/v2\/posts\/9369\/revisions"}],"predecessor-version":[{"id":9371,"href":"https:\/\/elcotarro.com\/index.php?rest_route=\/wp\/v2\/posts\/9369\/revisions\/9371"}],"wp:attachment":[{"href":"https:\/\/elcotarro.com\/index.php?rest_route=%2Fwp%2Fv2%2Fmedia&parent=9369"}],"wp:term":[{"taxonomy":"category","embeddable":true,"href":"https:\/\/elcotarro.com\/index.php?rest_route=%2Fwp%2Fv2%2Fcategories&post=9369"},{"taxonomy":"post_tag","embeddable":true,"href":"https:\/\/elcotarro.com\/index.php?rest_route=%2Fwp%2Fv2%2Ftags&post=9369"}],"curies":[{"name":"wp","href":"https:\/\/api.w.org\/{rel}","templated":true}]}}