{"id":9372,"date":"2021-01-17T07:55:59","date_gmt":"2021-01-17T07:55:59","guid":{"rendered":"https:\/\/elcotarro.com\/?p=9372"},"modified":"2021-01-16T19:36:50","modified_gmt":"2021-01-16T19:36:50","slug":"paco-moreno-camino-a-la-presidencia-de-rtve","status":"publish","type":"post","link":"https:\/\/elcotarro.com\/?p=9372","title":{"rendered":"PACO MORENO CAMINO A LA PRESIDENCIA DE RTVE"},"content":{"rendered":"<p><strong>Paco Moreno<\/strong> ya estuvo en Televisi\u00f3n Espa\u00f1ola, pas\u00f3 por Antena 3 Televisi\u00f3n y actualmente, adem\u00e1s de administrador \u00fanico de nuestra Radio Televisi\u00f3n auton\u00f3mica, es vicepresidente de la Junta Directiva de la Academia de las Ciencias y las Artes de Televisi\u00f3n, que preside <strong>Mar\u00eda Casado<\/strong> desde 2018. Esta pasada semana, <strong>Paco Moreno<\/strong> fue protagonista de peso ante la Comisi\u00f3n de Nombramientos del Congreso de los Diputados, con la presencia de su presidenta, <strong>Meritxell Batet<\/strong> (asimismo presidenta de la C\u00e1mara) en una de las primeras comparecencias de los 94 candidatos que optan a un puesto en el Consejo de Administraci\u00f3n del ente p\u00fablico Radio Televisi\u00f3n Espa\u00f1ola, que, posteriormente, elegir\u00e1 a su presidente. Ya de entrada, <strong>Paco Moreno<\/strong> est\u00e1, por curr\u00edculum y por el proyecto que ha planteado, entre los 10 mejores de los 94.<\/p>\n<p style=\"text-align: center\"><a href=\"https:\/\/elcotarro.com\/wp-content\/uploads\/2021\/01\/FOTO-8.-PACO-MORENO.jpg\"><img loading=\"lazy\" decoding=\"async\" class=\"aligncenter size-full wp-image-9373\" src=\"https:\/\/elcotarro.com\/wp-content\/uploads\/2021\/01\/FOTO-8.-PACO-MORENO.jpg\" alt=\"\" width=\"976\" height=\"680\" srcset=\"https:\/\/elcotarro.com\/wp-content\/uploads\/2021\/01\/FOTO-8.-PACO-MORENO.jpg 976w, https:\/\/elcotarro.com\/wp-content\/uploads\/2021\/01\/FOTO-8.-PACO-MORENO-300x209.jpg 300w, https:\/\/elcotarro.com\/wp-content\/uploads\/2021\/01\/FOTO-8.-PACO-MORENO-768x535.jpg 768w\" sizes=\"auto, (max-width: 976px) 100vw, 976px\" \/><\/a><\/p>\n<p style=\"text-align: center\"><em>Francisco \u201cPaco\u201d Moreno Garc\u00eda, Administrador \u00danico de la Radio Televisi\u00f3n Canaria.<\/em><\/p>\n","protected":false},"excerpt":{"rendered":"<p>Paco Moreno ya estuvo en Televisi\u00f3n Espa\u00f1ola, pas\u00f3 por Antena 3 Televisi\u00f3n y actualmente, adem\u00e1s de administrador \u00fanico de nuestra Radio Televisi\u00f3n auton\u00f3mica, es vicepresidente de la Junta Directiva de la Academia de las Ciencias y las Artes de Televisi\u00f3n, que preside Mar\u00eda Casado desde 2018. Esta pasada semana, Paco Moreno fue protagonista de peso &#8230; <a class=\"read-more\" href=\"https:\/\/elcotarro.com\/?p=9372\">Read more<\/a><\/p>\n","protected":false},"author":2,"featured_media":0,"comment_status":"open","ping_status":"open","sticky":false,"template":"","format":"standard","meta":{"_jetpack_memberships_contains_paid_content":false,"footnotes":""},"categories":[1],"tags":[],"class_list":["post-9372","post","type-post","status-publish","format-standard","hentry","category-sin-categoria"],"yoast_head":"<!-- This site is optimized with the Yoast SEO plugin v27.0 - https:\/\/yoast.com\/product\/yoast-seo-wordpress\/ -->\n<title>PACO MORENO CAMINO A LA PRESIDENCIA DE RTVE - El Cotarro<\/title>\n<meta name=\"robots\" content=\"index, follow, max-snippet:-1, max-image-preview:large, max-video-preview:-1\" \/>\n<link rel=\"canonical\" href=\"https:\/\/elcotarro.com\/?p=9372\" \/>\n<meta property=\"og:locale\" content=\"es_ES\" \/>\n<meta property=\"og:type\" content=\"article\" \/>\n<meta property=\"og:title\" content=\"PACO MORENO CAMINO A LA PRESIDENCIA DE RTVE - El Cotarro\" \/>\n<meta property=\"og:description\" content=\"Paco Moreno ya estuvo en Televisi\u00f3n Espa\u00f1ola, pas\u00f3 por Antena 3 Televisi\u00f3n y actualmente, adem\u00e1s de administrador \u00fanico de nuestra Radio Televisi\u00f3n auton\u00f3mica, es vicepresidente de la Junta Directiva de la Academia de las Ciencias y las Artes de Televisi\u00f3n, que preside Mar\u00eda Casado desde 2018. Esta pasada semana, Paco Moreno fue protagonista de peso ... Read more\" \/>\n<meta property=\"og:url\" content=\"https:\/\/elcotarro.com\/?p=9372\" \/>\n<meta property=\"og:site_name\" content=\"El Cotarro\" \/>\n<meta property=\"article:publisher\" content=\"https:\/\/www.facebook.com\/ElCotarro.Tenerife\" \/>\n<meta property=\"article:published_time\" content=\"2021-01-17T07:55:59+00:00\" \/>\n<meta property=\"og:image\" content=\"https:\/\/elcotarro.com\/wp-content\/uploads\/2021\/01\/FOTO-8.-PACO-MORENO.jpg\" \/>\n<meta name=\"author\" content=\"Jos\u00e9 Carlos Marrero Gonz\u00e1lez\" \/>\n<meta name=\"twitter:label1\" content=\"Escrito por\" \/>\n\t<meta name=\"twitter:data1\" content=\"Jos\u00e9 Carlos Marrero Gonz\u00e1lez\" \/>\n\t<meta name=\"twitter:label2\" content=\"Tiempo de lectura\" \/>\n\t<meta name=\"twitter:data2\" content=\"1 minuto\" \/>\n<script type=\"application\/ld+json\" class=\"yoast-schema-graph\">{\"@context\":\"https:\/\/schema.org\",\"@graph\":[{\"@type\":\"Article\",\"@id\":\"https:\/\/elcotarro.com\/?p=9372#article\",\"isPartOf\":{\"@id\":\"https:\/\/elcotarro.com\/?p=9372\"},\"author\":{\"name\":\"Jos\u00e9 Carlos Marrero Gonz\u00e1lez\",\"@id\":\"https:\/\/elcotarro.com\/#\/schema\/person\/af537ee7d60d15984c7e0affcd8a918b\"},\"headline\":\"PACO MORENO CAMINO A LA PRESIDENCIA DE RTVE\",\"datePublished\":\"2021-01-17T07:55:59+00:00\",\"mainEntityOfPage\":{\"@id\":\"https:\/\/elcotarro.com\/?p=9372\"},\"wordCount\":163,\"commentCount\":0,\"publisher\":{\"@id\":\"https:\/\/elcotarro.com\/#organization\"},\"image\":{\"@id\":\"https:\/\/elcotarro.com\/?p=9372#primaryimage\"},\"thumbnailUrl\":\"https:\/\/elcotarro.com\/wp-content\/uploads\/2021\/01\/FOTO-8.-PACO-MORENO.jpg\",\"inLanguage\":\"es\",\"potentialAction\":[{\"@type\":\"CommentAction\",\"name\":\"Comment\",\"target\":[\"https:\/\/elcotarro.com\/?p=9372#respond\"]}]},{\"@type\":\"WebPage\",\"@id\":\"https:\/\/elcotarro.com\/?p=9372\",\"url\":\"https:\/\/elcotarro.com\/?p=9372\",\"name\":\"PACO MORENO CAMINO A LA PRESIDENCIA DE RTVE - El Cotarro\",\"isPartOf\":{\"@id\":\"https:\/\/elcotarro.com\/#website\"},\"primaryImageOfPage\":{\"@id\":\"https:\/\/elcotarro.com\/?p=9372#primaryimage\"},\"image\":{\"@id\":\"https:\/\/elcotarro.com\/?p=9372#primaryimage\"},\"thumbnailUrl\":\"https:\/\/elcotarro.com\/wp-content\/uploads\/2021\/01\/FOTO-8.-PACO-MORENO.jpg\",\"datePublished\":\"2021-01-17T07:55:59+00:00\",\"breadcrumb\":{\"@id\":\"https:\/\/elcotarro.com\/?p=9372#breadcrumb\"},\"inLanguage\":\"es\",\"potentialAction\":[{\"@type\":\"ReadAction\",\"target\":[\"https:\/\/elcotarro.com\/?p=9372\"]}]},{\"@type\":\"ImageObject\",\"inLanguage\":\"es\",\"@id\":\"https:\/\/elcotarro.com\/?p=9372#primaryimage\",\"url\":\"https:\/\/elcotarro.com\/wp-content\/uploads\/2021\/01\/FOTO-8.-PACO-MORENO.jpg\",\"contentUrl\":\"https:\/\/elcotarro.com\/wp-content\/uploads\/2021\/01\/FOTO-8.-PACO-MORENO.jpg\",\"width\":976,\"height\":680},{\"@type\":\"BreadcrumbList\",\"@id\":\"https:\/\/elcotarro.com\/?p=9372#breadcrumb\",\"itemListElement\":[{\"@type\":\"ListItem\",\"position\":1,\"name\":\"Portada\",\"item\":\"https:\/\/elcotarro.com\/\"},{\"@type\":\"ListItem\",\"position\":2,\"name\":\"PACO MORENO CAMINO A LA PRESIDENCIA DE RTVE\"}]},{\"@type\":\"WebSite\",\"@id\":\"https:\/\/elcotarro.com\/#website\",\"url\":\"https:\/\/elcotarro.com\/\",\"name\":\"El Cotarro\",\"description\":\"Peri\u00f3dico Digital Independiente dirigido por Jos\u00e9 Carlos Marrero\",\"publisher\":{\"@id\":\"https:\/\/elcotarro.com\/#organization\"},\"potentialAction\":[{\"@type\":\"SearchAction\",\"target\":{\"@type\":\"EntryPoint\",\"urlTemplate\":\"https:\/\/elcotarro.com\/?s={search_term_string}\"},\"query-input\":{\"@type\":\"PropertyValueSpecification\",\"valueRequired\":true,\"valueName\":\"search_term_string\"}}],\"inLanguage\":\"es\"},{\"@type\":\"Organization\",\"@id\":\"https:\/\/elcotarro.com\/#organization\",\"name\":\"El Cotarro\",\"url\":\"https:\/\/elcotarro.com\/\",\"logo\":{\"@type\":\"ImageObject\",\"inLanguage\":\"es\",\"@id\":\"https:\/\/elcotarro.com\/#\/schema\/logo\/image\/\",\"url\":\"https:\/\/elcotarro.com\/wp-content\/uploads\/2014\/09\/Cabecera_El_Cotarro_v2.jpg\",\"contentUrl\":\"https:\/\/elcotarro.com\/wp-content\/uploads\/2014\/09\/Cabecera_El_Cotarro_v2.jpg\",\"width\":3540,\"height\":441,\"caption\":\"El Cotarro\"},\"image\":{\"@id\":\"https:\/\/elcotarro.com\/#\/schema\/logo\/image\/\"},\"sameAs\":[\"https:\/\/www.facebook.com\/ElCotarro.Tenerife\"]},{\"@type\":\"Person\",\"@id\":\"https:\/\/elcotarro.com\/#\/schema\/person\/af537ee7d60d15984c7e0affcd8a918b\",\"name\":\"Jos\u00e9 Carlos Marrero Gonz\u00e1lez\",\"image\":{\"@type\":\"ImageObject\",\"inLanguage\":\"es\",\"@id\":\"https:\/\/elcotarro.com\/#\/schema\/person\/image\/\",\"url\":\"https:\/\/secure.gravatar.com\/avatar\/def4da036efb5d32c74d49c351f6dccc064dd69ad9f3aadc295c5a9a5391ca01?s=96&d=mm&r=g\",\"contentUrl\":\"https:\/\/secure.gravatar.com\/avatar\/def4da036efb5d32c74d49c351f6dccc064dd69ad9f3aadc295c5a9a5391ca01?s=96&d=mm&r=g\",\"caption\":\"Jos\u00e9 Carlos Marrero Gonz\u00e1lez\"},\"sameAs\":[\"https:\/\/elcotarro.com\"],\"url\":\"https:\/\/elcotarro.com\/?author=2\"}]}<\/script>\n<!-- \/ Yoast SEO plugin. -->","yoast_head_json":{"title":"PACO MORENO CAMINO A LA PRESIDENCIA DE RTVE - El Cotarro","robots":{"index":"index","follow":"follow","max-snippet":"max-snippet:-1","max-image-preview":"max-image-preview:large","max-video-preview":"max-video-preview:-1"},"canonical":"https:\/\/elcotarro.com\/?p=9372","og_locale":"es_ES","og_type":"article","og_title":"PACO MORENO CAMINO A LA PRESIDENCIA DE RTVE - El Cotarro","og_description":"Paco Moreno ya estuvo en Televisi\u00f3n Espa\u00f1ola, pas\u00f3 por Antena 3 Televisi\u00f3n y actualmente, adem\u00e1s de administrador \u00fanico de nuestra Radio Televisi\u00f3n auton\u00f3mica, es vicepresidente de la Junta Directiva de la Academia de las Ciencias y las Artes de Televisi\u00f3n, que preside Mar\u00eda Casado desde 2018. Esta pasada semana, Paco Moreno fue protagonista de peso ... Read more","og_url":"https:\/\/elcotarro.com\/?p=9372","og_site_name":"El Cotarro","article_publisher":"https:\/\/www.facebook.com\/ElCotarro.Tenerife","article_published_time":"2021-01-17T07:55:59+00:00","og_image":[{"url":"https:\/\/elcotarro.com\/wp-content\/uploads\/2021\/01\/FOTO-8.-PACO-MORENO.jpg","type":"","width":"","height":""}],"author":"Jos\u00e9 Carlos Marrero Gonz\u00e1lez","twitter_misc":{"Escrito por":"Jos\u00e9 Carlos Marrero Gonz\u00e1lez","Tiempo de lectura":"1 minuto"},"schema":{"@context":"https:\/\/schema.org","@graph":[{"@type":"Article","@id":"https:\/\/elcotarro.com\/?p=9372#article","isPartOf":{"@id":"https:\/\/elcotarro.com\/?p=9372"},"author":{"name":"Jos\u00e9 Carlos Marrero Gonz\u00e1lez","@id":"https:\/\/elcotarro.com\/#\/schema\/person\/af537ee7d60d15984c7e0affcd8a918b"},"headline":"PACO MORENO CAMINO A LA PRESIDENCIA DE RTVE","datePublished":"2021-01-17T07:55:59+00:00","mainEntityOfPage":{"@id":"https:\/\/elcotarro.com\/?p=9372"},"wordCount":163,"commentCount":0,"publisher":{"@id":"https:\/\/elcotarro.com\/#organization"},"image":{"@id":"https:\/\/elcotarro.com\/?p=9372#primaryimage"},"thumbnailUrl":"https:\/\/elcotarro.com\/wp-content\/uploads\/2021\/01\/FOTO-8.-PACO-MORENO.jpg","inLanguage":"es","potentialAction":[{"@type":"CommentAction","name":"Comment","target":["https:\/\/elcotarro.com\/?p=9372#respond"]}]},{"@type":"WebPage","@id":"https:\/\/elcotarro.com\/?p=9372","url":"https:\/\/elcotarro.com\/?p=9372","name":"PACO MORENO CAMINO A LA PRESIDENCIA DE RTVE - El Cotarro","isPartOf":{"@id":"https:\/\/elcotarro.com\/#website"},"primaryImageOfPage":{"@id":"https:\/\/elcotarro.com\/?p=9372#primaryimage"},"image":{"@id":"https:\/\/elcotarro.com\/?p=9372#primaryimage"},"thumbnailUrl":"https:\/\/elcotarro.com\/wp-content\/uploads\/2021\/01\/FOTO-8.-PACO-MORENO.jpg","datePublished":"2021-01-17T07:55:59+00:00","breadcrumb":{"@id":"https:\/\/elcotarro.com\/?p=9372#breadcrumb"},"inLanguage":"es","potentialAction":[{"@type":"ReadAction","target":["https:\/\/elcotarro.com\/?p=9372"]}]},{"@type":"ImageObject","inLanguage":"es","@id":"https:\/\/elcotarro.com\/?p=9372#primaryimage","url":"https:\/\/elcotarro.com\/wp-content\/uploads\/2021\/01\/FOTO-8.-PACO-MORENO.jpg","contentUrl":"https:\/\/elcotarro.com\/wp-content\/uploads\/2021\/01\/FOTO-8.-PACO-MORENO.jpg","width":976,"height":680},{"@type":"BreadcrumbList","@id":"https:\/\/elcotarro.com\/?p=9372#breadcrumb","itemListElement":[{"@type":"ListItem","position":1,"name":"Portada","item":"https:\/\/elcotarro.com\/"},{"@type":"ListItem","position":2,"name":"PACO MORENO CAMINO A LA PRESIDENCIA DE RTVE"}]},{"@type":"WebSite","@id":"https:\/\/elcotarro.com\/#website","url":"https:\/\/elcotarro.com\/","name":"El Cotarro","description":"Peri\u00f3dico Digital Independiente dirigido por Jos\u00e9 Carlos Marrero","publisher":{"@id":"https:\/\/elcotarro.com\/#organization"},"potentialAction":[{"@type":"SearchAction","target":{"@type":"EntryPoint","urlTemplate":"https:\/\/elcotarro.com\/?s={search_term_string}"},"query-input":{"@type":"PropertyValueSpecification","valueRequired":true,"valueName":"search_term_string"}}],"inLanguage":"es"},{"@type":"Organization","@id":"https:\/\/elcotarro.com\/#organization","name":"El Cotarro","url":"https:\/\/elcotarro.com\/","logo":{"@type":"ImageObject","inLanguage":"es","@id":"https:\/\/elcotarro.com\/#\/schema\/logo\/image\/","url":"https:\/\/elcotarro.com\/wp-content\/uploads\/2014\/09\/Cabecera_El_Cotarro_v2.jpg","contentUrl":"https:\/\/elcotarro.com\/wp-content\/uploads\/2014\/09\/Cabecera_El_Cotarro_v2.jpg","width":3540,"height":441,"caption":"El Cotarro"},"image":{"@id":"https:\/\/elcotarro.com\/#\/schema\/logo\/image\/"},"sameAs":["https:\/\/www.facebook.com\/ElCotarro.Tenerife"]},{"@type":"Person","@id":"https:\/\/elcotarro.com\/#\/schema\/person\/af537ee7d60d15984c7e0affcd8a918b","name":"Jos\u00e9 Carlos Marrero Gonz\u00e1lez","image":{"@type":"ImageObject","inLanguage":"es","@id":"https:\/\/elcotarro.com\/#\/schema\/person\/image\/","url":"https:\/\/secure.gravatar.com\/avatar\/def4da036efb5d32c74d49c351f6dccc064dd69ad9f3aadc295c5a9a5391ca01?s=96&d=mm&r=g","contentUrl":"https:\/\/secure.gravatar.com\/avatar\/def4da036efb5d32c74d49c351f6dccc064dd69ad9f3aadc295c5a9a5391ca01?s=96&d=mm&r=g","caption":"Jos\u00e9 Carlos Marrero Gonz\u00e1lez"},"sameAs":["https:\/\/elcotarro.com"],"url":"https:\/\/elcotarro.com\/?author=2"}]}},"jetpack_featured_media_url":"","jetpack_sharing_enabled":true,"_links":{"self":[{"href":"https:\/\/elcotarro.com\/index.php?rest_route=\/wp\/v2\/posts\/9372","targetHints":{"allow":["GET"]}}],"collection":[{"href":"https:\/\/elcotarro.com\/index.php?rest_route=\/wp\/v2\/posts"}],"about":[{"href":"https:\/\/elcotarro.com\/index.php?rest_route=\/wp\/v2\/types\/post"}],"author":[{"embeddable":true,"href":"https:\/\/elcotarro.com\/index.php?rest_route=\/wp\/v2\/users\/2"}],"replies":[{"embeddable":true,"href":"https:\/\/elcotarro.com\/index.php?rest_route=%2Fwp%2Fv2%2Fcomments&post=9372"}],"version-history":[{"count":1,"href":"https:\/\/elcotarro.com\/index.php?rest_route=\/wp\/v2\/posts\/9372\/revisions"}],"predecessor-version":[{"id":9374,"href":"https:\/\/elcotarro.com\/index.php?rest_route=\/wp\/v2\/posts\/9372\/revisions\/9374"}],"wp:attachment":[{"href":"https:\/\/elcotarro.com\/index.php?rest_route=%2Fwp%2Fv2%2Fmedia&parent=9372"}],"wp:term":[{"taxonomy":"category","embeddable":true,"href":"https:\/\/elcotarro.com\/index.php?rest_route=%2Fwp%2Fv2%2Fcategories&post=9372"},{"taxonomy":"post_tag","embeddable":true,"href":"https:\/\/elcotarro.com\/index.php?rest_route=%2Fwp%2Fv2%2Ftags&post=9372"}],"curies":[{"name":"wp","href":"https:\/\/api.w.org\/{rel}","templated":true}]}}