{"id":9396,"date":"2021-01-24T07:58:02","date_gmt":"2021-01-24T07:58:02","guid":{"rendered":"https:\/\/elcotarro.com\/?p=9396"},"modified":"2021-01-23T20:31:31","modified_gmt":"2021-01-23T20:31:31","slug":"las-espanas-de-machado-en-dos-banderas","status":"publish","type":"post","link":"https:\/\/elcotarro.com\/?p=9396","title":{"rendered":"LAS ESPA\u00d1AS DE MACHADO EN DOS BANDERAS"},"content":{"rendered":"<p>En Espa\u00f1a, nuestro pa\u00eds, la bandera nacional es utilizada de forma torticera, irrespetuosa, sesgada, partidista y no s\u00e9 cu\u00e1ntos calificativos m\u00e1s darle. El actual presidente del Gobierno de Espa\u00f1a, <strong>Pedro S\u00e1nchez<\/strong>, fue criticado (incluso en el seno de su propio partido, el PSOE) por salir en m\u00e1s de un acto acompa\u00f1ado por una gran bandera nacional de fondo. Pero es que tambi\u00e9n al l\u00edder de la actual Oposici\u00f3n,<strong>Pablo Casado<\/strong> le criticaron y tacharon de fascista por poner nuestra Bandera Nacional tambi\u00e9n de fondo. Paralelamente, claro, nadie discute que <strong>Pablo Iglesias<\/strong> (Podemos) enarbole la anterior bandera republicana como suya y, por otro lado, <strong>Santiago Abascal<\/strong> (Vox) se arrope con la espa\u00f1ola casi como si fuera patrimonio exclusivo de la formaci\u00f3n que representa. En medio de todo, mucha gente, equivocadamente, se empe\u00f1a en encasillar a la ciudadan\u00eda de a pie en una y otra ideolog\u00eda, partido pol\u00edtico o tendencia a la hora de votar, seg\u00fan la bandera que luce con un pin en su solapa, la que lleva en una pulsera o, \u00faltimamente, en la mascarilla anti COVID.<\/p>\n<p style=\"text-align: center\"><a href=\"https:\/\/elcotarro.com\/wp-content\/uploads\/2021\/01\/foto3.jpg\"><img loading=\"lazy\" decoding=\"async\" class=\"aligncenter size-full wp-image-9397\" src=\"https:\/\/elcotarro.com\/wp-content\/uploads\/2021\/01\/foto3.jpg\" alt=\"\" width=\"1174\" height=\"1068\" srcset=\"https:\/\/elcotarro.com\/wp-content\/uploads\/2021\/01\/foto3.jpg 1174w, https:\/\/elcotarro.com\/wp-content\/uploads\/2021\/01\/foto3-300x273.jpg 300w, https:\/\/elcotarro.com\/wp-content\/uploads\/2021\/01\/foto3-1024x932.jpg 1024w, https:\/\/elcotarro.com\/wp-content\/uploads\/2021\/01\/foto3-768x699.jpg 768w\" sizes=\"auto, (max-width: 1174px) 100vw, 1174px\" \/><\/a><\/p>\n<p style=\"text-align: center\"><em>Arriba: Pedro S\u00e1nchez (PSOE) y Pablo Casado (PP). En medio: Santiago Abascal (Vox) e In\u00e9s Arrimadas (C\u2019s) Abajo: Pablo Iglesias (Podemos) y Alberto Garz\u00f3n (IU) dos miembros del Gobierno de Coalici\u00f3n, que prometieron sus cargos ante la bandera nacional, pero que, cuando pueden, utilizan la republicana.<\/em><\/p>\n","protected":false},"excerpt":{"rendered":"<p>En Espa\u00f1a, nuestro pa\u00eds, la bandera nacional es utilizada de forma torticera, irrespetuosa, sesgada, partidista y no s\u00e9 cu\u00e1ntos calificativos m\u00e1s darle. El actual presidente del Gobierno de Espa\u00f1a, Pedro S\u00e1nchez, fue criticado (incluso en el seno de su propio partido, el PSOE) por salir en m\u00e1s de un acto acompa\u00f1ado por una gran bandera &#8230; <a class=\"read-more\" href=\"https:\/\/elcotarro.com\/?p=9396\">Read more<\/a><\/p>\n","protected":false},"author":2,"featured_media":0,"comment_status":"open","ping_status":"open","sticky":false,"template":"","format":"standard","meta":{"_jetpack_memberships_contains_paid_content":false,"footnotes":""},"categories":[1],"tags":[],"class_list":["post-9396","post","type-post","status-publish","format-standard","hentry","category-sin-categoria"],"yoast_head":"<!-- This site is optimized with the Yoast SEO plugin v27.0 - https:\/\/yoast.com\/product\/yoast-seo-wordpress\/ -->\n<title>LAS ESPA\u00d1AS DE MACHADO EN DOS BANDERAS - El Cotarro<\/title>\n<meta name=\"robots\" content=\"index, follow, max-snippet:-1, max-image-preview:large, max-video-preview:-1\" \/>\n<link rel=\"canonical\" href=\"https:\/\/elcotarro.com\/?p=9396\" \/>\n<meta property=\"og:locale\" content=\"es_ES\" \/>\n<meta property=\"og:type\" content=\"article\" \/>\n<meta property=\"og:title\" content=\"LAS ESPA\u00d1AS DE MACHADO EN DOS BANDERAS - El Cotarro\" \/>\n<meta property=\"og:description\" content=\"En Espa\u00f1a, nuestro pa\u00eds, la bandera nacional es utilizada de forma torticera, irrespetuosa, sesgada, partidista y no s\u00e9 cu\u00e1ntos calificativos m\u00e1s darle. El actual presidente del Gobierno de Espa\u00f1a, Pedro S\u00e1nchez, fue criticado (incluso en el seno de su propio partido, el PSOE) por salir en m\u00e1s de un acto acompa\u00f1ado por una gran bandera ... Read more\" \/>\n<meta property=\"og:url\" content=\"https:\/\/elcotarro.com\/?p=9396\" \/>\n<meta property=\"og:site_name\" content=\"El Cotarro\" \/>\n<meta property=\"article:publisher\" content=\"https:\/\/www.facebook.com\/ElCotarro.Tenerife\" \/>\n<meta property=\"article:published_time\" content=\"2021-01-24T07:58:02+00:00\" \/>\n<meta property=\"og:image\" content=\"https:\/\/elcotarro.com\/wp-content\/uploads\/2021\/01\/foto3.jpg\" \/>\n<meta name=\"author\" content=\"Jos\u00e9 Carlos Marrero Gonz\u00e1lez\" \/>\n<meta name=\"twitter:label1\" content=\"Escrito por\" \/>\n\t<meta name=\"twitter:data1\" content=\"Jos\u00e9 Carlos Marrero Gonz\u00e1lez\" \/>\n\t<meta name=\"twitter:label2\" content=\"Tiempo de lectura\" \/>\n\t<meta name=\"twitter:data2\" content=\"1 minuto\" \/>\n<script type=\"application\/ld+json\" class=\"yoast-schema-graph\">{\"@context\":\"https:\/\/schema.org\",\"@graph\":[{\"@type\":\"Article\",\"@id\":\"https:\/\/elcotarro.com\/?p=9396#article\",\"isPartOf\":{\"@id\":\"https:\/\/elcotarro.com\/?p=9396\"},\"author\":{\"name\":\"Jos\u00e9 Carlos Marrero Gonz\u00e1lez\",\"@id\":\"https:\/\/elcotarro.com\/#\/schema\/person\/af537ee7d60d15984c7e0affcd8a918b\"},\"headline\":\"LAS ESPA\u00d1AS DE MACHADO EN DOS BANDERAS\",\"datePublished\":\"2021-01-24T07:58:02+00:00\",\"mainEntityOfPage\":{\"@id\":\"https:\/\/elcotarro.com\/?p=9396\"},\"wordCount\":255,\"commentCount\":0,\"publisher\":{\"@id\":\"https:\/\/elcotarro.com\/#organization\"},\"image\":{\"@id\":\"https:\/\/elcotarro.com\/?p=9396#primaryimage\"},\"thumbnailUrl\":\"https:\/\/elcotarro.com\/wp-content\/uploads\/2021\/01\/foto3.jpg\",\"inLanguage\":\"es\",\"potentialAction\":[{\"@type\":\"CommentAction\",\"name\":\"Comment\",\"target\":[\"https:\/\/elcotarro.com\/?p=9396#respond\"]}]},{\"@type\":\"WebPage\",\"@id\":\"https:\/\/elcotarro.com\/?p=9396\",\"url\":\"https:\/\/elcotarro.com\/?p=9396\",\"name\":\"LAS ESPA\u00d1AS DE MACHADO EN DOS BANDERAS - El Cotarro\",\"isPartOf\":{\"@id\":\"https:\/\/elcotarro.com\/#website\"},\"primaryImageOfPage\":{\"@id\":\"https:\/\/elcotarro.com\/?p=9396#primaryimage\"},\"image\":{\"@id\":\"https:\/\/elcotarro.com\/?p=9396#primaryimage\"},\"thumbnailUrl\":\"https:\/\/elcotarro.com\/wp-content\/uploads\/2021\/01\/foto3.jpg\",\"datePublished\":\"2021-01-24T07:58:02+00:00\",\"breadcrumb\":{\"@id\":\"https:\/\/elcotarro.com\/?p=9396#breadcrumb\"},\"inLanguage\":\"es\",\"potentialAction\":[{\"@type\":\"ReadAction\",\"target\":[\"https:\/\/elcotarro.com\/?p=9396\"]}]},{\"@type\":\"ImageObject\",\"inLanguage\":\"es\",\"@id\":\"https:\/\/elcotarro.com\/?p=9396#primaryimage\",\"url\":\"https:\/\/elcotarro.com\/wp-content\/uploads\/2021\/01\/foto3.jpg\",\"contentUrl\":\"https:\/\/elcotarro.com\/wp-content\/uploads\/2021\/01\/foto3.jpg\",\"width\":1174,\"height\":1068},{\"@type\":\"BreadcrumbList\",\"@id\":\"https:\/\/elcotarro.com\/?p=9396#breadcrumb\",\"itemListElement\":[{\"@type\":\"ListItem\",\"position\":1,\"name\":\"Portada\",\"item\":\"https:\/\/elcotarro.com\/\"},{\"@type\":\"ListItem\",\"position\":2,\"name\":\"LAS ESPA\u00d1AS DE MACHADO EN DOS BANDERAS\"}]},{\"@type\":\"WebSite\",\"@id\":\"https:\/\/elcotarro.com\/#website\",\"url\":\"https:\/\/elcotarro.com\/\",\"name\":\"El Cotarro\",\"description\":\"Peri\u00f3dico Digital Independiente dirigido por Jos\u00e9 Carlos Marrero\",\"publisher\":{\"@id\":\"https:\/\/elcotarro.com\/#organization\"},\"potentialAction\":[{\"@type\":\"SearchAction\",\"target\":{\"@type\":\"EntryPoint\",\"urlTemplate\":\"https:\/\/elcotarro.com\/?s={search_term_string}\"},\"query-input\":{\"@type\":\"PropertyValueSpecification\",\"valueRequired\":true,\"valueName\":\"search_term_string\"}}],\"inLanguage\":\"es\"},{\"@type\":\"Organization\",\"@id\":\"https:\/\/elcotarro.com\/#organization\",\"name\":\"El Cotarro\",\"url\":\"https:\/\/elcotarro.com\/\",\"logo\":{\"@type\":\"ImageObject\",\"inLanguage\":\"es\",\"@id\":\"https:\/\/elcotarro.com\/#\/schema\/logo\/image\/\",\"url\":\"https:\/\/elcotarro.com\/wp-content\/uploads\/2014\/09\/Cabecera_El_Cotarro_v2.jpg\",\"contentUrl\":\"https:\/\/elcotarro.com\/wp-content\/uploads\/2014\/09\/Cabecera_El_Cotarro_v2.jpg\",\"width\":3540,\"height\":441,\"caption\":\"El Cotarro\"},\"image\":{\"@id\":\"https:\/\/elcotarro.com\/#\/schema\/logo\/image\/\"},\"sameAs\":[\"https:\/\/www.facebook.com\/ElCotarro.Tenerife\"]},{\"@type\":\"Person\",\"@id\":\"https:\/\/elcotarro.com\/#\/schema\/person\/af537ee7d60d15984c7e0affcd8a918b\",\"name\":\"Jos\u00e9 Carlos Marrero Gonz\u00e1lez\",\"image\":{\"@type\":\"ImageObject\",\"inLanguage\":\"es\",\"@id\":\"https:\/\/elcotarro.com\/#\/schema\/person\/image\/\",\"url\":\"https:\/\/secure.gravatar.com\/avatar\/def4da036efb5d32c74d49c351f6dccc064dd69ad9f3aadc295c5a9a5391ca01?s=96&d=mm&r=g\",\"contentUrl\":\"https:\/\/secure.gravatar.com\/avatar\/def4da036efb5d32c74d49c351f6dccc064dd69ad9f3aadc295c5a9a5391ca01?s=96&d=mm&r=g\",\"caption\":\"Jos\u00e9 Carlos Marrero Gonz\u00e1lez\"},\"sameAs\":[\"https:\/\/elcotarro.com\"],\"url\":\"https:\/\/elcotarro.com\/?author=2\"}]}<\/script>\n<!-- \/ Yoast SEO plugin. -->","yoast_head_json":{"title":"LAS ESPA\u00d1AS DE MACHADO EN DOS BANDERAS - El Cotarro","robots":{"index":"index","follow":"follow","max-snippet":"max-snippet:-1","max-image-preview":"max-image-preview:large","max-video-preview":"max-video-preview:-1"},"canonical":"https:\/\/elcotarro.com\/?p=9396","og_locale":"es_ES","og_type":"article","og_title":"LAS ESPA\u00d1AS DE MACHADO EN DOS BANDERAS - El Cotarro","og_description":"En Espa\u00f1a, nuestro pa\u00eds, la bandera nacional es utilizada de forma torticera, irrespetuosa, sesgada, partidista y no s\u00e9 cu\u00e1ntos calificativos m\u00e1s darle. El actual presidente del Gobierno de Espa\u00f1a, Pedro S\u00e1nchez, fue criticado (incluso en el seno de su propio partido, el PSOE) por salir en m\u00e1s de un acto acompa\u00f1ado por una gran bandera ... Read more","og_url":"https:\/\/elcotarro.com\/?p=9396","og_site_name":"El Cotarro","article_publisher":"https:\/\/www.facebook.com\/ElCotarro.Tenerife","article_published_time":"2021-01-24T07:58:02+00:00","og_image":[{"url":"https:\/\/elcotarro.com\/wp-content\/uploads\/2021\/01\/foto3.jpg","type":"","width":"","height":""}],"author":"Jos\u00e9 Carlos Marrero Gonz\u00e1lez","twitter_misc":{"Escrito por":"Jos\u00e9 Carlos Marrero Gonz\u00e1lez","Tiempo de lectura":"1 minuto"},"schema":{"@context":"https:\/\/schema.org","@graph":[{"@type":"Article","@id":"https:\/\/elcotarro.com\/?p=9396#article","isPartOf":{"@id":"https:\/\/elcotarro.com\/?p=9396"},"author":{"name":"Jos\u00e9 Carlos Marrero Gonz\u00e1lez","@id":"https:\/\/elcotarro.com\/#\/schema\/person\/af537ee7d60d15984c7e0affcd8a918b"},"headline":"LAS ESPA\u00d1AS DE MACHADO EN DOS BANDERAS","datePublished":"2021-01-24T07:58:02+00:00","mainEntityOfPage":{"@id":"https:\/\/elcotarro.com\/?p=9396"},"wordCount":255,"commentCount":0,"publisher":{"@id":"https:\/\/elcotarro.com\/#organization"},"image":{"@id":"https:\/\/elcotarro.com\/?p=9396#primaryimage"},"thumbnailUrl":"https:\/\/elcotarro.com\/wp-content\/uploads\/2021\/01\/foto3.jpg","inLanguage":"es","potentialAction":[{"@type":"CommentAction","name":"Comment","target":["https:\/\/elcotarro.com\/?p=9396#respond"]}]},{"@type":"WebPage","@id":"https:\/\/elcotarro.com\/?p=9396","url":"https:\/\/elcotarro.com\/?p=9396","name":"LAS ESPA\u00d1AS DE MACHADO EN DOS BANDERAS - El Cotarro","isPartOf":{"@id":"https:\/\/elcotarro.com\/#website"},"primaryImageOfPage":{"@id":"https:\/\/elcotarro.com\/?p=9396#primaryimage"},"image":{"@id":"https:\/\/elcotarro.com\/?p=9396#primaryimage"},"thumbnailUrl":"https:\/\/elcotarro.com\/wp-content\/uploads\/2021\/01\/foto3.jpg","datePublished":"2021-01-24T07:58:02+00:00","breadcrumb":{"@id":"https:\/\/elcotarro.com\/?p=9396#breadcrumb"},"inLanguage":"es","potentialAction":[{"@type":"ReadAction","target":["https:\/\/elcotarro.com\/?p=9396"]}]},{"@type":"ImageObject","inLanguage":"es","@id":"https:\/\/elcotarro.com\/?p=9396#primaryimage","url":"https:\/\/elcotarro.com\/wp-content\/uploads\/2021\/01\/foto3.jpg","contentUrl":"https:\/\/elcotarro.com\/wp-content\/uploads\/2021\/01\/foto3.jpg","width":1174,"height":1068},{"@type":"BreadcrumbList","@id":"https:\/\/elcotarro.com\/?p=9396#breadcrumb","itemListElement":[{"@type":"ListItem","position":1,"name":"Portada","item":"https:\/\/elcotarro.com\/"},{"@type":"ListItem","position":2,"name":"LAS ESPA\u00d1AS DE MACHADO EN DOS BANDERAS"}]},{"@type":"WebSite","@id":"https:\/\/elcotarro.com\/#website","url":"https:\/\/elcotarro.com\/","name":"El Cotarro","description":"Peri\u00f3dico Digital Independiente dirigido por Jos\u00e9 Carlos Marrero","publisher":{"@id":"https:\/\/elcotarro.com\/#organization"},"potentialAction":[{"@type":"SearchAction","target":{"@type":"EntryPoint","urlTemplate":"https:\/\/elcotarro.com\/?s={search_term_string}"},"query-input":{"@type":"PropertyValueSpecification","valueRequired":true,"valueName":"search_term_string"}}],"inLanguage":"es"},{"@type":"Organization","@id":"https:\/\/elcotarro.com\/#organization","name":"El Cotarro","url":"https:\/\/elcotarro.com\/","logo":{"@type":"ImageObject","inLanguage":"es","@id":"https:\/\/elcotarro.com\/#\/schema\/logo\/image\/","url":"https:\/\/elcotarro.com\/wp-content\/uploads\/2014\/09\/Cabecera_El_Cotarro_v2.jpg","contentUrl":"https:\/\/elcotarro.com\/wp-content\/uploads\/2014\/09\/Cabecera_El_Cotarro_v2.jpg","width":3540,"height":441,"caption":"El Cotarro"},"image":{"@id":"https:\/\/elcotarro.com\/#\/schema\/logo\/image\/"},"sameAs":["https:\/\/www.facebook.com\/ElCotarro.Tenerife"]},{"@type":"Person","@id":"https:\/\/elcotarro.com\/#\/schema\/person\/af537ee7d60d15984c7e0affcd8a918b","name":"Jos\u00e9 Carlos Marrero Gonz\u00e1lez","image":{"@type":"ImageObject","inLanguage":"es","@id":"https:\/\/elcotarro.com\/#\/schema\/person\/image\/","url":"https:\/\/secure.gravatar.com\/avatar\/def4da036efb5d32c74d49c351f6dccc064dd69ad9f3aadc295c5a9a5391ca01?s=96&d=mm&r=g","contentUrl":"https:\/\/secure.gravatar.com\/avatar\/def4da036efb5d32c74d49c351f6dccc064dd69ad9f3aadc295c5a9a5391ca01?s=96&d=mm&r=g","caption":"Jos\u00e9 Carlos Marrero Gonz\u00e1lez"},"sameAs":["https:\/\/elcotarro.com"],"url":"https:\/\/elcotarro.com\/?author=2"}]}},"jetpack_featured_media_url":"","jetpack_sharing_enabled":true,"_links":{"self":[{"href":"https:\/\/elcotarro.com\/index.php?rest_route=\/wp\/v2\/posts\/9396","targetHints":{"allow":["GET"]}}],"collection":[{"href":"https:\/\/elcotarro.com\/index.php?rest_route=\/wp\/v2\/posts"}],"about":[{"href":"https:\/\/elcotarro.com\/index.php?rest_route=\/wp\/v2\/types\/post"}],"author":[{"embeddable":true,"href":"https:\/\/elcotarro.com\/index.php?rest_route=\/wp\/v2\/users\/2"}],"replies":[{"embeddable":true,"href":"https:\/\/elcotarro.com\/index.php?rest_route=%2Fwp%2Fv2%2Fcomments&post=9396"}],"version-history":[{"count":1,"href":"https:\/\/elcotarro.com\/index.php?rest_route=\/wp\/v2\/posts\/9396\/revisions"}],"predecessor-version":[{"id":9398,"href":"https:\/\/elcotarro.com\/index.php?rest_route=\/wp\/v2\/posts\/9396\/revisions\/9398"}],"wp:attachment":[{"href":"https:\/\/elcotarro.com\/index.php?rest_route=%2Fwp%2Fv2%2Fmedia&parent=9396"}],"wp:term":[{"taxonomy":"category","embeddable":true,"href":"https:\/\/elcotarro.com\/index.php?rest_route=%2Fwp%2Fv2%2Fcategories&post=9396"},{"taxonomy":"post_tag","embeddable":true,"href":"https:\/\/elcotarro.com\/index.php?rest_route=%2Fwp%2Fv2%2Ftags&post=9396"}],"curies":[{"name":"wp","href":"https:\/\/api.w.org\/{rel}","templated":true}]}}