{"id":9402,"date":"2021-01-24T07:56:30","date_gmt":"2021-01-24T07:56:30","guid":{"rendered":"https:\/\/elcotarro.com\/?p=9402"},"modified":"2021-01-24T09:36:21","modified_gmt":"2021-01-24T09:36:21","slug":"en-nuestra-tierra-no-nos-quedamos-atras","status":"publish","type":"post","link":"https:\/\/elcotarro.com\/?p=9402","title":{"rendered":"EN NUESTRA TIERRA NO NOS QUEDAMOS ATR\u00c1S"},"content":{"rendered":"<p>La misma mediocridad, mezquindad o torpeza tenemos en nuestra querida tierra canaria. Parece que tenemos dos banderas, cuando no tres. En primer lugar, la bandera oficial, legal, democr\u00e1tica y mayoritariamente aprobada en 1982 por nuestro Parlamento de Canarias y refrendada Ley Org\u00e1nica de reforma del Estatuto de Autonom\u00eda de 2018, firmada por <strong>El Rey, Felipe VI<\/strong> y el presidente del Gobierno de Espa\u00f1a, <strong>Pedro S\u00e1nchez, <\/strong>siendo <strong>Fernando Clavijo Batlle <\/strong>(CC) nuestro presidente auton\u00f3mico. Esta es la bandera de tres franjas verticales en colores blanco, azul y amarillo, a partir de la asta, con el escudo oficial (el de los dos canes) en el centro. Por otro lado, est\u00e1 la bandera canaria con las siete estrellas verdes. Algunos (o muchos) quieren asimilar a la bandera \u201coficial\u201d con los \u201cespa\u00f1olistas\u201d y, yendo m\u00e1s lejos, con la \u201cderecha\u201d. Por su parte, tambi\u00e9n algunos (o muchos) quieren asimilar la de las siete estrellas a los \u201cnacionalistas\u201d y, yendo m\u00e1s lejos, a los \u201cindependentistas\u201d. Esta bandera, en la actualidad, se quedar\u00eda un poco \u201ccoja\u201d al faltarle la octava estrella por La Graciosa (que tambi\u00e9n es hijita de Dios, tiene su corazoncito y merece estar).<\/p>\n<p style=\"text-align: center\"><a href=\"https:\/\/elcotarro.com\/wp-content\/uploads\/2021\/01\/foto4.jpg\"><img loading=\"lazy\" decoding=\"async\" class=\"aligncenter size-full wp-image-9403\" src=\"https:\/\/elcotarro.com\/wp-content\/uploads\/2021\/01\/foto4.jpg\" alt=\"\" width=\"1226\" height=\"400\" srcset=\"https:\/\/elcotarro.com\/wp-content\/uploads\/2021\/01\/foto4.jpg 1226w, https:\/\/elcotarro.com\/wp-content\/uploads\/2021\/01\/foto4-300x98.jpg 300w, https:\/\/elcotarro.com\/wp-content\/uploads\/2021\/01\/foto4-1024x334.jpg 1024w, https:\/\/elcotarro.com\/wp-content\/uploads\/2021\/01\/foto4-768x251.jpg 768w\" sizes=\"auto, (max-width: 1226px) 100vw, 1226px\" \/><\/a><\/p>\n<p style=\"text-align: center\"><em>Parece que tambi\u00e9n a los canarios se nos clasifica y\/o discrimina seg\u00fan qu\u00e9 bandera canaria sea la de nuestra predilecci\u00f3n.<\/em><\/p>\n","protected":false},"excerpt":{"rendered":"<p>La misma mediocridad, mezquindad o torpeza tenemos en nuestra querida tierra canaria. Parece que tenemos dos banderas, cuando no tres. En primer lugar, la bandera oficial, legal, democr\u00e1tica y mayoritariamente aprobada en 1982 por nuestro Parlamento de Canarias y refrendada Ley Org\u00e1nica de reforma del Estatuto de Autonom\u00eda de 2018, firmada por El Rey, Felipe &#8230; <a class=\"read-more\" href=\"https:\/\/elcotarro.com\/?p=9402\">Read more<\/a><\/p>\n","protected":false},"author":2,"featured_media":0,"comment_status":"open","ping_status":"open","sticky":false,"template":"","format":"standard","meta":{"_jetpack_memberships_contains_paid_content":false,"footnotes":""},"categories":[1],"tags":[],"class_list":["post-9402","post","type-post","status-publish","format-standard","hentry","category-sin-categoria"],"yoast_head":"<!-- This site is optimized with the Yoast SEO plugin v27.0 - https:\/\/yoast.com\/product\/yoast-seo-wordpress\/ -->\n<title>EN NUESTRA TIERRA NO NOS QUEDAMOS ATR\u00c1S - El Cotarro<\/title>\n<meta name=\"robots\" content=\"index, follow, max-snippet:-1, max-image-preview:large, max-video-preview:-1\" \/>\n<link rel=\"canonical\" href=\"https:\/\/elcotarro.com\/?p=9402\" \/>\n<meta property=\"og:locale\" content=\"es_ES\" \/>\n<meta property=\"og:type\" content=\"article\" \/>\n<meta property=\"og:title\" content=\"EN NUESTRA TIERRA NO NOS QUEDAMOS ATR\u00c1S - El Cotarro\" \/>\n<meta property=\"og:description\" content=\"La misma mediocridad, mezquindad o torpeza tenemos en nuestra querida tierra canaria. Parece que tenemos dos banderas, cuando no tres. En primer lugar, la bandera oficial, legal, democr\u00e1tica y mayoritariamente aprobada en 1982 por nuestro Parlamento de Canarias y refrendada Ley Org\u00e1nica de reforma del Estatuto de Autonom\u00eda de 2018, firmada por El Rey, Felipe ... Read more\" \/>\n<meta property=\"og:url\" content=\"https:\/\/elcotarro.com\/?p=9402\" \/>\n<meta property=\"og:site_name\" content=\"El Cotarro\" \/>\n<meta property=\"article:publisher\" content=\"https:\/\/www.facebook.com\/ElCotarro.Tenerife\" \/>\n<meta property=\"article:published_time\" content=\"2021-01-24T07:56:30+00:00\" \/>\n<meta property=\"article:modified_time\" content=\"2021-01-24T09:36:21+00:00\" \/>\n<meta property=\"og:image\" content=\"https:\/\/elcotarro.com\/wp-content\/uploads\/2021\/01\/foto4.jpg\" \/>\n<meta name=\"author\" content=\"Jos\u00e9 Carlos Marrero Gonz\u00e1lez\" \/>\n<meta name=\"twitter:label1\" content=\"Escrito por\" \/>\n\t<meta name=\"twitter:data1\" content=\"Jos\u00e9 Carlos Marrero Gonz\u00e1lez\" \/>\n\t<meta name=\"twitter:label2\" content=\"Tiempo de lectura\" \/>\n\t<meta name=\"twitter:data2\" content=\"1 minuto\" \/>\n<script type=\"application\/ld+json\" class=\"yoast-schema-graph\">{\"@context\":\"https:\/\/schema.org\",\"@graph\":[{\"@type\":\"Article\",\"@id\":\"https:\/\/elcotarro.com\/?p=9402#article\",\"isPartOf\":{\"@id\":\"https:\/\/elcotarro.com\/?p=9402\"},\"author\":{\"name\":\"Jos\u00e9 Carlos Marrero Gonz\u00e1lez\",\"@id\":\"https:\/\/elcotarro.com\/#\/schema\/person\/af537ee7d60d15984c7e0affcd8a918b\"},\"headline\":\"EN NUESTRA TIERRA NO NOS QUEDAMOS ATR\u00c1S\",\"datePublished\":\"2021-01-24T07:56:30+00:00\",\"dateModified\":\"2021-01-24T09:36:21+00:00\",\"mainEntityOfPage\":{\"@id\":\"https:\/\/elcotarro.com\/?p=9402\"},\"wordCount\":231,\"commentCount\":0,\"publisher\":{\"@id\":\"https:\/\/elcotarro.com\/#organization\"},\"image\":{\"@id\":\"https:\/\/elcotarro.com\/?p=9402#primaryimage\"},\"thumbnailUrl\":\"https:\/\/elcotarro.com\/wp-content\/uploads\/2021\/01\/foto4.jpg\",\"inLanguage\":\"es\",\"potentialAction\":[{\"@type\":\"CommentAction\",\"name\":\"Comment\",\"target\":[\"https:\/\/elcotarro.com\/?p=9402#respond\"]}]},{\"@type\":\"WebPage\",\"@id\":\"https:\/\/elcotarro.com\/?p=9402\",\"url\":\"https:\/\/elcotarro.com\/?p=9402\",\"name\":\"EN NUESTRA TIERRA NO NOS QUEDAMOS ATR\u00c1S - El Cotarro\",\"isPartOf\":{\"@id\":\"https:\/\/elcotarro.com\/#website\"},\"primaryImageOfPage\":{\"@id\":\"https:\/\/elcotarro.com\/?p=9402#primaryimage\"},\"image\":{\"@id\":\"https:\/\/elcotarro.com\/?p=9402#primaryimage\"},\"thumbnailUrl\":\"https:\/\/elcotarro.com\/wp-content\/uploads\/2021\/01\/foto4.jpg\",\"datePublished\":\"2021-01-24T07:56:30+00:00\",\"dateModified\":\"2021-01-24T09:36:21+00:00\",\"breadcrumb\":{\"@id\":\"https:\/\/elcotarro.com\/?p=9402#breadcrumb\"},\"inLanguage\":\"es\",\"potentialAction\":[{\"@type\":\"ReadAction\",\"target\":[\"https:\/\/elcotarro.com\/?p=9402\"]}]},{\"@type\":\"ImageObject\",\"inLanguage\":\"es\",\"@id\":\"https:\/\/elcotarro.com\/?p=9402#primaryimage\",\"url\":\"https:\/\/elcotarro.com\/wp-content\/uploads\/2021\/01\/foto4.jpg\",\"contentUrl\":\"https:\/\/elcotarro.com\/wp-content\/uploads\/2021\/01\/foto4.jpg\",\"width\":1226,\"height\":400},{\"@type\":\"BreadcrumbList\",\"@id\":\"https:\/\/elcotarro.com\/?p=9402#breadcrumb\",\"itemListElement\":[{\"@type\":\"ListItem\",\"position\":1,\"name\":\"Portada\",\"item\":\"https:\/\/elcotarro.com\/\"},{\"@type\":\"ListItem\",\"position\":2,\"name\":\"EN NUESTRA TIERRA NO NOS QUEDAMOS ATR\u00c1S\"}]},{\"@type\":\"WebSite\",\"@id\":\"https:\/\/elcotarro.com\/#website\",\"url\":\"https:\/\/elcotarro.com\/\",\"name\":\"El Cotarro\",\"description\":\"Peri\u00f3dico Digital Independiente dirigido por Jos\u00e9 Carlos Marrero\",\"publisher\":{\"@id\":\"https:\/\/elcotarro.com\/#organization\"},\"potentialAction\":[{\"@type\":\"SearchAction\",\"target\":{\"@type\":\"EntryPoint\",\"urlTemplate\":\"https:\/\/elcotarro.com\/?s={search_term_string}\"},\"query-input\":{\"@type\":\"PropertyValueSpecification\",\"valueRequired\":true,\"valueName\":\"search_term_string\"}}],\"inLanguage\":\"es\"},{\"@type\":\"Organization\",\"@id\":\"https:\/\/elcotarro.com\/#organization\",\"name\":\"El Cotarro\",\"url\":\"https:\/\/elcotarro.com\/\",\"logo\":{\"@type\":\"ImageObject\",\"inLanguage\":\"es\",\"@id\":\"https:\/\/elcotarro.com\/#\/schema\/logo\/image\/\",\"url\":\"https:\/\/elcotarro.com\/wp-content\/uploads\/2014\/09\/Cabecera_El_Cotarro_v2.jpg\",\"contentUrl\":\"https:\/\/elcotarro.com\/wp-content\/uploads\/2014\/09\/Cabecera_El_Cotarro_v2.jpg\",\"width\":3540,\"height\":441,\"caption\":\"El Cotarro\"},\"image\":{\"@id\":\"https:\/\/elcotarro.com\/#\/schema\/logo\/image\/\"},\"sameAs\":[\"https:\/\/www.facebook.com\/ElCotarro.Tenerife\"]},{\"@type\":\"Person\",\"@id\":\"https:\/\/elcotarro.com\/#\/schema\/person\/af537ee7d60d15984c7e0affcd8a918b\",\"name\":\"Jos\u00e9 Carlos Marrero Gonz\u00e1lez\",\"image\":{\"@type\":\"ImageObject\",\"inLanguage\":\"es\",\"@id\":\"https:\/\/elcotarro.com\/#\/schema\/person\/image\/\",\"url\":\"https:\/\/secure.gravatar.com\/avatar\/def4da036efb5d32c74d49c351f6dccc064dd69ad9f3aadc295c5a9a5391ca01?s=96&d=mm&r=g\",\"contentUrl\":\"https:\/\/secure.gravatar.com\/avatar\/def4da036efb5d32c74d49c351f6dccc064dd69ad9f3aadc295c5a9a5391ca01?s=96&d=mm&r=g\",\"caption\":\"Jos\u00e9 Carlos Marrero Gonz\u00e1lez\"},\"sameAs\":[\"https:\/\/elcotarro.com\"],\"url\":\"https:\/\/elcotarro.com\/?author=2\"}]}<\/script>\n<!-- \/ Yoast SEO plugin. -->","yoast_head_json":{"title":"EN NUESTRA TIERRA NO NOS QUEDAMOS ATR\u00c1S - El Cotarro","robots":{"index":"index","follow":"follow","max-snippet":"max-snippet:-1","max-image-preview":"max-image-preview:large","max-video-preview":"max-video-preview:-1"},"canonical":"https:\/\/elcotarro.com\/?p=9402","og_locale":"es_ES","og_type":"article","og_title":"EN NUESTRA TIERRA NO NOS QUEDAMOS ATR\u00c1S - El Cotarro","og_description":"La misma mediocridad, mezquindad o torpeza tenemos en nuestra querida tierra canaria. Parece que tenemos dos banderas, cuando no tres. En primer lugar, la bandera oficial, legal, democr\u00e1tica y mayoritariamente aprobada en 1982 por nuestro Parlamento de Canarias y refrendada Ley Org\u00e1nica de reforma del Estatuto de Autonom\u00eda de 2018, firmada por El Rey, Felipe ... Read more","og_url":"https:\/\/elcotarro.com\/?p=9402","og_site_name":"El Cotarro","article_publisher":"https:\/\/www.facebook.com\/ElCotarro.Tenerife","article_published_time":"2021-01-24T07:56:30+00:00","article_modified_time":"2021-01-24T09:36:21+00:00","og_image":[{"url":"https:\/\/elcotarro.com\/wp-content\/uploads\/2021\/01\/foto4.jpg","type":"","width":"","height":""}],"author":"Jos\u00e9 Carlos Marrero Gonz\u00e1lez","twitter_misc":{"Escrito por":"Jos\u00e9 Carlos Marrero Gonz\u00e1lez","Tiempo de lectura":"1 minuto"},"schema":{"@context":"https:\/\/schema.org","@graph":[{"@type":"Article","@id":"https:\/\/elcotarro.com\/?p=9402#article","isPartOf":{"@id":"https:\/\/elcotarro.com\/?p=9402"},"author":{"name":"Jos\u00e9 Carlos Marrero Gonz\u00e1lez","@id":"https:\/\/elcotarro.com\/#\/schema\/person\/af537ee7d60d15984c7e0affcd8a918b"},"headline":"EN NUESTRA TIERRA NO NOS QUEDAMOS ATR\u00c1S","datePublished":"2021-01-24T07:56:30+00:00","dateModified":"2021-01-24T09:36:21+00:00","mainEntityOfPage":{"@id":"https:\/\/elcotarro.com\/?p=9402"},"wordCount":231,"commentCount":0,"publisher":{"@id":"https:\/\/elcotarro.com\/#organization"},"image":{"@id":"https:\/\/elcotarro.com\/?p=9402#primaryimage"},"thumbnailUrl":"https:\/\/elcotarro.com\/wp-content\/uploads\/2021\/01\/foto4.jpg","inLanguage":"es","potentialAction":[{"@type":"CommentAction","name":"Comment","target":["https:\/\/elcotarro.com\/?p=9402#respond"]}]},{"@type":"WebPage","@id":"https:\/\/elcotarro.com\/?p=9402","url":"https:\/\/elcotarro.com\/?p=9402","name":"EN NUESTRA TIERRA NO NOS QUEDAMOS ATR\u00c1S - El Cotarro","isPartOf":{"@id":"https:\/\/elcotarro.com\/#website"},"primaryImageOfPage":{"@id":"https:\/\/elcotarro.com\/?p=9402#primaryimage"},"image":{"@id":"https:\/\/elcotarro.com\/?p=9402#primaryimage"},"thumbnailUrl":"https:\/\/elcotarro.com\/wp-content\/uploads\/2021\/01\/foto4.jpg","datePublished":"2021-01-24T07:56:30+00:00","dateModified":"2021-01-24T09:36:21+00:00","breadcrumb":{"@id":"https:\/\/elcotarro.com\/?p=9402#breadcrumb"},"inLanguage":"es","potentialAction":[{"@type":"ReadAction","target":["https:\/\/elcotarro.com\/?p=9402"]}]},{"@type":"ImageObject","inLanguage":"es","@id":"https:\/\/elcotarro.com\/?p=9402#primaryimage","url":"https:\/\/elcotarro.com\/wp-content\/uploads\/2021\/01\/foto4.jpg","contentUrl":"https:\/\/elcotarro.com\/wp-content\/uploads\/2021\/01\/foto4.jpg","width":1226,"height":400},{"@type":"BreadcrumbList","@id":"https:\/\/elcotarro.com\/?p=9402#breadcrumb","itemListElement":[{"@type":"ListItem","position":1,"name":"Portada","item":"https:\/\/elcotarro.com\/"},{"@type":"ListItem","position":2,"name":"EN NUESTRA TIERRA NO NOS QUEDAMOS ATR\u00c1S"}]},{"@type":"WebSite","@id":"https:\/\/elcotarro.com\/#website","url":"https:\/\/elcotarro.com\/","name":"El Cotarro","description":"Peri\u00f3dico Digital Independiente dirigido por Jos\u00e9 Carlos Marrero","publisher":{"@id":"https:\/\/elcotarro.com\/#organization"},"potentialAction":[{"@type":"SearchAction","target":{"@type":"EntryPoint","urlTemplate":"https:\/\/elcotarro.com\/?s={search_term_string}"},"query-input":{"@type":"PropertyValueSpecification","valueRequired":true,"valueName":"search_term_string"}}],"inLanguage":"es"},{"@type":"Organization","@id":"https:\/\/elcotarro.com\/#organization","name":"El Cotarro","url":"https:\/\/elcotarro.com\/","logo":{"@type":"ImageObject","inLanguage":"es","@id":"https:\/\/elcotarro.com\/#\/schema\/logo\/image\/","url":"https:\/\/elcotarro.com\/wp-content\/uploads\/2014\/09\/Cabecera_El_Cotarro_v2.jpg","contentUrl":"https:\/\/elcotarro.com\/wp-content\/uploads\/2014\/09\/Cabecera_El_Cotarro_v2.jpg","width":3540,"height":441,"caption":"El Cotarro"},"image":{"@id":"https:\/\/elcotarro.com\/#\/schema\/logo\/image\/"},"sameAs":["https:\/\/www.facebook.com\/ElCotarro.Tenerife"]},{"@type":"Person","@id":"https:\/\/elcotarro.com\/#\/schema\/person\/af537ee7d60d15984c7e0affcd8a918b","name":"Jos\u00e9 Carlos Marrero Gonz\u00e1lez","image":{"@type":"ImageObject","inLanguage":"es","@id":"https:\/\/elcotarro.com\/#\/schema\/person\/image\/","url":"https:\/\/secure.gravatar.com\/avatar\/def4da036efb5d32c74d49c351f6dccc064dd69ad9f3aadc295c5a9a5391ca01?s=96&d=mm&r=g","contentUrl":"https:\/\/secure.gravatar.com\/avatar\/def4da036efb5d32c74d49c351f6dccc064dd69ad9f3aadc295c5a9a5391ca01?s=96&d=mm&r=g","caption":"Jos\u00e9 Carlos Marrero Gonz\u00e1lez"},"sameAs":["https:\/\/elcotarro.com"],"url":"https:\/\/elcotarro.com\/?author=2"}]}},"jetpack_featured_media_url":"","jetpack_sharing_enabled":true,"_links":{"self":[{"href":"https:\/\/elcotarro.com\/index.php?rest_route=\/wp\/v2\/posts\/9402","targetHints":{"allow":["GET"]}}],"collection":[{"href":"https:\/\/elcotarro.com\/index.php?rest_route=\/wp\/v2\/posts"}],"about":[{"href":"https:\/\/elcotarro.com\/index.php?rest_route=\/wp\/v2\/types\/post"}],"author":[{"embeddable":true,"href":"https:\/\/elcotarro.com\/index.php?rest_route=\/wp\/v2\/users\/2"}],"replies":[{"embeddable":true,"href":"https:\/\/elcotarro.com\/index.php?rest_route=%2Fwp%2Fv2%2Fcomments&post=9402"}],"version-history":[{"count":3,"href":"https:\/\/elcotarro.com\/index.php?rest_route=\/wp\/v2\/posts\/9402\/revisions"}],"predecessor-version":[{"id":9423,"href":"https:\/\/elcotarro.com\/index.php?rest_route=\/wp\/v2\/posts\/9402\/revisions\/9423"}],"wp:attachment":[{"href":"https:\/\/elcotarro.com\/index.php?rest_route=%2Fwp%2Fv2%2Fmedia&parent=9402"}],"wp:term":[{"taxonomy":"category","embeddable":true,"href":"https:\/\/elcotarro.com\/index.php?rest_route=%2Fwp%2Fv2%2Fcategories&post=9402"},{"taxonomy":"post_tag","embeddable":true,"href":"https:\/\/elcotarro.com\/index.php?rest_route=%2Fwp%2Fv2%2Ftags&post=9402"}],"curies":[{"name":"wp","href":"https:\/\/api.w.org\/{rel}","templated":true}]}}