{"id":9405,"date":"2021-01-24T07:55:09","date_gmt":"2021-01-24T07:55:09","guid":{"rendered":"https:\/\/elcotarro.com\/?p=9405"},"modified":"2021-01-24T09:39:57","modified_gmt":"2021-01-24T09:39:57","slug":"debate-interesado-entre-banderas","status":"publish","type":"post","link":"https:\/\/elcotarro.com\/?p=9405","title":{"rendered":"DEBATE INTERESADO ENTRE BANDERAS"},"content":{"rendered":"<p>Siempre he dicho p\u00fablicamente (y hoy lo escribo) que, cuanto antes sea posible y de cara al futuro (pensando sobre todo en nuestra infancia y juventud) deber\u00edamos aclararnos nosotros mismos, y, de nuevo democr\u00e1ticamente y mejor por consenso, revisar esto de los s\u00edmbolos y, si hiciera falta, reformar (como se hizo con el Estatuto de Autonom\u00eda) lo que proceda de la mejor manera. En lo de nuestra bandera, adem\u00e1s, el amor, el sentimiento y el respeto hacia ella no termina de calar por el debate de su su duplicidad y hasta porque en las fiestas populares se ponen (creo que porque son m\u00e1s baratas) con las franjas en sentido horizontal. Y peor a\u00fan, en determinadas islas o lugares se pone con el blanco y azul encima (como si Tenerife estuviera por encima de Gran Canaria) y en otros, como dice el mago, <em>\u201ca la viceversa\u201d,<\/em> el azul y amarillo por encima, como si predominase Gran Canaria sobre Tenerife. Como dir\u00eda don <strong>Juan R\u00edos Tejera<\/strong> (nuestro popular y respetado \u201c<strong>Juanito Cabeza<\/strong>\u201d) \u2026 <em>\u201c\u00a1no me busquen problemas donde no los hay!\u201d<\/em> &#8230;. y\u2026 <em>\u201c\u00a1arreglen eso por las buenas!\u201d<\/em><\/p>\n<p style=\"text-align: center\"><a href=\"https:\/\/elcotarro.com\/wp-content\/uploads\/2021\/01\/foto5.jpg\"><img loading=\"lazy\" decoding=\"async\" class=\"aligncenter size-full wp-image-9406\" src=\"https:\/\/elcotarro.com\/wp-content\/uploads\/2021\/01\/foto5.jpg\" alt=\"\" width=\"1268\" height=\"309\" srcset=\"https:\/\/elcotarro.com\/wp-content\/uploads\/2021\/01\/foto5.jpg 1268w, https:\/\/elcotarro.com\/wp-content\/uploads\/2021\/01\/foto5-300x73.jpg 300w, https:\/\/elcotarro.com\/wp-content\/uploads\/2021\/01\/foto5-1024x250.jpg 1024w, https:\/\/elcotarro.com\/wp-content\/uploads\/2021\/01\/foto5-768x187.jpg 768w\" sizes=\"auto, (max-width: 1268px) 100vw, 1268px\" \/><\/a><\/p>\n<p style=\"text-align: center\"><em>\u00bfTenerife o Gran Canaria por encima?&#8230; \u201c\u00a1no me busquen problemas donde no los hay!\u201d<\/em>&#8230;. y\u2026 <em>\u201c\u00a1arreglen eso por las buenas!\u201d<\/em><\/p>\n","protected":false},"excerpt":{"rendered":"<p>Siempre he dicho p\u00fablicamente (y hoy lo escribo) que, cuanto antes sea posible y de cara al futuro (pensando sobre todo en nuestra infancia y juventud) deber\u00edamos aclararnos nosotros mismos, y, de nuevo democr\u00e1ticamente y mejor por consenso, revisar esto de los s\u00edmbolos y, si hiciera falta, reformar (como se hizo con el Estatuto de &#8230; <a class=\"read-more\" href=\"https:\/\/elcotarro.com\/?p=9405\">Read more<\/a><\/p>\n","protected":false},"author":2,"featured_media":0,"comment_status":"open","ping_status":"open","sticky":false,"template":"","format":"standard","meta":{"_jetpack_memberships_contains_paid_content":false,"footnotes":""},"categories":[1],"tags":[],"class_list":["post-9405","post","type-post","status-publish","format-standard","hentry","category-sin-categoria"],"yoast_head":"<!-- This site is optimized with the Yoast SEO plugin v27.0 - https:\/\/yoast.com\/product\/yoast-seo-wordpress\/ -->\n<title>DEBATE INTERESADO ENTRE BANDERAS - El Cotarro<\/title>\n<meta name=\"robots\" content=\"index, follow, max-snippet:-1, max-image-preview:large, max-video-preview:-1\" \/>\n<link rel=\"canonical\" href=\"https:\/\/elcotarro.com\/?p=9405\" \/>\n<meta property=\"og:locale\" content=\"es_ES\" \/>\n<meta property=\"og:type\" content=\"article\" \/>\n<meta property=\"og:title\" content=\"DEBATE INTERESADO ENTRE BANDERAS - El Cotarro\" \/>\n<meta property=\"og:description\" content=\"Siempre he dicho p\u00fablicamente (y hoy lo escribo) que, cuanto antes sea posible y de cara al futuro (pensando sobre todo en nuestra infancia y juventud) deber\u00edamos aclararnos nosotros mismos, y, de nuevo democr\u00e1ticamente y mejor por consenso, revisar esto de los s\u00edmbolos y, si hiciera falta, reformar (como se hizo con el Estatuto de ... Read more\" \/>\n<meta property=\"og:url\" content=\"https:\/\/elcotarro.com\/?p=9405\" \/>\n<meta property=\"og:site_name\" content=\"El Cotarro\" \/>\n<meta property=\"article:publisher\" content=\"https:\/\/www.facebook.com\/ElCotarro.Tenerife\" \/>\n<meta property=\"article:published_time\" content=\"2021-01-24T07:55:09+00:00\" \/>\n<meta property=\"article:modified_time\" content=\"2021-01-24T09:39:57+00:00\" \/>\n<meta property=\"og:image\" content=\"https:\/\/elcotarro.com\/wp-content\/uploads\/2021\/01\/foto5.jpg\" \/>\n<meta name=\"author\" content=\"Jos\u00e9 Carlos Marrero Gonz\u00e1lez\" \/>\n<meta name=\"twitter:label1\" content=\"Escrito por\" \/>\n\t<meta name=\"twitter:data1\" content=\"Jos\u00e9 Carlos Marrero Gonz\u00e1lez\" \/>\n\t<meta name=\"twitter:label2\" content=\"Tiempo de lectura\" \/>\n\t<meta name=\"twitter:data2\" content=\"1 minuto\" \/>\n<script type=\"application\/ld+json\" class=\"yoast-schema-graph\">{\"@context\":\"https:\/\/schema.org\",\"@graph\":[{\"@type\":\"Article\",\"@id\":\"https:\/\/elcotarro.com\/?p=9405#article\",\"isPartOf\":{\"@id\":\"https:\/\/elcotarro.com\/?p=9405\"},\"author\":{\"name\":\"Jos\u00e9 Carlos Marrero Gonz\u00e1lez\",\"@id\":\"https:\/\/elcotarro.com\/#\/schema\/person\/af537ee7d60d15984c7e0affcd8a918b\"},\"headline\":\"DEBATE INTERESADO ENTRE BANDERAS\",\"datePublished\":\"2021-01-24T07:55:09+00:00\",\"dateModified\":\"2021-01-24T09:39:57+00:00\",\"mainEntityOfPage\":{\"@id\":\"https:\/\/elcotarro.com\/?p=9405\"},\"wordCount\":218,\"commentCount\":0,\"publisher\":{\"@id\":\"https:\/\/elcotarro.com\/#organization\"},\"image\":{\"@id\":\"https:\/\/elcotarro.com\/?p=9405#primaryimage\"},\"thumbnailUrl\":\"https:\/\/elcotarro.com\/wp-content\/uploads\/2021\/01\/foto5.jpg\",\"inLanguage\":\"es\",\"potentialAction\":[{\"@type\":\"CommentAction\",\"name\":\"Comment\",\"target\":[\"https:\/\/elcotarro.com\/?p=9405#respond\"]}]},{\"@type\":\"WebPage\",\"@id\":\"https:\/\/elcotarro.com\/?p=9405\",\"url\":\"https:\/\/elcotarro.com\/?p=9405\",\"name\":\"DEBATE INTERESADO ENTRE BANDERAS - El Cotarro\",\"isPartOf\":{\"@id\":\"https:\/\/elcotarro.com\/#website\"},\"primaryImageOfPage\":{\"@id\":\"https:\/\/elcotarro.com\/?p=9405#primaryimage\"},\"image\":{\"@id\":\"https:\/\/elcotarro.com\/?p=9405#primaryimage\"},\"thumbnailUrl\":\"https:\/\/elcotarro.com\/wp-content\/uploads\/2021\/01\/foto5.jpg\",\"datePublished\":\"2021-01-24T07:55:09+00:00\",\"dateModified\":\"2021-01-24T09:39:57+00:00\",\"breadcrumb\":{\"@id\":\"https:\/\/elcotarro.com\/?p=9405#breadcrumb\"},\"inLanguage\":\"es\",\"potentialAction\":[{\"@type\":\"ReadAction\",\"target\":[\"https:\/\/elcotarro.com\/?p=9405\"]}]},{\"@type\":\"ImageObject\",\"inLanguage\":\"es\",\"@id\":\"https:\/\/elcotarro.com\/?p=9405#primaryimage\",\"url\":\"https:\/\/elcotarro.com\/wp-content\/uploads\/2021\/01\/foto5.jpg\",\"contentUrl\":\"https:\/\/elcotarro.com\/wp-content\/uploads\/2021\/01\/foto5.jpg\",\"width\":1268,\"height\":309},{\"@type\":\"BreadcrumbList\",\"@id\":\"https:\/\/elcotarro.com\/?p=9405#breadcrumb\",\"itemListElement\":[{\"@type\":\"ListItem\",\"position\":1,\"name\":\"Portada\",\"item\":\"https:\/\/elcotarro.com\/\"},{\"@type\":\"ListItem\",\"position\":2,\"name\":\"DEBATE INTERESADO ENTRE BANDERAS\"}]},{\"@type\":\"WebSite\",\"@id\":\"https:\/\/elcotarro.com\/#website\",\"url\":\"https:\/\/elcotarro.com\/\",\"name\":\"El Cotarro\",\"description\":\"Peri\u00f3dico Digital Independiente dirigido por Jos\u00e9 Carlos Marrero\",\"publisher\":{\"@id\":\"https:\/\/elcotarro.com\/#organization\"},\"potentialAction\":[{\"@type\":\"SearchAction\",\"target\":{\"@type\":\"EntryPoint\",\"urlTemplate\":\"https:\/\/elcotarro.com\/?s={search_term_string}\"},\"query-input\":{\"@type\":\"PropertyValueSpecification\",\"valueRequired\":true,\"valueName\":\"search_term_string\"}}],\"inLanguage\":\"es\"},{\"@type\":\"Organization\",\"@id\":\"https:\/\/elcotarro.com\/#organization\",\"name\":\"El Cotarro\",\"url\":\"https:\/\/elcotarro.com\/\",\"logo\":{\"@type\":\"ImageObject\",\"inLanguage\":\"es\",\"@id\":\"https:\/\/elcotarro.com\/#\/schema\/logo\/image\/\",\"url\":\"https:\/\/elcotarro.com\/wp-content\/uploads\/2014\/09\/Cabecera_El_Cotarro_v2.jpg\",\"contentUrl\":\"https:\/\/elcotarro.com\/wp-content\/uploads\/2014\/09\/Cabecera_El_Cotarro_v2.jpg\",\"width\":3540,\"height\":441,\"caption\":\"El Cotarro\"},\"image\":{\"@id\":\"https:\/\/elcotarro.com\/#\/schema\/logo\/image\/\"},\"sameAs\":[\"https:\/\/www.facebook.com\/ElCotarro.Tenerife\"]},{\"@type\":\"Person\",\"@id\":\"https:\/\/elcotarro.com\/#\/schema\/person\/af537ee7d60d15984c7e0affcd8a918b\",\"name\":\"Jos\u00e9 Carlos Marrero Gonz\u00e1lez\",\"image\":{\"@type\":\"ImageObject\",\"inLanguage\":\"es\",\"@id\":\"https:\/\/elcotarro.com\/#\/schema\/person\/image\/\",\"url\":\"https:\/\/secure.gravatar.com\/avatar\/def4da036efb5d32c74d49c351f6dccc064dd69ad9f3aadc295c5a9a5391ca01?s=96&d=mm&r=g\",\"contentUrl\":\"https:\/\/secure.gravatar.com\/avatar\/def4da036efb5d32c74d49c351f6dccc064dd69ad9f3aadc295c5a9a5391ca01?s=96&d=mm&r=g\",\"caption\":\"Jos\u00e9 Carlos Marrero Gonz\u00e1lez\"},\"sameAs\":[\"https:\/\/elcotarro.com\"],\"url\":\"https:\/\/elcotarro.com\/?author=2\"}]}<\/script>\n<!-- \/ Yoast SEO plugin. -->","yoast_head_json":{"title":"DEBATE INTERESADO ENTRE BANDERAS - El Cotarro","robots":{"index":"index","follow":"follow","max-snippet":"max-snippet:-1","max-image-preview":"max-image-preview:large","max-video-preview":"max-video-preview:-1"},"canonical":"https:\/\/elcotarro.com\/?p=9405","og_locale":"es_ES","og_type":"article","og_title":"DEBATE INTERESADO ENTRE BANDERAS - El Cotarro","og_description":"Siempre he dicho p\u00fablicamente (y hoy lo escribo) que, cuanto antes sea posible y de cara al futuro (pensando sobre todo en nuestra infancia y juventud) deber\u00edamos aclararnos nosotros mismos, y, de nuevo democr\u00e1ticamente y mejor por consenso, revisar esto de los s\u00edmbolos y, si hiciera falta, reformar (como se hizo con el Estatuto de ... Read more","og_url":"https:\/\/elcotarro.com\/?p=9405","og_site_name":"El Cotarro","article_publisher":"https:\/\/www.facebook.com\/ElCotarro.Tenerife","article_published_time":"2021-01-24T07:55:09+00:00","article_modified_time":"2021-01-24T09:39:57+00:00","og_image":[{"url":"https:\/\/elcotarro.com\/wp-content\/uploads\/2021\/01\/foto5.jpg","type":"","width":"","height":""}],"author":"Jos\u00e9 Carlos Marrero Gonz\u00e1lez","twitter_misc":{"Escrito por":"Jos\u00e9 Carlos Marrero Gonz\u00e1lez","Tiempo de lectura":"1 minuto"},"schema":{"@context":"https:\/\/schema.org","@graph":[{"@type":"Article","@id":"https:\/\/elcotarro.com\/?p=9405#article","isPartOf":{"@id":"https:\/\/elcotarro.com\/?p=9405"},"author":{"name":"Jos\u00e9 Carlos Marrero Gonz\u00e1lez","@id":"https:\/\/elcotarro.com\/#\/schema\/person\/af537ee7d60d15984c7e0affcd8a918b"},"headline":"DEBATE INTERESADO ENTRE BANDERAS","datePublished":"2021-01-24T07:55:09+00:00","dateModified":"2021-01-24T09:39:57+00:00","mainEntityOfPage":{"@id":"https:\/\/elcotarro.com\/?p=9405"},"wordCount":218,"commentCount":0,"publisher":{"@id":"https:\/\/elcotarro.com\/#organization"},"image":{"@id":"https:\/\/elcotarro.com\/?p=9405#primaryimage"},"thumbnailUrl":"https:\/\/elcotarro.com\/wp-content\/uploads\/2021\/01\/foto5.jpg","inLanguage":"es","potentialAction":[{"@type":"CommentAction","name":"Comment","target":["https:\/\/elcotarro.com\/?p=9405#respond"]}]},{"@type":"WebPage","@id":"https:\/\/elcotarro.com\/?p=9405","url":"https:\/\/elcotarro.com\/?p=9405","name":"DEBATE INTERESADO ENTRE BANDERAS - El Cotarro","isPartOf":{"@id":"https:\/\/elcotarro.com\/#website"},"primaryImageOfPage":{"@id":"https:\/\/elcotarro.com\/?p=9405#primaryimage"},"image":{"@id":"https:\/\/elcotarro.com\/?p=9405#primaryimage"},"thumbnailUrl":"https:\/\/elcotarro.com\/wp-content\/uploads\/2021\/01\/foto5.jpg","datePublished":"2021-01-24T07:55:09+00:00","dateModified":"2021-01-24T09:39:57+00:00","breadcrumb":{"@id":"https:\/\/elcotarro.com\/?p=9405#breadcrumb"},"inLanguage":"es","potentialAction":[{"@type":"ReadAction","target":["https:\/\/elcotarro.com\/?p=9405"]}]},{"@type":"ImageObject","inLanguage":"es","@id":"https:\/\/elcotarro.com\/?p=9405#primaryimage","url":"https:\/\/elcotarro.com\/wp-content\/uploads\/2021\/01\/foto5.jpg","contentUrl":"https:\/\/elcotarro.com\/wp-content\/uploads\/2021\/01\/foto5.jpg","width":1268,"height":309},{"@type":"BreadcrumbList","@id":"https:\/\/elcotarro.com\/?p=9405#breadcrumb","itemListElement":[{"@type":"ListItem","position":1,"name":"Portada","item":"https:\/\/elcotarro.com\/"},{"@type":"ListItem","position":2,"name":"DEBATE INTERESADO ENTRE BANDERAS"}]},{"@type":"WebSite","@id":"https:\/\/elcotarro.com\/#website","url":"https:\/\/elcotarro.com\/","name":"El Cotarro","description":"Peri\u00f3dico Digital Independiente dirigido por Jos\u00e9 Carlos Marrero","publisher":{"@id":"https:\/\/elcotarro.com\/#organization"},"potentialAction":[{"@type":"SearchAction","target":{"@type":"EntryPoint","urlTemplate":"https:\/\/elcotarro.com\/?s={search_term_string}"},"query-input":{"@type":"PropertyValueSpecification","valueRequired":true,"valueName":"search_term_string"}}],"inLanguage":"es"},{"@type":"Organization","@id":"https:\/\/elcotarro.com\/#organization","name":"El Cotarro","url":"https:\/\/elcotarro.com\/","logo":{"@type":"ImageObject","inLanguage":"es","@id":"https:\/\/elcotarro.com\/#\/schema\/logo\/image\/","url":"https:\/\/elcotarro.com\/wp-content\/uploads\/2014\/09\/Cabecera_El_Cotarro_v2.jpg","contentUrl":"https:\/\/elcotarro.com\/wp-content\/uploads\/2014\/09\/Cabecera_El_Cotarro_v2.jpg","width":3540,"height":441,"caption":"El Cotarro"},"image":{"@id":"https:\/\/elcotarro.com\/#\/schema\/logo\/image\/"},"sameAs":["https:\/\/www.facebook.com\/ElCotarro.Tenerife"]},{"@type":"Person","@id":"https:\/\/elcotarro.com\/#\/schema\/person\/af537ee7d60d15984c7e0affcd8a918b","name":"Jos\u00e9 Carlos Marrero Gonz\u00e1lez","image":{"@type":"ImageObject","inLanguage":"es","@id":"https:\/\/elcotarro.com\/#\/schema\/person\/image\/","url":"https:\/\/secure.gravatar.com\/avatar\/def4da036efb5d32c74d49c351f6dccc064dd69ad9f3aadc295c5a9a5391ca01?s=96&d=mm&r=g","contentUrl":"https:\/\/secure.gravatar.com\/avatar\/def4da036efb5d32c74d49c351f6dccc064dd69ad9f3aadc295c5a9a5391ca01?s=96&d=mm&r=g","caption":"Jos\u00e9 Carlos Marrero Gonz\u00e1lez"},"sameAs":["https:\/\/elcotarro.com"],"url":"https:\/\/elcotarro.com\/?author=2"}]}},"jetpack_featured_media_url":"","jetpack_sharing_enabled":true,"_links":{"self":[{"href":"https:\/\/elcotarro.com\/index.php?rest_route=\/wp\/v2\/posts\/9405","targetHints":{"allow":["GET"]}}],"collection":[{"href":"https:\/\/elcotarro.com\/index.php?rest_route=\/wp\/v2\/posts"}],"about":[{"href":"https:\/\/elcotarro.com\/index.php?rest_route=\/wp\/v2\/types\/post"}],"author":[{"embeddable":true,"href":"https:\/\/elcotarro.com\/index.php?rest_route=\/wp\/v2\/users\/2"}],"replies":[{"embeddable":true,"href":"https:\/\/elcotarro.com\/index.php?rest_route=%2Fwp%2Fv2%2Fcomments&post=9405"}],"version-history":[{"count":3,"href":"https:\/\/elcotarro.com\/index.php?rest_route=\/wp\/v2\/posts\/9405\/revisions"}],"predecessor-version":[{"id":9425,"href":"https:\/\/elcotarro.com\/index.php?rest_route=\/wp\/v2\/posts\/9405\/revisions\/9425"}],"wp:attachment":[{"href":"https:\/\/elcotarro.com\/index.php?rest_route=%2Fwp%2Fv2%2Fmedia&parent=9405"}],"wp:term":[{"taxonomy":"category","embeddable":true,"href":"https:\/\/elcotarro.com\/index.php?rest_route=%2Fwp%2Fv2%2Fcategories&post=9405"},{"taxonomy":"post_tag","embeddable":true,"href":"https:\/\/elcotarro.com\/index.php?rest_route=%2Fwp%2Fv2%2Ftags&post=9405"}],"curies":[{"name":"wp","href":"https:\/\/api.w.org\/{rel}","templated":true}]}}