{"id":9417,"date":"2021-01-24T07:51:47","date_gmt":"2021-01-24T07:51:47","guid":{"rendered":"https:\/\/elcotarro.com\/?p=9417"},"modified":"2021-01-23T20:40:25","modified_gmt":"2021-01-23T20:40:25","slug":"el-mirlo-se-vio-pero-sin-capturar-su-imagen","status":"publish","type":"post","link":"https:\/\/elcotarro.com\/?p=9417","title":{"rendered":"EL MIRLO SE VIO, PERO SIN CAPTURAR SU IMAGEN"},"content":{"rendered":"<p>Les recuerdo para terminar que un personaje muy especial, <strong>Juan Canario<\/strong>, fiel lector de <strong><em>El Cotarro\u00a0<\/em><\/strong>desde hace a\u00f1os, a la vez que autor de curiosos art\u00edculos publicados en la plataforma hermana, <strong>Canarias en Positivo<\/strong>, asegura haber visto un ejemplar de mirlo blanco (que augura buena suerte y mejor a\u00f1o y futuro) volando por los alrededores del <strong>Parque Garc\u00eda Sanabria<\/strong> y ha pedido la colaboraci\u00f3n de todos para confirmar la noticia. Rese\u00f1ar, una vez m\u00e1s, que <strong>Juan Canario<\/strong> es el seud\u00f3nimo que utiliza un veterano empresario canario de \u00e9xito, muy bien informado y gran analista de la realidad que padecemos, que ha vivido siempre de forma discreta y cuidando su anonimato todo lo que puede y m\u00e1s. Por ello, cada vez que <strong>Juan Canario\u00a0<\/strong>desea hacer llegar alguna de sus sesudas reflexiones, manifestar su opini\u00f3n o plantear sus curiosas teor\u00edas, escribe un art\u00edculo en la plataforma de an\u00e1lisis y debate, Canarias en Positivo, pero, en vez de firmarlo con su nombre, los art\u00edculos que escribe me los pasa a m\u00ed y yo los publico en su nombre. Los pueden ver y disfrutar de ellos ley\u00e9ndolos en: <a href=\"http:\/\/www.canariasenpositivo.com\/\">canariasenpositivo.com<\/a><\/p>\n<p style=\"text-align: center\"><a href=\"https:\/\/elcotarro.com\/wp-content\/uploads\/2021\/01\/FOTO-21.-MIRLO-BLANCO.jpg\"><img loading=\"lazy\" decoding=\"async\" class=\"aligncenter size-full wp-image-9418\" src=\"https:\/\/elcotarro.com\/wp-content\/uploads\/2021\/01\/FOTO-21.-MIRLO-BLANCO.jpg\" alt=\"\" width=\"512\" height=\"399\" srcset=\"https:\/\/elcotarro.com\/wp-content\/uploads\/2021\/01\/FOTO-21.-MIRLO-BLANCO.jpg 512w, https:\/\/elcotarro.com\/wp-content\/uploads\/2021\/01\/FOTO-21.-MIRLO-BLANCO-300x234.jpg 300w\" sizes=\"auto, (max-width: 512px) 100vw, 512px\" \/><\/a><\/p>\n<p style=\"text-align: center\"><em>Fotograf\u00eda de un mirlo blanco, aunque el del parque puede tener alguna manchita.<\/em><\/p>\n","protected":false},"excerpt":{"rendered":"<p>Les recuerdo para terminar que un personaje muy especial, Juan Canario, fiel lector de El Cotarro\u00a0desde hace a\u00f1os, a la vez que autor de curiosos art\u00edculos publicados en la plataforma hermana, Canarias en Positivo, asegura haber visto un ejemplar de mirlo blanco (que augura buena suerte y mejor a\u00f1o y futuro) volando por los alrededores &#8230; <a class=\"read-more\" href=\"https:\/\/elcotarro.com\/?p=9417\">Read more<\/a><\/p>\n","protected":false},"author":2,"featured_media":0,"comment_status":"open","ping_status":"open","sticky":false,"template":"","format":"standard","meta":{"_jetpack_memberships_contains_paid_content":false,"footnotes":""},"categories":[1],"tags":[],"class_list":["post-9417","post","type-post","status-publish","format-standard","hentry","category-sin-categoria"],"yoast_head":"<!-- This site is optimized with the Yoast SEO plugin v27.0 - https:\/\/yoast.com\/product\/yoast-seo-wordpress\/ -->\n<title>EL MIRLO SE VIO, PERO SIN CAPTURAR SU IMAGEN - El Cotarro<\/title>\n<meta name=\"robots\" content=\"index, follow, max-snippet:-1, max-image-preview:large, max-video-preview:-1\" \/>\n<link rel=\"canonical\" href=\"https:\/\/elcotarro.com\/?p=9417\" \/>\n<meta property=\"og:locale\" content=\"es_ES\" \/>\n<meta property=\"og:type\" content=\"article\" \/>\n<meta property=\"og:title\" content=\"EL MIRLO SE VIO, PERO SIN CAPTURAR SU IMAGEN - El Cotarro\" \/>\n<meta property=\"og:description\" content=\"Les recuerdo para terminar que un personaje muy especial, Juan Canario, fiel lector de El Cotarro\u00a0desde hace a\u00f1os, a la vez que autor de curiosos art\u00edculos publicados en la plataforma hermana, Canarias en Positivo, asegura haber visto un ejemplar de mirlo blanco (que augura buena suerte y mejor a\u00f1o y futuro) volando por los alrededores ... Read more\" \/>\n<meta property=\"og:url\" content=\"https:\/\/elcotarro.com\/?p=9417\" \/>\n<meta property=\"og:site_name\" content=\"El Cotarro\" \/>\n<meta property=\"article:publisher\" content=\"https:\/\/www.facebook.com\/ElCotarro.Tenerife\" \/>\n<meta property=\"article:published_time\" content=\"2021-01-24T07:51:47+00:00\" \/>\n<meta property=\"og:image\" content=\"https:\/\/elcotarro.com\/wp-content\/uploads\/2021\/01\/FOTO-21.-MIRLO-BLANCO.jpg\" \/>\n<meta name=\"author\" content=\"Jos\u00e9 Carlos Marrero Gonz\u00e1lez\" \/>\n<meta name=\"twitter:label1\" content=\"Escrito por\" \/>\n\t<meta name=\"twitter:data1\" content=\"Jos\u00e9 Carlos Marrero Gonz\u00e1lez\" \/>\n\t<meta name=\"twitter:label2\" content=\"Tiempo de lectura\" \/>\n\t<meta name=\"twitter:data2\" content=\"1 minuto\" \/>\n<script type=\"application\/ld+json\" class=\"yoast-schema-graph\">{\"@context\":\"https:\/\/schema.org\",\"@graph\":[{\"@type\":\"Article\",\"@id\":\"https:\/\/elcotarro.com\/?p=9417#article\",\"isPartOf\":{\"@id\":\"https:\/\/elcotarro.com\/?p=9417\"},\"author\":{\"name\":\"Jos\u00e9 Carlos Marrero Gonz\u00e1lez\",\"@id\":\"https:\/\/elcotarro.com\/#\/schema\/person\/af537ee7d60d15984c7e0affcd8a918b\"},\"headline\":\"EL MIRLO SE VIO, PERO SIN CAPTURAR SU IMAGEN\",\"datePublished\":\"2021-01-24T07:51:47+00:00\",\"mainEntityOfPage\":{\"@id\":\"https:\/\/elcotarro.com\/?p=9417\"},\"wordCount\":226,\"commentCount\":0,\"publisher\":{\"@id\":\"https:\/\/elcotarro.com\/#organization\"},\"image\":{\"@id\":\"https:\/\/elcotarro.com\/?p=9417#primaryimage\"},\"thumbnailUrl\":\"https:\/\/elcotarro.com\/wp-content\/uploads\/2021\/01\/FOTO-21.-MIRLO-BLANCO.jpg\",\"inLanguage\":\"es\",\"potentialAction\":[{\"@type\":\"CommentAction\",\"name\":\"Comment\",\"target\":[\"https:\/\/elcotarro.com\/?p=9417#respond\"]}]},{\"@type\":\"WebPage\",\"@id\":\"https:\/\/elcotarro.com\/?p=9417\",\"url\":\"https:\/\/elcotarro.com\/?p=9417\",\"name\":\"EL MIRLO SE VIO, PERO SIN CAPTURAR SU IMAGEN - El Cotarro\",\"isPartOf\":{\"@id\":\"https:\/\/elcotarro.com\/#website\"},\"primaryImageOfPage\":{\"@id\":\"https:\/\/elcotarro.com\/?p=9417#primaryimage\"},\"image\":{\"@id\":\"https:\/\/elcotarro.com\/?p=9417#primaryimage\"},\"thumbnailUrl\":\"https:\/\/elcotarro.com\/wp-content\/uploads\/2021\/01\/FOTO-21.-MIRLO-BLANCO.jpg\",\"datePublished\":\"2021-01-24T07:51:47+00:00\",\"breadcrumb\":{\"@id\":\"https:\/\/elcotarro.com\/?p=9417#breadcrumb\"},\"inLanguage\":\"es\",\"potentialAction\":[{\"@type\":\"ReadAction\",\"target\":[\"https:\/\/elcotarro.com\/?p=9417\"]}]},{\"@type\":\"ImageObject\",\"inLanguage\":\"es\",\"@id\":\"https:\/\/elcotarro.com\/?p=9417#primaryimage\",\"url\":\"https:\/\/elcotarro.com\/wp-content\/uploads\/2021\/01\/FOTO-21.-MIRLO-BLANCO.jpg\",\"contentUrl\":\"https:\/\/elcotarro.com\/wp-content\/uploads\/2021\/01\/FOTO-21.-MIRLO-BLANCO.jpg\",\"width\":512,\"height\":399},{\"@type\":\"BreadcrumbList\",\"@id\":\"https:\/\/elcotarro.com\/?p=9417#breadcrumb\",\"itemListElement\":[{\"@type\":\"ListItem\",\"position\":1,\"name\":\"Portada\",\"item\":\"https:\/\/elcotarro.com\/\"},{\"@type\":\"ListItem\",\"position\":2,\"name\":\"EL MIRLO SE VIO, PERO SIN CAPTURAR SU IMAGEN\"}]},{\"@type\":\"WebSite\",\"@id\":\"https:\/\/elcotarro.com\/#website\",\"url\":\"https:\/\/elcotarro.com\/\",\"name\":\"El Cotarro\",\"description\":\"Peri\u00f3dico Digital Independiente dirigido por Jos\u00e9 Carlos Marrero\",\"publisher\":{\"@id\":\"https:\/\/elcotarro.com\/#organization\"},\"potentialAction\":[{\"@type\":\"SearchAction\",\"target\":{\"@type\":\"EntryPoint\",\"urlTemplate\":\"https:\/\/elcotarro.com\/?s={search_term_string}\"},\"query-input\":{\"@type\":\"PropertyValueSpecification\",\"valueRequired\":true,\"valueName\":\"search_term_string\"}}],\"inLanguage\":\"es\"},{\"@type\":\"Organization\",\"@id\":\"https:\/\/elcotarro.com\/#organization\",\"name\":\"El Cotarro\",\"url\":\"https:\/\/elcotarro.com\/\",\"logo\":{\"@type\":\"ImageObject\",\"inLanguage\":\"es\",\"@id\":\"https:\/\/elcotarro.com\/#\/schema\/logo\/image\/\",\"url\":\"https:\/\/elcotarro.com\/wp-content\/uploads\/2014\/09\/Cabecera_El_Cotarro_v2.jpg\",\"contentUrl\":\"https:\/\/elcotarro.com\/wp-content\/uploads\/2014\/09\/Cabecera_El_Cotarro_v2.jpg\",\"width\":3540,\"height\":441,\"caption\":\"El Cotarro\"},\"image\":{\"@id\":\"https:\/\/elcotarro.com\/#\/schema\/logo\/image\/\"},\"sameAs\":[\"https:\/\/www.facebook.com\/ElCotarro.Tenerife\"]},{\"@type\":\"Person\",\"@id\":\"https:\/\/elcotarro.com\/#\/schema\/person\/af537ee7d60d15984c7e0affcd8a918b\",\"name\":\"Jos\u00e9 Carlos Marrero Gonz\u00e1lez\",\"image\":{\"@type\":\"ImageObject\",\"inLanguage\":\"es\",\"@id\":\"https:\/\/elcotarro.com\/#\/schema\/person\/image\/\",\"url\":\"https:\/\/secure.gravatar.com\/avatar\/def4da036efb5d32c74d49c351f6dccc064dd69ad9f3aadc295c5a9a5391ca01?s=96&d=mm&r=g\",\"contentUrl\":\"https:\/\/secure.gravatar.com\/avatar\/def4da036efb5d32c74d49c351f6dccc064dd69ad9f3aadc295c5a9a5391ca01?s=96&d=mm&r=g\",\"caption\":\"Jos\u00e9 Carlos Marrero Gonz\u00e1lez\"},\"sameAs\":[\"https:\/\/elcotarro.com\"],\"url\":\"https:\/\/elcotarro.com\/?author=2\"}]}<\/script>\n<!-- \/ Yoast SEO plugin. -->","yoast_head_json":{"title":"EL MIRLO SE VIO, PERO SIN CAPTURAR SU IMAGEN - El Cotarro","robots":{"index":"index","follow":"follow","max-snippet":"max-snippet:-1","max-image-preview":"max-image-preview:large","max-video-preview":"max-video-preview:-1"},"canonical":"https:\/\/elcotarro.com\/?p=9417","og_locale":"es_ES","og_type":"article","og_title":"EL MIRLO SE VIO, PERO SIN CAPTURAR SU IMAGEN - El Cotarro","og_description":"Les recuerdo para terminar que un personaje muy especial, Juan Canario, fiel lector de El Cotarro\u00a0desde hace a\u00f1os, a la vez que autor de curiosos art\u00edculos publicados en la plataforma hermana, Canarias en Positivo, asegura haber visto un ejemplar de mirlo blanco (que augura buena suerte y mejor a\u00f1o y futuro) volando por los alrededores ... Read more","og_url":"https:\/\/elcotarro.com\/?p=9417","og_site_name":"El Cotarro","article_publisher":"https:\/\/www.facebook.com\/ElCotarro.Tenerife","article_published_time":"2021-01-24T07:51:47+00:00","og_image":[{"url":"https:\/\/elcotarro.com\/wp-content\/uploads\/2021\/01\/FOTO-21.-MIRLO-BLANCO.jpg","type":"","width":"","height":""}],"author":"Jos\u00e9 Carlos Marrero Gonz\u00e1lez","twitter_misc":{"Escrito por":"Jos\u00e9 Carlos Marrero Gonz\u00e1lez","Tiempo de lectura":"1 minuto"},"schema":{"@context":"https:\/\/schema.org","@graph":[{"@type":"Article","@id":"https:\/\/elcotarro.com\/?p=9417#article","isPartOf":{"@id":"https:\/\/elcotarro.com\/?p=9417"},"author":{"name":"Jos\u00e9 Carlos Marrero Gonz\u00e1lez","@id":"https:\/\/elcotarro.com\/#\/schema\/person\/af537ee7d60d15984c7e0affcd8a918b"},"headline":"EL MIRLO SE VIO, PERO SIN CAPTURAR SU IMAGEN","datePublished":"2021-01-24T07:51:47+00:00","mainEntityOfPage":{"@id":"https:\/\/elcotarro.com\/?p=9417"},"wordCount":226,"commentCount":0,"publisher":{"@id":"https:\/\/elcotarro.com\/#organization"},"image":{"@id":"https:\/\/elcotarro.com\/?p=9417#primaryimage"},"thumbnailUrl":"https:\/\/elcotarro.com\/wp-content\/uploads\/2021\/01\/FOTO-21.-MIRLO-BLANCO.jpg","inLanguage":"es","potentialAction":[{"@type":"CommentAction","name":"Comment","target":["https:\/\/elcotarro.com\/?p=9417#respond"]}]},{"@type":"WebPage","@id":"https:\/\/elcotarro.com\/?p=9417","url":"https:\/\/elcotarro.com\/?p=9417","name":"EL MIRLO SE VIO, PERO SIN CAPTURAR SU IMAGEN - El Cotarro","isPartOf":{"@id":"https:\/\/elcotarro.com\/#website"},"primaryImageOfPage":{"@id":"https:\/\/elcotarro.com\/?p=9417#primaryimage"},"image":{"@id":"https:\/\/elcotarro.com\/?p=9417#primaryimage"},"thumbnailUrl":"https:\/\/elcotarro.com\/wp-content\/uploads\/2021\/01\/FOTO-21.-MIRLO-BLANCO.jpg","datePublished":"2021-01-24T07:51:47+00:00","breadcrumb":{"@id":"https:\/\/elcotarro.com\/?p=9417#breadcrumb"},"inLanguage":"es","potentialAction":[{"@type":"ReadAction","target":["https:\/\/elcotarro.com\/?p=9417"]}]},{"@type":"ImageObject","inLanguage":"es","@id":"https:\/\/elcotarro.com\/?p=9417#primaryimage","url":"https:\/\/elcotarro.com\/wp-content\/uploads\/2021\/01\/FOTO-21.-MIRLO-BLANCO.jpg","contentUrl":"https:\/\/elcotarro.com\/wp-content\/uploads\/2021\/01\/FOTO-21.-MIRLO-BLANCO.jpg","width":512,"height":399},{"@type":"BreadcrumbList","@id":"https:\/\/elcotarro.com\/?p=9417#breadcrumb","itemListElement":[{"@type":"ListItem","position":1,"name":"Portada","item":"https:\/\/elcotarro.com\/"},{"@type":"ListItem","position":2,"name":"EL MIRLO SE VIO, PERO SIN CAPTURAR SU IMAGEN"}]},{"@type":"WebSite","@id":"https:\/\/elcotarro.com\/#website","url":"https:\/\/elcotarro.com\/","name":"El Cotarro","description":"Peri\u00f3dico Digital Independiente dirigido por Jos\u00e9 Carlos Marrero","publisher":{"@id":"https:\/\/elcotarro.com\/#organization"},"potentialAction":[{"@type":"SearchAction","target":{"@type":"EntryPoint","urlTemplate":"https:\/\/elcotarro.com\/?s={search_term_string}"},"query-input":{"@type":"PropertyValueSpecification","valueRequired":true,"valueName":"search_term_string"}}],"inLanguage":"es"},{"@type":"Organization","@id":"https:\/\/elcotarro.com\/#organization","name":"El Cotarro","url":"https:\/\/elcotarro.com\/","logo":{"@type":"ImageObject","inLanguage":"es","@id":"https:\/\/elcotarro.com\/#\/schema\/logo\/image\/","url":"https:\/\/elcotarro.com\/wp-content\/uploads\/2014\/09\/Cabecera_El_Cotarro_v2.jpg","contentUrl":"https:\/\/elcotarro.com\/wp-content\/uploads\/2014\/09\/Cabecera_El_Cotarro_v2.jpg","width":3540,"height":441,"caption":"El Cotarro"},"image":{"@id":"https:\/\/elcotarro.com\/#\/schema\/logo\/image\/"},"sameAs":["https:\/\/www.facebook.com\/ElCotarro.Tenerife"]},{"@type":"Person","@id":"https:\/\/elcotarro.com\/#\/schema\/person\/af537ee7d60d15984c7e0affcd8a918b","name":"Jos\u00e9 Carlos Marrero Gonz\u00e1lez","image":{"@type":"ImageObject","inLanguage":"es","@id":"https:\/\/elcotarro.com\/#\/schema\/person\/image\/","url":"https:\/\/secure.gravatar.com\/avatar\/def4da036efb5d32c74d49c351f6dccc064dd69ad9f3aadc295c5a9a5391ca01?s=96&d=mm&r=g","contentUrl":"https:\/\/secure.gravatar.com\/avatar\/def4da036efb5d32c74d49c351f6dccc064dd69ad9f3aadc295c5a9a5391ca01?s=96&d=mm&r=g","caption":"Jos\u00e9 Carlos Marrero Gonz\u00e1lez"},"sameAs":["https:\/\/elcotarro.com"],"url":"https:\/\/elcotarro.com\/?author=2"}]}},"jetpack_featured_media_url":"","jetpack_sharing_enabled":true,"_links":{"self":[{"href":"https:\/\/elcotarro.com\/index.php?rest_route=\/wp\/v2\/posts\/9417","targetHints":{"allow":["GET"]}}],"collection":[{"href":"https:\/\/elcotarro.com\/index.php?rest_route=\/wp\/v2\/posts"}],"about":[{"href":"https:\/\/elcotarro.com\/index.php?rest_route=\/wp\/v2\/types\/post"}],"author":[{"embeddable":true,"href":"https:\/\/elcotarro.com\/index.php?rest_route=\/wp\/v2\/users\/2"}],"replies":[{"embeddable":true,"href":"https:\/\/elcotarro.com\/index.php?rest_route=%2Fwp%2Fv2%2Fcomments&post=9417"}],"version-history":[{"count":1,"href":"https:\/\/elcotarro.com\/index.php?rest_route=\/wp\/v2\/posts\/9417\/revisions"}],"predecessor-version":[{"id":9419,"href":"https:\/\/elcotarro.com\/index.php?rest_route=\/wp\/v2\/posts\/9417\/revisions\/9419"}],"wp:attachment":[{"href":"https:\/\/elcotarro.com\/index.php?rest_route=%2Fwp%2Fv2%2Fmedia&parent=9417"}],"wp:term":[{"taxonomy":"category","embeddable":true,"href":"https:\/\/elcotarro.com\/index.php?rest_route=%2Fwp%2Fv2%2Fcategories&post=9417"},{"taxonomy":"post_tag","embeddable":true,"href":"https:\/\/elcotarro.com\/index.php?rest_route=%2Fwp%2Fv2%2Ftags&post=9417"}],"curies":[{"name":"wp","href":"https:\/\/api.w.org\/{rel}","templated":true}]}}