{"id":9454,"date":"2021-01-31T07:53:55","date_gmt":"2021-01-31T07:53:55","guid":{"rendered":"https:\/\/elcotarro.com\/?p=9454"},"modified":"2021-01-30T22:06:09","modified_gmt":"2021-01-30T22:06:09","slug":"honorable-don-vicente-alvarez-pedreira-gil","status":"publish","type":"post","link":"https:\/\/elcotarro.com\/?p=9454","title":{"rendered":"HONORABLE DON VICENTE \u00c1LVAREZ-PEDREIRA GIL"},"content":{"rendered":"<p>El incansable <strong>Vicente \u00c1lvarez-Pedreira Gil<\/strong> continu\u00f3 con el despacho que fundara su padre y que, con el nombre de AP Consultores sigui\u00f3 creciendo liderado por \u00e9l, junto con su hermano <strong>Gonzalo<\/strong>. Hace un par de a\u00f1os firm\u00f3 una alianza estrat\u00e9gica con la firma PKF, por la que surgi\u00f3 PKF\u2008Attest Canarias, dando a AP Consultores una dimensi\u00f3n nacional e internacional. Seguro que por todo y por las grandes relaciones que tiene <strong>Vicente \u00c1lvarez<\/strong>, el pasado d\u00eda 26, nuestro paisano recibi\u00f3 la denominada \u201cNota Verbal\u201d que, textualmente, dec\u00eda: <em>\u201cEl Ministerio de Asuntos Exteriores, Uni\u00f3n Europea y Cooperaci\u00f3n saluda atentamente a la Embajada de la Rep\u00fablica Portuguesa y, con relaci\u00f3n a su Nota Verbal N\u00ba282, de fecha 07 de octubre de 2020, tiene el honor de comunicar que acepta el nombramiento del Sr. <strong>Vicente Miguel \u00c1lvarez Gil,<\/strong> como C\u00f3nsul Honorario de Portugal en Santa Cruz de Tenerife.<\/em> O sea, que, desde ahora, el tratamiento para el amigo <strong>Vicente \u00c1lvarez <\/strong>deber\u00e1 ser el de Honorable Se\u00f1or C\u00f3nsul. <em>Parab\u00e9ns, boa sa\u00fade e toda sorte do mondo no desempenho do seu cargo honor\u00e1rio, muito obrigado pela sua amizade, por continuar a ser a mesma pessoa, e que os truques nunca perdem.<\/em> O lo que es lo mismo en \u201ccristiano\u201d: Felicidades, mucha salud y toda la suerte del mundo en el desempe\u00f1o de su honor\u00edfico cargo, muchas gracias por su amistad, por seguir siendo la misma persona y que nunca las ma\u00f1as pierda.<\/p>\n<p style=\"text-align: center\"><a href=\"https:\/\/elcotarro.com\/wp-content\/uploads\/2021\/01\/FOTO-8.-PLACA-EN-CALLE.jpg\"><img loading=\"lazy\" decoding=\"async\" class=\"aligncenter size-full wp-image-9455\" src=\"https:\/\/elcotarro.com\/wp-content\/uploads\/2021\/01\/FOTO-8.-PLACA-EN-CALLE.jpg\" alt=\"\" width=\"1075\" height=\"713\" srcset=\"https:\/\/elcotarro.com\/wp-content\/uploads\/2021\/01\/FOTO-8.-PLACA-EN-CALLE.jpg 1075w, https:\/\/elcotarro.com\/wp-content\/uploads\/2021\/01\/FOTO-8.-PLACA-EN-CALLE-300x199.jpg 300w, https:\/\/elcotarro.com\/wp-content\/uploads\/2021\/01\/FOTO-8.-PLACA-EN-CALLE-1024x679.jpg 1024w, https:\/\/elcotarro.com\/wp-content\/uploads\/2021\/01\/FOTO-8.-PLACA-EN-CALLE-768x509.jpg 768w\" sizes=\"auto, (max-width: 1075px) 100vw, 1075px\" \/><\/a><\/p>\n<p style=\"text-align: center\"><em>Vicente \u00c1lvarez Gil, en el acto de colocaci\u00f3n de una placa con la denominaci\u00f3n de una calle de Santa Cruz de Tenerife con el nombre de su padre, Vicente \u00c1lvarez Pedreira.<\/em><\/p>\n","protected":false},"excerpt":{"rendered":"<p>El incansable Vicente \u00c1lvarez-Pedreira Gil continu\u00f3 con el despacho que fundara su padre y que, con el nombre de AP Consultores sigui\u00f3 creciendo liderado por \u00e9l, junto con su hermano Gonzalo. Hace un par de a\u00f1os firm\u00f3 una alianza estrat\u00e9gica con la firma PKF, por la que surgi\u00f3 PKF\u2008Attest Canarias, dando a AP Consultores una &#8230; <a class=\"read-more\" href=\"https:\/\/elcotarro.com\/?p=9454\">Read more<\/a><\/p>\n","protected":false},"author":2,"featured_media":0,"comment_status":"open","ping_status":"open","sticky":false,"template":"","format":"standard","meta":{"_jetpack_memberships_contains_paid_content":false,"footnotes":""},"categories":[1],"tags":[],"class_list":["post-9454","post","type-post","status-publish","format-standard","hentry","category-sin-categoria"],"yoast_head":"<!-- This site is optimized with the Yoast SEO plugin v27.0 - https:\/\/yoast.com\/product\/yoast-seo-wordpress\/ -->\n<title>HONORABLE DON VICENTE \u00c1LVAREZ-PEDREIRA GIL - El Cotarro<\/title>\n<meta name=\"robots\" content=\"index, follow, max-snippet:-1, max-image-preview:large, max-video-preview:-1\" \/>\n<link rel=\"canonical\" href=\"https:\/\/elcotarro.com\/?p=9454\" \/>\n<meta property=\"og:locale\" content=\"es_ES\" \/>\n<meta property=\"og:type\" content=\"article\" \/>\n<meta property=\"og:title\" content=\"HONORABLE DON VICENTE \u00c1LVAREZ-PEDREIRA GIL - El Cotarro\" \/>\n<meta property=\"og:description\" content=\"El incansable Vicente \u00c1lvarez-Pedreira Gil continu\u00f3 con el despacho que fundara su padre y que, con el nombre de AP Consultores sigui\u00f3 creciendo liderado por \u00e9l, junto con su hermano Gonzalo. Hace un par de a\u00f1os firm\u00f3 una alianza estrat\u00e9gica con la firma PKF, por la que surgi\u00f3 PKF\u2008Attest Canarias, dando a AP Consultores una ... Read more\" \/>\n<meta property=\"og:url\" content=\"https:\/\/elcotarro.com\/?p=9454\" \/>\n<meta property=\"og:site_name\" content=\"El Cotarro\" \/>\n<meta property=\"article:publisher\" content=\"https:\/\/www.facebook.com\/ElCotarro.Tenerife\" \/>\n<meta property=\"article:published_time\" content=\"2021-01-31T07:53:55+00:00\" \/>\n<meta property=\"og:image\" content=\"https:\/\/elcotarro.com\/wp-content\/uploads\/2021\/01\/FOTO-8.-PLACA-EN-CALLE.jpg\" \/>\n<meta name=\"author\" content=\"Jos\u00e9 Carlos Marrero Gonz\u00e1lez\" \/>\n<meta name=\"twitter:label1\" content=\"Escrito por\" \/>\n\t<meta name=\"twitter:data1\" content=\"Jos\u00e9 Carlos Marrero Gonz\u00e1lez\" \/>\n\t<meta name=\"twitter:label2\" content=\"Tiempo de lectura\" \/>\n\t<meta name=\"twitter:data2\" content=\"1 minuto\" \/>\n<script type=\"application\/ld+json\" class=\"yoast-schema-graph\">{\"@context\":\"https:\/\/schema.org\",\"@graph\":[{\"@type\":\"Article\",\"@id\":\"https:\/\/elcotarro.com\/?p=9454#article\",\"isPartOf\":{\"@id\":\"https:\/\/elcotarro.com\/?p=9454\"},\"author\":{\"name\":\"Jos\u00e9 Carlos Marrero Gonz\u00e1lez\",\"@id\":\"https:\/\/elcotarro.com\/#\/schema\/person\/af537ee7d60d15984c7e0affcd8a918b\"},\"headline\":\"HONORABLE DON VICENTE \u00c1LVAREZ-PEDREIRA GIL\",\"datePublished\":\"2021-01-31T07:53:55+00:00\",\"mainEntityOfPage\":{\"@id\":\"https:\/\/elcotarro.com\/?p=9454\"},\"wordCount\":290,\"commentCount\":0,\"publisher\":{\"@id\":\"https:\/\/elcotarro.com\/#organization\"},\"image\":{\"@id\":\"https:\/\/elcotarro.com\/?p=9454#primaryimage\"},\"thumbnailUrl\":\"https:\/\/elcotarro.com\/wp-content\/uploads\/2021\/01\/FOTO-8.-PLACA-EN-CALLE.jpg\",\"inLanguage\":\"es\",\"potentialAction\":[{\"@type\":\"CommentAction\",\"name\":\"Comment\",\"target\":[\"https:\/\/elcotarro.com\/?p=9454#respond\"]}]},{\"@type\":\"WebPage\",\"@id\":\"https:\/\/elcotarro.com\/?p=9454\",\"url\":\"https:\/\/elcotarro.com\/?p=9454\",\"name\":\"HONORABLE DON VICENTE \u00c1LVAREZ-PEDREIRA GIL - El Cotarro\",\"isPartOf\":{\"@id\":\"https:\/\/elcotarro.com\/#website\"},\"primaryImageOfPage\":{\"@id\":\"https:\/\/elcotarro.com\/?p=9454#primaryimage\"},\"image\":{\"@id\":\"https:\/\/elcotarro.com\/?p=9454#primaryimage\"},\"thumbnailUrl\":\"https:\/\/elcotarro.com\/wp-content\/uploads\/2021\/01\/FOTO-8.-PLACA-EN-CALLE.jpg\",\"datePublished\":\"2021-01-31T07:53:55+00:00\",\"breadcrumb\":{\"@id\":\"https:\/\/elcotarro.com\/?p=9454#breadcrumb\"},\"inLanguage\":\"es\",\"potentialAction\":[{\"@type\":\"ReadAction\",\"target\":[\"https:\/\/elcotarro.com\/?p=9454\"]}]},{\"@type\":\"ImageObject\",\"inLanguage\":\"es\",\"@id\":\"https:\/\/elcotarro.com\/?p=9454#primaryimage\",\"url\":\"https:\/\/elcotarro.com\/wp-content\/uploads\/2021\/01\/FOTO-8.-PLACA-EN-CALLE.jpg\",\"contentUrl\":\"https:\/\/elcotarro.com\/wp-content\/uploads\/2021\/01\/FOTO-8.-PLACA-EN-CALLE.jpg\",\"width\":1075,\"height\":713},{\"@type\":\"BreadcrumbList\",\"@id\":\"https:\/\/elcotarro.com\/?p=9454#breadcrumb\",\"itemListElement\":[{\"@type\":\"ListItem\",\"position\":1,\"name\":\"Portada\",\"item\":\"https:\/\/elcotarro.com\/\"},{\"@type\":\"ListItem\",\"position\":2,\"name\":\"HONORABLE DON VICENTE \u00c1LVAREZ-PEDREIRA GIL\"}]},{\"@type\":\"WebSite\",\"@id\":\"https:\/\/elcotarro.com\/#website\",\"url\":\"https:\/\/elcotarro.com\/\",\"name\":\"El Cotarro\",\"description\":\"Peri\u00f3dico Digital Independiente dirigido por Jos\u00e9 Carlos Marrero\",\"publisher\":{\"@id\":\"https:\/\/elcotarro.com\/#organization\"},\"potentialAction\":[{\"@type\":\"SearchAction\",\"target\":{\"@type\":\"EntryPoint\",\"urlTemplate\":\"https:\/\/elcotarro.com\/?s={search_term_string}\"},\"query-input\":{\"@type\":\"PropertyValueSpecification\",\"valueRequired\":true,\"valueName\":\"search_term_string\"}}],\"inLanguage\":\"es\"},{\"@type\":\"Organization\",\"@id\":\"https:\/\/elcotarro.com\/#organization\",\"name\":\"El Cotarro\",\"url\":\"https:\/\/elcotarro.com\/\",\"logo\":{\"@type\":\"ImageObject\",\"inLanguage\":\"es\",\"@id\":\"https:\/\/elcotarro.com\/#\/schema\/logo\/image\/\",\"url\":\"https:\/\/elcotarro.com\/wp-content\/uploads\/2014\/09\/Cabecera_El_Cotarro_v2.jpg\",\"contentUrl\":\"https:\/\/elcotarro.com\/wp-content\/uploads\/2014\/09\/Cabecera_El_Cotarro_v2.jpg\",\"width\":3540,\"height\":441,\"caption\":\"El Cotarro\"},\"image\":{\"@id\":\"https:\/\/elcotarro.com\/#\/schema\/logo\/image\/\"},\"sameAs\":[\"https:\/\/www.facebook.com\/ElCotarro.Tenerife\"]},{\"@type\":\"Person\",\"@id\":\"https:\/\/elcotarro.com\/#\/schema\/person\/af537ee7d60d15984c7e0affcd8a918b\",\"name\":\"Jos\u00e9 Carlos Marrero Gonz\u00e1lez\",\"image\":{\"@type\":\"ImageObject\",\"inLanguage\":\"es\",\"@id\":\"https:\/\/elcotarro.com\/#\/schema\/person\/image\/\",\"url\":\"https:\/\/secure.gravatar.com\/avatar\/def4da036efb5d32c74d49c351f6dccc064dd69ad9f3aadc295c5a9a5391ca01?s=96&d=mm&r=g\",\"contentUrl\":\"https:\/\/secure.gravatar.com\/avatar\/def4da036efb5d32c74d49c351f6dccc064dd69ad9f3aadc295c5a9a5391ca01?s=96&d=mm&r=g\",\"caption\":\"Jos\u00e9 Carlos Marrero Gonz\u00e1lez\"},\"sameAs\":[\"https:\/\/elcotarro.com\"],\"url\":\"https:\/\/elcotarro.com\/?author=2\"}]}<\/script>\n<!-- \/ Yoast SEO plugin. -->","yoast_head_json":{"title":"HONORABLE DON VICENTE \u00c1LVAREZ-PEDREIRA GIL - El Cotarro","robots":{"index":"index","follow":"follow","max-snippet":"max-snippet:-1","max-image-preview":"max-image-preview:large","max-video-preview":"max-video-preview:-1"},"canonical":"https:\/\/elcotarro.com\/?p=9454","og_locale":"es_ES","og_type":"article","og_title":"HONORABLE DON VICENTE \u00c1LVAREZ-PEDREIRA GIL - El Cotarro","og_description":"El incansable Vicente \u00c1lvarez-Pedreira Gil continu\u00f3 con el despacho que fundara su padre y que, con el nombre de AP Consultores sigui\u00f3 creciendo liderado por \u00e9l, junto con su hermano Gonzalo. Hace un par de a\u00f1os firm\u00f3 una alianza estrat\u00e9gica con la firma PKF, por la que surgi\u00f3 PKF\u2008Attest Canarias, dando a AP Consultores una ... Read more","og_url":"https:\/\/elcotarro.com\/?p=9454","og_site_name":"El Cotarro","article_publisher":"https:\/\/www.facebook.com\/ElCotarro.Tenerife","article_published_time":"2021-01-31T07:53:55+00:00","og_image":[{"url":"https:\/\/elcotarro.com\/wp-content\/uploads\/2021\/01\/FOTO-8.-PLACA-EN-CALLE.jpg","type":"","width":"","height":""}],"author":"Jos\u00e9 Carlos Marrero Gonz\u00e1lez","twitter_misc":{"Escrito por":"Jos\u00e9 Carlos Marrero Gonz\u00e1lez","Tiempo de lectura":"1 minuto"},"schema":{"@context":"https:\/\/schema.org","@graph":[{"@type":"Article","@id":"https:\/\/elcotarro.com\/?p=9454#article","isPartOf":{"@id":"https:\/\/elcotarro.com\/?p=9454"},"author":{"name":"Jos\u00e9 Carlos Marrero Gonz\u00e1lez","@id":"https:\/\/elcotarro.com\/#\/schema\/person\/af537ee7d60d15984c7e0affcd8a918b"},"headline":"HONORABLE DON VICENTE \u00c1LVAREZ-PEDREIRA GIL","datePublished":"2021-01-31T07:53:55+00:00","mainEntityOfPage":{"@id":"https:\/\/elcotarro.com\/?p=9454"},"wordCount":290,"commentCount":0,"publisher":{"@id":"https:\/\/elcotarro.com\/#organization"},"image":{"@id":"https:\/\/elcotarro.com\/?p=9454#primaryimage"},"thumbnailUrl":"https:\/\/elcotarro.com\/wp-content\/uploads\/2021\/01\/FOTO-8.-PLACA-EN-CALLE.jpg","inLanguage":"es","potentialAction":[{"@type":"CommentAction","name":"Comment","target":["https:\/\/elcotarro.com\/?p=9454#respond"]}]},{"@type":"WebPage","@id":"https:\/\/elcotarro.com\/?p=9454","url":"https:\/\/elcotarro.com\/?p=9454","name":"HONORABLE DON VICENTE \u00c1LVAREZ-PEDREIRA GIL - El Cotarro","isPartOf":{"@id":"https:\/\/elcotarro.com\/#website"},"primaryImageOfPage":{"@id":"https:\/\/elcotarro.com\/?p=9454#primaryimage"},"image":{"@id":"https:\/\/elcotarro.com\/?p=9454#primaryimage"},"thumbnailUrl":"https:\/\/elcotarro.com\/wp-content\/uploads\/2021\/01\/FOTO-8.-PLACA-EN-CALLE.jpg","datePublished":"2021-01-31T07:53:55+00:00","breadcrumb":{"@id":"https:\/\/elcotarro.com\/?p=9454#breadcrumb"},"inLanguage":"es","potentialAction":[{"@type":"ReadAction","target":["https:\/\/elcotarro.com\/?p=9454"]}]},{"@type":"ImageObject","inLanguage":"es","@id":"https:\/\/elcotarro.com\/?p=9454#primaryimage","url":"https:\/\/elcotarro.com\/wp-content\/uploads\/2021\/01\/FOTO-8.-PLACA-EN-CALLE.jpg","contentUrl":"https:\/\/elcotarro.com\/wp-content\/uploads\/2021\/01\/FOTO-8.-PLACA-EN-CALLE.jpg","width":1075,"height":713},{"@type":"BreadcrumbList","@id":"https:\/\/elcotarro.com\/?p=9454#breadcrumb","itemListElement":[{"@type":"ListItem","position":1,"name":"Portada","item":"https:\/\/elcotarro.com\/"},{"@type":"ListItem","position":2,"name":"HONORABLE DON VICENTE \u00c1LVAREZ-PEDREIRA GIL"}]},{"@type":"WebSite","@id":"https:\/\/elcotarro.com\/#website","url":"https:\/\/elcotarro.com\/","name":"El Cotarro","description":"Peri\u00f3dico Digital Independiente dirigido por Jos\u00e9 Carlos Marrero","publisher":{"@id":"https:\/\/elcotarro.com\/#organization"},"potentialAction":[{"@type":"SearchAction","target":{"@type":"EntryPoint","urlTemplate":"https:\/\/elcotarro.com\/?s={search_term_string}"},"query-input":{"@type":"PropertyValueSpecification","valueRequired":true,"valueName":"search_term_string"}}],"inLanguage":"es"},{"@type":"Organization","@id":"https:\/\/elcotarro.com\/#organization","name":"El Cotarro","url":"https:\/\/elcotarro.com\/","logo":{"@type":"ImageObject","inLanguage":"es","@id":"https:\/\/elcotarro.com\/#\/schema\/logo\/image\/","url":"https:\/\/elcotarro.com\/wp-content\/uploads\/2014\/09\/Cabecera_El_Cotarro_v2.jpg","contentUrl":"https:\/\/elcotarro.com\/wp-content\/uploads\/2014\/09\/Cabecera_El_Cotarro_v2.jpg","width":3540,"height":441,"caption":"El Cotarro"},"image":{"@id":"https:\/\/elcotarro.com\/#\/schema\/logo\/image\/"},"sameAs":["https:\/\/www.facebook.com\/ElCotarro.Tenerife"]},{"@type":"Person","@id":"https:\/\/elcotarro.com\/#\/schema\/person\/af537ee7d60d15984c7e0affcd8a918b","name":"Jos\u00e9 Carlos Marrero Gonz\u00e1lez","image":{"@type":"ImageObject","inLanguage":"es","@id":"https:\/\/elcotarro.com\/#\/schema\/person\/image\/","url":"https:\/\/secure.gravatar.com\/avatar\/def4da036efb5d32c74d49c351f6dccc064dd69ad9f3aadc295c5a9a5391ca01?s=96&d=mm&r=g","contentUrl":"https:\/\/secure.gravatar.com\/avatar\/def4da036efb5d32c74d49c351f6dccc064dd69ad9f3aadc295c5a9a5391ca01?s=96&d=mm&r=g","caption":"Jos\u00e9 Carlos Marrero Gonz\u00e1lez"},"sameAs":["https:\/\/elcotarro.com"],"url":"https:\/\/elcotarro.com\/?author=2"}]}},"jetpack_featured_media_url":"","jetpack_sharing_enabled":true,"_links":{"self":[{"href":"https:\/\/elcotarro.com\/index.php?rest_route=\/wp\/v2\/posts\/9454","targetHints":{"allow":["GET"]}}],"collection":[{"href":"https:\/\/elcotarro.com\/index.php?rest_route=\/wp\/v2\/posts"}],"about":[{"href":"https:\/\/elcotarro.com\/index.php?rest_route=\/wp\/v2\/types\/post"}],"author":[{"embeddable":true,"href":"https:\/\/elcotarro.com\/index.php?rest_route=\/wp\/v2\/users\/2"}],"replies":[{"embeddable":true,"href":"https:\/\/elcotarro.com\/index.php?rest_route=%2Fwp%2Fv2%2Fcomments&post=9454"}],"version-history":[{"count":2,"href":"https:\/\/elcotarro.com\/index.php?rest_route=\/wp\/v2\/posts\/9454\/revisions"}],"predecessor-version":[{"id":9467,"href":"https:\/\/elcotarro.com\/index.php?rest_route=\/wp\/v2\/posts\/9454\/revisions\/9467"}],"wp:attachment":[{"href":"https:\/\/elcotarro.com\/index.php?rest_route=%2Fwp%2Fv2%2Fmedia&parent=9454"}],"wp:term":[{"taxonomy":"category","embeddable":true,"href":"https:\/\/elcotarro.com\/index.php?rest_route=%2Fwp%2Fv2%2Fcategories&post=9454"},{"taxonomy":"post_tag","embeddable":true,"href":"https:\/\/elcotarro.com\/index.php?rest_route=%2Fwp%2Fv2%2Ftags&post=9454"}],"curies":[{"name":"wp","href":"https:\/\/api.w.org\/{rel}","templated":true}]}}