{"id":9471,"date":"2021-02-07T08:00:27","date_gmt":"2021-02-07T08:00:27","guid":{"rendered":"https:\/\/elcotarro.com\/?p=9471"},"modified":"2021-02-06T22:42:05","modified_gmt":"2021-02-06T22:42:05","slug":"a-peor-la-mejoria-con-lo-de-la-inmigracion","status":"publish","type":"post","link":"https:\/\/elcotarro.com\/?p=9471","title":{"rendered":"A PEOR LA MEJOR\u00cdA CON LO DE LA INMIGRACI\u00d3N"},"content":{"rendered":"<p>No lo hacen peor, porque no entrenan. En medio del tremendo temporal de frio, lluvia y hasta nieve, los inteligentes responsables del problema de los inmigrantes llegados a Canarias, han trasladado a los primeros desde el c\u00e1lido sur de nuestras islas a la \u201cnevera\u201d que, de toda la vida, se ha llamado al acuartelamiento de Las Ra\u00edces. Con el de Las Canteras pasa tres cuartos de lo mismo. Mientras tanto, en \u201cEl Debate de la 1 Canarias\u201d en TVE a nivel regional, el delegado del Gobierno en Canarias, el socialista palmero <strong>Anselmo Pestana<\/strong>, hace de tripas coraz\u00f3n (por no decir el rid\u00edculo) intentando explicar lo inexplicable y justificar lo injustificable. Por su lado, el alcalde de La Laguna, <strong>Luis Yeray Guti\u00e9rrez<\/strong>, se envaina la problem\u00e1tica por partida doble y cree que puede calmar la inquietud de la vecindad de El Ortigal o de Las Canteras con una carta \u201ctranquilizadora\u201d y alguna que otra charla vecinal. La procesi\u00f3n (y el acojono) lo debe llevar por dentro y, como <strong>\u00c1ngel V\u00edctor Torres<\/strong> (presidente del Gobierno Canario) y <strong>Pedro Mart\u00edn<\/strong> (presidente del Cabildo tinerfe\u00f1o), agachan la cabeza, callan y tragan, ante la imposici\u00f3n de <strong>Pedro S\u00e1nchez<\/strong> desde La Moncloa o Ferraz. Pero todos ellos, los tres del PSOE, como sus c\u00f3mplices por omisi\u00f3n de Podemos y Nueva Canarias, saben perfectamente que, para renovar sus cargos en unas futuras elecciones locales, la gente de Madrid no vota aqu\u00ed. Los del Ortigal, Las Canteras y el resto de canarios en las 8 islas, s\u00ed<\/p>\n<p style=\"text-align: center\"><a href=\"https:\/\/elcotarro.com\/wp-content\/uploads\/2021\/02\/FOTO-1.-TRIO-CALLADO.jpg\"><img loading=\"lazy\" decoding=\"async\" class=\"aligncenter size-full wp-image-9472\" src=\"https:\/\/elcotarro.com\/wp-content\/uploads\/2021\/02\/FOTO-1.-TRIO-CALLADO.jpg\" alt=\"\" width=\"909\" height=\"459\" srcset=\"https:\/\/elcotarro.com\/wp-content\/uploads\/2021\/02\/FOTO-1.-TRIO-CALLADO.jpg 909w, https:\/\/elcotarro.com\/wp-content\/uploads\/2021\/02\/FOTO-1.-TRIO-CALLADO-300x151.jpg 300w, https:\/\/elcotarro.com\/wp-content\/uploads\/2021\/02\/FOTO-1.-TRIO-CALLADO-768x388.jpg 768w\" sizes=\"auto, (max-width: 909px) 100vw, 909px\" \/><\/a><\/p>\n<p style=\"text-align: center\"><em>\u00c1ngel Torres (i), Pedro Mart\u00edn (c) y Luis Yeray Guti\u00e9rrez, miran hacia abajo y aguantan<\/em><\/p>\n","protected":false},"excerpt":{"rendered":"<p>No lo hacen peor, porque no entrenan. En medio del tremendo temporal de frio, lluvia y hasta nieve, los inteligentes responsables del problema de los inmigrantes llegados a Canarias, han trasladado a los primeros desde el c\u00e1lido sur de nuestras islas a la \u201cnevera\u201d que, de toda la vida, se ha llamado al acuartelamiento de &#8230; <a class=\"read-more\" href=\"https:\/\/elcotarro.com\/?p=9471\">Read more<\/a><\/p>\n","protected":false},"author":2,"featured_media":0,"comment_status":"open","ping_status":"open","sticky":false,"template":"","format":"standard","meta":{"_jetpack_memberships_contains_paid_content":false,"footnotes":""},"categories":[1],"tags":[],"class_list":["post-9471","post","type-post","status-publish","format-standard","hentry","category-sin-categoria"],"yoast_head":"<!-- This site is optimized with the Yoast SEO plugin v27.0 - https:\/\/yoast.com\/product\/yoast-seo-wordpress\/ -->\n<title>A PEOR LA MEJOR\u00cdA CON LO DE LA INMIGRACI\u00d3N - El Cotarro<\/title>\n<meta name=\"robots\" content=\"index, follow, max-snippet:-1, max-image-preview:large, max-video-preview:-1\" \/>\n<link rel=\"canonical\" href=\"https:\/\/elcotarro.com\/?p=9471\" \/>\n<meta property=\"og:locale\" content=\"es_ES\" \/>\n<meta property=\"og:type\" content=\"article\" \/>\n<meta property=\"og:title\" content=\"A PEOR LA MEJOR\u00cdA CON LO DE LA INMIGRACI\u00d3N - El Cotarro\" \/>\n<meta property=\"og:description\" content=\"No lo hacen peor, porque no entrenan. En medio del tremendo temporal de frio, lluvia y hasta nieve, los inteligentes responsables del problema de los inmigrantes llegados a Canarias, han trasladado a los primeros desde el c\u00e1lido sur de nuestras islas a la \u201cnevera\u201d que, de toda la vida, se ha llamado al acuartelamiento de ... Read more\" \/>\n<meta property=\"og:url\" content=\"https:\/\/elcotarro.com\/?p=9471\" \/>\n<meta property=\"og:site_name\" content=\"El Cotarro\" \/>\n<meta property=\"article:publisher\" content=\"https:\/\/www.facebook.com\/ElCotarro.Tenerife\" \/>\n<meta property=\"article:published_time\" content=\"2021-02-07T08:00:27+00:00\" \/>\n<meta property=\"og:image\" content=\"https:\/\/elcotarro.com\/wp-content\/uploads\/2021\/02\/FOTO-1.-TRIO-CALLADO.jpg\" \/>\n<meta name=\"author\" content=\"Jos\u00e9 Carlos Marrero Gonz\u00e1lez\" \/>\n<meta name=\"twitter:label1\" content=\"Escrito por\" \/>\n\t<meta name=\"twitter:data1\" content=\"Jos\u00e9 Carlos Marrero Gonz\u00e1lez\" \/>\n\t<meta name=\"twitter:label2\" content=\"Tiempo de lectura\" \/>\n\t<meta name=\"twitter:data2\" content=\"1 minuto\" \/>\n<script type=\"application\/ld+json\" class=\"yoast-schema-graph\">{\"@context\":\"https:\/\/schema.org\",\"@graph\":[{\"@type\":\"Article\",\"@id\":\"https:\/\/elcotarro.com\/?p=9471#article\",\"isPartOf\":{\"@id\":\"https:\/\/elcotarro.com\/?p=9471\"},\"author\":{\"name\":\"Jos\u00e9 Carlos Marrero Gonz\u00e1lez\",\"@id\":\"https:\/\/elcotarro.com\/#\/schema\/person\/af537ee7d60d15984c7e0affcd8a918b\"},\"headline\":\"A PEOR LA MEJOR\u00cdA CON LO DE LA INMIGRACI\u00d3N\",\"datePublished\":\"2021-02-07T08:00:27+00:00\",\"mainEntityOfPage\":{\"@id\":\"https:\/\/elcotarro.com\/?p=9471\"},\"wordCount\":289,\"commentCount\":1,\"publisher\":{\"@id\":\"https:\/\/elcotarro.com\/#organization\"},\"image\":{\"@id\":\"https:\/\/elcotarro.com\/?p=9471#primaryimage\"},\"thumbnailUrl\":\"https:\/\/elcotarro.com\/wp-content\/uploads\/2021\/02\/FOTO-1.-TRIO-CALLADO.jpg\",\"inLanguage\":\"es\",\"potentialAction\":[{\"@type\":\"CommentAction\",\"name\":\"Comment\",\"target\":[\"https:\/\/elcotarro.com\/?p=9471#respond\"]}]},{\"@type\":\"WebPage\",\"@id\":\"https:\/\/elcotarro.com\/?p=9471\",\"url\":\"https:\/\/elcotarro.com\/?p=9471\",\"name\":\"A PEOR LA MEJOR\u00cdA CON LO DE LA INMIGRACI\u00d3N - El Cotarro\",\"isPartOf\":{\"@id\":\"https:\/\/elcotarro.com\/#website\"},\"primaryImageOfPage\":{\"@id\":\"https:\/\/elcotarro.com\/?p=9471#primaryimage\"},\"image\":{\"@id\":\"https:\/\/elcotarro.com\/?p=9471#primaryimage\"},\"thumbnailUrl\":\"https:\/\/elcotarro.com\/wp-content\/uploads\/2021\/02\/FOTO-1.-TRIO-CALLADO.jpg\",\"datePublished\":\"2021-02-07T08:00:27+00:00\",\"breadcrumb\":{\"@id\":\"https:\/\/elcotarro.com\/?p=9471#breadcrumb\"},\"inLanguage\":\"es\",\"potentialAction\":[{\"@type\":\"ReadAction\",\"target\":[\"https:\/\/elcotarro.com\/?p=9471\"]}]},{\"@type\":\"ImageObject\",\"inLanguage\":\"es\",\"@id\":\"https:\/\/elcotarro.com\/?p=9471#primaryimage\",\"url\":\"https:\/\/elcotarro.com\/wp-content\/uploads\/2021\/02\/FOTO-1.-TRIO-CALLADO.jpg\",\"contentUrl\":\"https:\/\/elcotarro.com\/wp-content\/uploads\/2021\/02\/FOTO-1.-TRIO-CALLADO.jpg\",\"width\":909,\"height\":459},{\"@type\":\"BreadcrumbList\",\"@id\":\"https:\/\/elcotarro.com\/?p=9471#breadcrumb\",\"itemListElement\":[{\"@type\":\"ListItem\",\"position\":1,\"name\":\"Portada\",\"item\":\"https:\/\/elcotarro.com\/\"},{\"@type\":\"ListItem\",\"position\":2,\"name\":\"A PEOR LA MEJOR\u00cdA CON LO DE LA INMIGRACI\u00d3N\"}]},{\"@type\":\"WebSite\",\"@id\":\"https:\/\/elcotarro.com\/#website\",\"url\":\"https:\/\/elcotarro.com\/\",\"name\":\"El Cotarro\",\"description\":\"Peri\u00f3dico Digital Independiente dirigido por Jos\u00e9 Carlos Marrero\",\"publisher\":{\"@id\":\"https:\/\/elcotarro.com\/#organization\"},\"potentialAction\":[{\"@type\":\"SearchAction\",\"target\":{\"@type\":\"EntryPoint\",\"urlTemplate\":\"https:\/\/elcotarro.com\/?s={search_term_string}\"},\"query-input\":{\"@type\":\"PropertyValueSpecification\",\"valueRequired\":true,\"valueName\":\"search_term_string\"}}],\"inLanguage\":\"es\"},{\"@type\":\"Organization\",\"@id\":\"https:\/\/elcotarro.com\/#organization\",\"name\":\"El Cotarro\",\"url\":\"https:\/\/elcotarro.com\/\",\"logo\":{\"@type\":\"ImageObject\",\"inLanguage\":\"es\",\"@id\":\"https:\/\/elcotarro.com\/#\/schema\/logo\/image\/\",\"url\":\"https:\/\/elcotarro.com\/wp-content\/uploads\/2014\/09\/Cabecera_El_Cotarro_v2.jpg\",\"contentUrl\":\"https:\/\/elcotarro.com\/wp-content\/uploads\/2014\/09\/Cabecera_El_Cotarro_v2.jpg\",\"width\":3540,\"height\":441,\"caption\":\"El Cotarro\"},\"image\":{\"@id\":\"https:\/\/elcotarro.com\/#\/schema\/logo\/image\/\"},\"sameAs\":[\"https:\/\/www.facebook.com\/ElCotarro.Tenerife\"]},{\"@type\":\"Person\",\"@id\":\"https:\/\/elcotarro.com\/#\/schema\/person\/af537ee7d60d15984c7e0affcd8a918b\",\"name\":\"Jos\u00e9 Carlos Marrero Gonz\u00e1lez\",\"image\":{\"@type\":\"ImageObject\",\"inLanguage\":\"es\",\"@id\":\"https:\/\/elcotarro.com\/#\/schema\/person\/image\/\",\"url\":\"https:\/\/secure.gravatar.com\/avatar\/def4da036efb5d32c74d49c351f6dccc064dd69ad9f3aadc295c5a9a5391ca01?s=96&d=mm&r=g\",\"contentUrl\":\"https:\/\/secure.gravatar.com\/avatar\/def4da036efb5d32c74d49c351f6dccc064dd69ad9f3aadc295c5a9a5391ca01?s=96&d=mm&r=g\",\"caption\":\"Jos\u00e9 Carlos Marrero Gonz\u00e1lez\"},\"sameAs\":[\"https:\/\/elcotarro.com\"],\"url\":\"https:\/\/elcotarro.com\/?author=2\"}]}<\/script>\n<!-- \/ Yoast SEO plugin. -->","yoast_head_json":{"title":"A PEOR LA MEJOR\u00cdA CON LO DE LA INMIGRACI\u00d3N - El Cotarro","robots":{"index":"index","follow":"follow","max-snippet":"max-snippet:-1","max-image-preview":"max-image-preview:large","max-video-preview":"max-video-preview:-1"},"canonical":"https:\/\/elcotarro.com\/?p=9471","og_locale":"es_ES","og_type":"article","og_title":"A PEOR LA MEJOR\u00cdA CON LO DE LA INMIGRACI\u00d3N - El Cotarro","og_description":"No lo hacen peor, porque no entrenan. En medio del tremendo temporal de frio, lluvia y hasta nieve, los inteligentes responsables del problema de los inmigrantes llegados a Canarias, han trasladado a los primeros desde el c\u00e1lido sur de nuestras islas a la \u201cnevera\u201d que, de toda la vida, se ha llamado al acuartelamiento de ... Read more","og_url":"https:\/\/elcotarro.com\/?p=9471","og_site_name":"El Cotarro","article_publisher":"https:\/\/www.facebook.com\/ElCotarro.Tenerife","article_published_time":"2021-02-07T08:00:27+00:00","og_image":[{"url":"https:\/\/elcotarro.com\/wp-content\/uploads\/2021\/02\/FOTO-1.-TRIO-CALLADO.jpg","type":"","width":"","height":""}],"author":"Jos\u00e9 Carlos Marrero Gonz\u00e1lez","twitter_misc":{"Escrito por":"Jos\u00e9 Carlos Marrero Gonz\u00e1lez","Tiempo de lectura":"1 minuto"},"schema":{"@context":"https:\/\/schema.org","@graph":[{"@type":"Article","@id":"https:\/\/elcotarro.com\/?p=9471#article","isPartOf":{"@id":"https:\/\/elcotarro.com\/?p=9471"},"author":{"name":"Jos\u00e9 Carlos Marrero Gonz\u00e1lez","@id":"https:\/\/elcotarro.com\/#\/schema\/person\/af537ee7d60d15984c7e0affcd8a918b"},"headline":"A PEOR LA MEJOR\u00cdA CON LO DE LA INMIGRACI\u00d3N","datePublished":"2021-02-07T08:00:27+00:00","mainEntityOfPage":{"@id":"https:\/\/elcotarro.com\/?p=9471"},"wordCount":289,"commentCount":1,"publisher":{"@id":"https:\/\/elcotarro.com\/#organization"},"image":{"@id":"https:\/\/elcotarro.com\/?p=9471#primaryimage"},"thumbnailUrl":"https:\/\/elcotarro.com\/wp-content\/uploads\/2021\/02\/FOTO-1.-TRIO-CALLADO.jpg","inLanguage":"es","potentialAction":[{"@type":"CommentAction","name":"Comment","target":["https:\/\/elcotarro.com\/?p=9471#respond"]}]},{"@type":"WebPage","@id":"https:\/\/elcotarro.com\/?p=9471","url":"https:\/\/elcotarro.com\/?p=9471","name":"A PEOR LA MEJOR\u00cdA CON LO DE LA INMIGRACI\u00d3N - El Cotarro","isPartOf":{"@id":"https:\/\/elcotarro.com\/#website"},"primaryImageOfPage":{"@id":"https:\/\/elcotarro.com\/?p=9471#primaryimage"},"image":{"@id":"https:\/\/elcotarro.com\/?p=9471#primaryimage"},"thumbnailUrl":"https:\/\/elcotarro.com\/wp-content\/uploads\/2021\/02\/FOTO-1.-TRIO-CALLADO.jpg","datePublished":"2021-02-07T08:00:27+00:00","breadcrumb":{"@id":"https:\/\/elcotarro.com\/?p=9471#breadcrumb"},"inLanguage":"es","potentialAction":[{"@type":"ReadAction","target":["https:\/\/elcotarro.com\/?p=9471"]}]},{"@type":"ImageObject","inLanguage":"es","@id":"https:\/\/elcotarro.com\/?p=9471#primaryimage","url":"https:\/\/elcotarro.com\/wp-content\/uploads\/2021\/02\/FOTO-1.-TRIO-CALLADO.jpg","contentUrl":"https:\/\/elcotarro.com\/wp-content\/uploads\/2021\/02\/FOTO-1.-TRIO-CALLADO.jpg","width":909,"height":459},{"@type":"BreadcrumbList","@id":"https:\/\/elcotarro.com\/?p=9471#breadcrumb","itemListElement":[{"@type":"ListItem","position":1,"name":"Portada","item":"https:\/\/elcotarro.com\/"},{"@type":"ListItem","position":2,"name":"A PEOR LA MEJOR\u00cdA CON LO DE LA INMIGRACI\u00d3N"}]},{"@type":"WebSite","@id":"https:\/\/elcotarro.com\/#website","url":"https:\/\/elcotarro.com\/","name":"El Cotarro","description":"Peri\u00f3dico Digital Independiente dirigido por Jos\u00e9 Carlos Marrero","publisher":{"@id":"https:\/\/elcotarro.com\/#organization"},"potentialAction":[{"@type":"SearchAction","target":{"@type":"EntryPoint","urlTemplate":"https:\/\/elcotarro.com\/?s={search_term_string}"},"query-input":{"@type":"PropertyValueSpecification","valueRequired":true,"valueName":"search_term_string"}}],"inLanguage":"es"},{"@type":"Organization","@id":"https:\/\/elcotarro.com\/#organization","name":"El Cotarro","url":"https:\/\/elcotarro.com\/","logo":{"@type":"ImageObject","inLanguage":"es","@id":"https:\/\/elcotarro.com\/#\/schema\/logo\/image\/","url":"https:\/\/elcotarro.com\/wp-content\/uploads\/2014\/09\/Cabecera_El_Cotarro_v2.jpg","contentUrl":"https:\/\/elcotarro.com\/wp-content\/uploads\/2014\/09\/Cabecera_El_Cotarro_v2.jpg","width":3540,"height":441,"caption":"El Cotarro"},"image":{"@id":"https:\/\/elcotarro.com\/#\/schema\/logo\/image\/"},"sameAs":["https:\/\/www.facebook.com\/ElCotarro.Tenerife"]},{"@type":"Person","@id":"https:\/\/elcotarro.com\/#\/schema\/person\/af537ee7d60d15984c7e0affcd8a918b","name":"Jos\u00e9 Carlos Marrero Gonz\u00e1lez","image":{"@type":"ImageObject","inLanguage":"es","@id":"https:\/\/elcotarro.com\/#\/schema\/person\/image\/","url":"https:\/\/secure.gravatar.com\/avatar\/def4da036efb5d32c74d49c351f6dccc064dd69ad9f3aadc295c5a9a5391ca01?s=96&d=mm&r=g","contentUrl":"https:\/\/secure.gravatar.com\/avatar\/def4da036efb5d32c74d49c351f6dccc064dd69ad9f3aadc295c5a9a5391ca01?s=96&d=mm&r=g","caption":"Jos\u00e9 Carlos Marrero Gonz\u00e1lez"},"sameAs":["https:\/\/elcotarro.com"],"url":"https:\/\/elcotarro.com\/?author=2"}]}},"jetpack_featured_media_url":"","jetpack_sharing_enabled":true,"_links":{"self":[{"href":"https:\/\/elcotarro.com\/index.php?rest_route=\/wp\/v2\/posts\/9471","targetHints":{"allow":["GET"]}}],"collection":[{"href":"https:\/\/elcotarro.com\/index.php?rest_route=\/wp\/v2\/posts"}],"about":[{"href":"https:\/\/elcotarro.com\/index.php?rest_route=\/wp\/v2\/types\/post"}],"author":[{"embeddable":true,"href":"https:\/\/elcotarro.com\/index.php?rest_route=\/wp\/v2\/users\/2"}],"replies":[{"embeddable":true,"href":"https:\/\/elcotarro.com\/index.php?rest_route=%2Fwp%2Fv2%2Fcomments&post=9471"}],"version-history":[{"count":1,"href":"https:\/\/elcotarro.com\/index.php?rest_route=\/wp\/v2\/posts\/9471\/revisions"}],"predecessor-version":[{"id":9473,"href":"https:\/\/elcotarro.com\/index.php?rest_route=\/wp\/v2\/posts\/9471\/revisions\/9473"}],"wp:attachment":[{"href":"https:\/\/elcotarro.com\/index.php?rest_route=%2Fwp%2Fv2%2Fmedia&parent=9471"}],"wp:term":[{"taxonomy":"category","embeddable":true,"href":"https:\/\/elcotarro.com\/index.php?rest_route=%2Fwp%2Fv2%2Fcategories&post=9471"},{"taxonomy":"post_tag","embeddable":true,"href":"https:\/\/elcotarro.com\/index.php?rest_route=%2Fwp%2Fv2%2Ftags&post=9471"}],"curies":[{"name":"wp","href":"https:\/\/api.w.org\/{rel}","templated":true}]}}