{"id":9535,"date":"2021-02-21T06:58:06","date_gmt":"2021-02-21T06:58:06","guid":{"rendered":"https:\/\/elcotarro.com\/?p=9535"},"modified":"2021-02-20T12:31:22","modified_gmt":"2021-02-20T12:31:22","slug":"mientras-tanto-deambular-y-dormir-al-raso","status":"publish","type":"post","link":"https:\/\/elcotarro.com\/?p=9535","title":{"rendered":"MIENTRAS TANTO, DEAMBULAR Y DORMIR AL RASO"},"content":{"rendered":"<p>El propio <strong>Juan Fernando L\u00f3pez Aguilar<\/strong> en su perfil de la red Twitter, @JFLopezAguilar, no tard\u00f3 en publicar unas fotos junto alg\u00fan comentario como, lo pongo textualmente, el siguiente: \u201c<em>Sobre l terreno:Campo LasRaices cn <strong>F Keller<\/strong>, MEP Comm LIBE,\u00a0<strong>P Martin<\/strong> Prsdnte CabildoTfe,\u00a0<strong>LYeray Gtierrez<\/strong> Alcalde L Laguna:escuchando a ls migrantes su relato d desesperaci\u00f3n: Senegal,Mali,Gambia,Marruecos..X 1 respuesta UE eficaz,sostenible,solidaria, respetuosa dl Derecho,18 febr 21\u201d<\/em>. Mientras tanto, cientos de inmigrantes siguen durmiendo al raso fuera del recinto y otros deambulando por las carreteras en un n\u00famero y forma que recuerda las peregrinaciones a Candelaria del 2 de febrero o 15 de agosto. Y lo hacen sin darse cuenta del peligro de un tr\u00e1fico al que no est\u00e1n acostumbrados y que, en cualquier momento, puede acabar en atropellos. Desde la propia Polic\u00eda Local de La Laguna me comentaron que la Guardia Civil (porque al parecer es competencia de ella) deber\u00eda actuar de alguna forma para atajar un peligroso fen\u00f3meno que aumenta por la noche.<\/p>\n<p style=\"text-align: center\"><a href=\"https:\/\/elcotarro.com\/wp-content\/uploads\/2021\/02\/FOTO-3.-JUAN-FERNANDO-Y-FABIENNE.jpg\"><img loading=\"lazy\" decoding=\"async\" class=\"aligncenter size-full wp-image-9536\" src=\"https:\/\/elcotarro.com\/wp-content\/uploads\/2021\/02\/FOTO-3.-JUAN-FERNANDO-Y-FABIENNE.jpg\" alt=\"\" width=\"1600\" height=\"1200\" srcset=\"https:\/\/elcotarro.com\/wp-content\/uploads\/2021\/02\/FOTO-3.-JUAN-FERNANDO-Y-FABIENNE.jpg 1600w, https:\/\/elcotarro.com\/wp-content\/uploads\/2021\/02\/FOTO-3.-JUAN-FERNANDO-Y-FABIENNE-300x225.jpg 300w, https:\/\/elcotarro.com\/wp-content\/uploads\/2021\/02\/FOTO-3.-JUAN-FERNANDO-Y-FABIENNE-1024x768.jpg 1024w, https:\/\/elcotarro.com\/wp-content\/uploads\/2021\/02\/FOTO-3.-JUAN-FERNANDO-Y-FABIENNE-768x576.jpg 768w, https:\/\/elcotarro.com\/wp-content\/uploads\/2021\/02\/FOTO-3.-JUAN-FERNANDO-Y-FABIENNE-1536x1152.jpg 1536w\" sizes=\"auto, (max-width: 1600px) 100vw, 1600px\" \/><\/a><\/p>\n<p style=\"text-align: center\"><em>Juan Fernando L\u00f3pez Aguilar y Fabienne Keller, dialogan con algunos inmigrantes.<\/em><\/p>\n","protected":false},"excerpt":{"rendered":"<p>El propio Juan Fernando L\u00f3pez Aguilar en su perfil de la red Twitter, @JFLopezAguilar, no tard\u00f3 en publicar unas fotos junto alg\u00fan comentario como, lo pongo textualmente, el siguiente: \u201cSobre l terreno:Campo LasRaices cn F Keller, MEP Comm LIBE,\u00a0P Martin Prsdnte CabildoTfe,\u00a0LYeray Gtierrez Alcalde L Laguna:escuchando a ls migrantes su relato d desesperaci\u00f3n: Senegal,Mali,Gambia,Marruecos..X 1 &#8230; <a class=\"read-more\" href=\"https:\/\/elcotarro.com\/?p=9535\">Read more<\/a><\/p>\n","protected":false},"author":2,"featured_media":0,"comment_status":"open","ping_status":"open","sticky":false,"template":"","format":"standard","meta":{"_jetpack_memberships_contains_paid_content":false,"footnotes":""},"categories":[1],"tags":[],"class_list":["post-9535","post","type-post","status-publish","format-standard","hentry","category-sin-categoria"],"yoast_head":"<!-- This site is optimized with the Yoast SEO plugin v27.0 - https:\/\/yoast.com\/product\/yoast-seo-wordpress\/ -->\n<title>MIENTRAS TANTO, DEAMBULAR Y DORMIR AL RASO - El Cotarro<\/title>\n<meta name=\"robots\" content=\"index, follow, max-snippet:-1, max-image-preview:large, max-video-preview:-1\" \/>\n<link rel=\"canonical\" href=\"https:\/\/elcotarro.com\/?p=9535\" \/>\n<meta property=\"og:locale\" content=\"es_ES\" \/>\n<meta property=\"og:type\" content=\"article\" \/>\n<meta property=\"og:title\" content=\"MIENTRAS TANTO, DEAMBULAR Y DORMIR AL RASO - El Cotarro\" \/>\n<meta property=\"og:description\" content=\"El propio Juan Fernando L\u00f3pez Aguilar en su perfil de la red Twitter, @JFLopezAguilar, no tard\u00f3 en publicar unas fotos junto alg\u00fan comentario como, lo pongo textualmente, el siguiente: \u201cSobre l terreno:Campo LasRaices cn F Keller, MEP Comm LIBE,\u00a0P Martin Prsdnte CabildoTfe,\u00a0LYeray Gtierrez Alcalde L Laguna:escuchando a ls migrantes su relato d desesperaci\u00f3n: Senegal,Mali,Gambia,Marruecos..X 1 ... Read more\" \/>\n<meta property=\"og:url\" content=\"https:\/\/elcotarro.com\/?p=9535\" \/>\n<meta property=\"og:site_name\" content=\"El Cotarro\" \/>\n<meta property=\"article:publisher\" content=\"https:\/\/www.facebook.com\/ElCotarro.Tenerife\" \/>\n<meta property=\"article:published_time\" content=\"2021-02-21T06:58:06+00:00\" \/>\n<meta property=\"og:image\" content=\"https:\/\/elcotarro.com\/wp-content\/uploads\/2021\/02\/FOTO-3.-JUAN-FERNANDO-Y-FABIENNE.jpg\" \/>\n<meta name=\"author\" content=\"Jos\u00e9 Carlos Marrero Gonz\u00e1lez\" \/>\n<meta name=\"twitter:label1\" content=\"Escrito por\" \/>\n\t<meta name=\"twitter:data1\" content=\"Jos\u00e9 Carlos Marrero Gonz\u00e1lez\" \/>\n\t<meta name=\"twitter:label2\" content=\"Tiempo de lectura\" \/>\n\t<meta name=\"twitter:data2\" content=\"1 minuto\" \/>\n<script type=\"application\/ld+json\" class=\"yoast-schema-graph\">{\"@context\":\"https:\/\/schema.org\",\"@graph\":[{\"@type\":\"Article\",\"@id\":\"https:\/\/elcotarro.com\/?p=9535#article\",\"isPartOf\":{\"@id\":\"https:\/\/elcotarro.com\/?p=9535\"},\"author\":{\"name\":\"Jos\u00e9 Carlos Marrero Gonz\u00e1lez\",\"@id\":\"https:\/\/elcotarro.com\/#\/schema\/person\/af537ee7d60d15984c7e0affcd8a918b\"},\"headline\":\"MIENTRAS TANTO, DEAMBULAR Y DORMIR AL RASO\",\"datePublished\":\"2021-02-21T06:58:06+00:00\",\"mainEntityOfPage\":{\"@id\":\"https:\/\/elcotarro.com\/?p=9535\"},\"wordCount\":195,\"commentCount\":1,\"publisher\":{\"@id\":\"https:\/\/elcotarro.com\/#organization\"},\"image\":{\"@id\":\"https:\/\/elcotarro.com\/?p=9535#primaryimage\"},\"thumbnailUrl\":\"https:\/\/elcotarro.com\/wp-content\/uploads\/2021\/02\/FOTO-3.-JUAN-FERNANDO-Y-FABIENNE.jpg\",\"inLanguage\":\"es\",\"potentialAction\":[{\"@type\":\"CommentAction\",\"name\":\"Comment\",\"target\":[\"https:\/\/elcotarro.com\/?p=9535#respond\"]}]},{\"@type\":\"WebPage\",\"@id\":\"https:\/\/elcotarro.com\/?p=9535\",\"url\":\"https:\/\/elcotarro.com\/?p=9535\",\"name\":\"MIENTRAS TANTO, DEAMBULAR Y DORMIR AL RASO - El Cotarro\",\"isPartOf\":{\"@id\":\"https:\/\/elcotarro.com\/#website\"},\"primaryImageOfPage\":{\"@id\":\"https:\/\/elcotarro.com\/?p=9535#primaryimage\"},\"image\":{\"@id\":\"https:\/\/elcotarro.com\/?p=9535#primaryimage\"},\"thumbnailUrl\":\"https:\/\/elcotarro.com\/wp-content\/uploads\/2021\/02\/FOTO-3.-JUAN-FERNANDO-Y-FABIENNE.jpg\",\"datePublished\":\"2021-02-21T06:58:06+00:00\",\"breadcrumb\":{\"@id\":\"https:\/\/elcotarro.com\/?p=9535#breadcrumb\"},\"inLanguage\":\"es\",\"potentialAction\":[{\"@type\":\"ReadAction\",\"target\":[\"https:\/\/elcotarro.com\/?p=9535\"]}]},{\"@type\":\"ImageObject\",\"inLanguage\":\"es\",\"@id\":\"https:\/\/elcotarro.com\/?p=9535#primaryimage\",\"url\":\"https:\/\/elcotarro.com\/wp-content\/uploads\/2021\/02\/FOTO-3.-JUAN-FERNANDO-Y-FABIENNE.jpg\",\"contentUrl\":\"https:\/\/elcotarro.com\/wp-content\/uploads\/2021\/02\/FOTO-3.-JUAN-FERNANDO-Y-FABIENNE.jpg\",\"width\":1600,\"height\":1200},{\"@type\":\"BreadcrumbList\",\"@id\":\"https:\/\/elcotarro.com\/?p=9535#breadcrumb\",\"itemListElement\":[{\"@type\":\"ListItem\",\"position\":1,\"name\":\"Portada\",\"item\":\"https:\/\/elcotarro.com\/\"},{\"@type\":\"ListItem\",\"position\":2,\"name\":\"MIENTRAS TANTO, DEAMBULAR Y DORMIR AL RASO\"}]},{\"@type\":\"WebSite\",\"@id\":\"https:\/\/elcotarro.com\/#website\",\"url\":\"https:\/\/elcotarro.com\/\",\"name\":\"El Cotarro\",\"description\":\"Peri\u00f3dico Digital Independiente dirigido por Jos\u00e9 Carlos Marrero\",\"publisher\":{\"@id\":\"https:\/\/elcotarro.com\/#organization\"},\"potentialAction\":[{\"@type\":\"SearchAction\",\"target\":{\"@type\":\"EntryPoint\",\"urlTemplate\":\"https:\/\/elcotarro.com\/?s={search_term_string}\"},\"query-input\":{\"@type\":\"PropertyValueSpecification\",\"valueRequired\":true,\"valueName\":\"search_term_string\"}}],\"inLanguage\":\"es\"},{\"@type\":\"Organization\",\"@id\":\"https:\/\/elcotarro.com\/#organization\",\"name\":\"El Cotarro\",\"url\":\"https:\/\/elcotarro.com\/\",\"logo\":{\"@type\":\"ImageObject\",\"inLanguage\":\"es\",\"@id\":\"https:\/\/elcotarro.com\/#\/schema\/logo\/image\/\",\"url\":\"https:\/\/elcotarro.com\/wp-content\/uploads\/2014\/09\/Cabecera_El_Cotarro_v2.jpg\",\"contentUrl\":\"https:\/\/elcotarro.com\/wp-content\/uploads\/2014\/09\/Cabecera_El_Cotarro_v2.jpg\",\"width\":3540,\"height\":441,\"caption\":\"El Cotarro\"},\"image\":{\"@id\":\"https:\/\/elcotarro.com\/#\/schema\/logo\/image\/\"},\"sameAs\":[\"https:\/\/www.facebook.com\/ElCotarro.Tenerife\"]},{\"@type\":\"Person\",\"@id\":\"https:\/\/elcotarro.com\/#\/schema\/person\/af537ee7d60d15984c7e0affcd8a918b\",\"name\":\"Jos\u00e9 Carlos Marrero Gonz\u00e1lez\",\"image\":{\"@type\":\"ImageObject\",\"inLanguage\":\"es\",\"@id\":\"https:\/\/elcotarro.com\/#\/schema\/person\/image\/\",\"url\":\"https:\/\/secure.gravatar.com\/avatar\/def4da036efb5d32c74d49c351f6dccc064dd69ad9f3aadc295c5a9a5391ca01?s=96&d=mm&r=g\",\"contentUrl\":\"https:\/\/secure.gravatar.com\/avatar\/def4da036efb5d32c74d49c351f6dccc064dd69ad9f3aadc295c5a9a5391ca01?s=96&d=mm&r=g\",\"caption\":\"Jos\u00e9 Carlos Marrero Gonz\u00e1lez\"},\"sameAs\":[\"https:\/\/elcotarro.com\"],\"url\":\"https:\/\/elcotarro.com\/?author=2\"}]}<\/script>\n<!-- \/ Yoast SEO plugin. -->","yoast_head_json":{"title":"MIENTRAS TANTO, DEAMBULAR Y DORMIR AL RASO - El Cotarro","robots":{"index":"index","follow":"follow","max-snippet":"max-snippet:-1","max-image-preview":"max-image-preview:large","max-video-preview":"max-video-preview:-1"},"canonical":"https:\/\/elcotarro.com\/?p=9535","og_locale":"es_ES","og_type":"article","og_title":"MIENTRAS TANTO, DEAMBULAR Y DORMIR AL RASO - El Cotarro","og_description":"El propio Juan Fernando L\u00f3pez Aguilar en su perfil de la red Twitter, @JFLopezAguilar, no tard\u00f3 en publicar unas fotos junto alg\u00fan comentario como, lo pongo textualmente, el siguiente: \u201cSobre l terreno:Campo LasRaices cn F Keller, MEP Comm LIBE,\u00a0P Martin Prsdnte CabildoTfe,\u00a0LYeray Gtierrez Alcalde L Laguna:escuchando a ls migrantes su relato d desesperaci\u00f3n: Senegal,Mali,Gambia,Marruecos..X 1 ... Read more","og_url":"https:\/\/elcotarro.com\/?p=9535","og_site_name":"El Cotarro","article_publisher":"https:\/\/www.facebook.com\/ElCotarro.Tenerife","article_published_time":"2021-02-21T06:58:06+00:00","og_image":[{"url":"https:\/\/elcotarro.com\/wp-content\/uploads\/2021\/02\/FOTO-3.-JUAN-FERNANDO-Y-FABIENNE.jpg","type":"","width":"","height":""}],"author":"Jos\u00e9 Carlos Marrero Gonz\u00e1lez","twitter_misc":{"Escrito por":"Jos\u00e9 Carlos Marrero Gonz\u00e1lez","Tiempo de lectura":"1 minuto"},"schema":{"@context":"https:\/\/schema.org","@graph":[{"@type":"Article","@id":"https:\/\/elcotarro.com\/?p=9535#article","isPartOf":{"@id":"https:\/\/elcotarro.com\/?p=9535"},"author":{"name":"Jos\u00e9 Carlos Marrero Gonz\u00e1lez","@id":"https:\/\/elcotarro.com\/#\/schema\/person\/af537ee7d60d15984c7e0affcd8a918b"},"headline":"MIENTRAS TANTO, DEAMBULAR Y DORMIR AL RASO","datePublished":"2021-02-21T06:58:06+00:00","mainEntityOfPage":{"@id":"https:\/\/elcotarro.com\/?p=9535"},"wordCount":195,"commentCount":1,"publisher":{"@id":"https:\/\/elcotarro.com\/#organization"},"image":{"@id":"https:\/\/elcotarro.com\/?p=9535#primaryimage"},"thumbnailUrl":"https:\/\/elcotarro.com\/wp-content\/uploads\/2021\/02\/FOTO-3.-JUAN-FERNANDO-Y-FABIENNE.jpg","inLanguage":"es","potentialAction":[{"@type":"CommentAction","name":"Comment","target":["https:\/\/elcotarro.com\/?p=9535#respond"]}]},{"@type":"WebPage","@id":"https:\/\/elcotarro.com\/?p=9535","url":"https:\/\/elcotarro.com\/?p=9535","name":"MIENTRAS TANTO, DEAMBULAR Y DORMIR AL RASO - El Cotarro","isPartOf":{"@id":"https:\/\/elcotarro.com\/#website"},"primaryImageOfPage":{"@id":"https:\/\/elcotarro.com\/?p=9535#primaryimage"},"image":{"@id":"https:\/\/elcotarro.com\/?p=9535#primaryimage"},"thumbnailUrl":"https:\/\/elcotarro.com\/wp-content\/uploads\/2021\/02\/FOTO-3.-JUAN-FERNANDO-Y-FABIENNE.jpg","datePublished":"2021-02-21T06:58:06+00:00","breadcrumb":{"@id":"https:\/\/elcotarro.com\/?p=9535#breadcrumb"},"inLanguage":"es","potentialAction":[{"@type":"ReadAction","target":["https:\/\/elcotarro.com\/?p=9535"]}]},{"@type":"ImageObject","inLanguage":"es","@id":"https:\/\/elcotarro.com\/?p=9535#primaryimage","url":"https:\/\/elcotarro.com\/wp-content\/uploads\/2021\/02\/FOTO-3.-JUAN-FERNANDO-Y-FABIENNE.jpg","contentUrl":"https:\/\/elcotarro.com\/wp-content\/uploads\/2021\/02\/FOTO-3.-JUAN-FERNANDO-Y-FABIENNE.jpg","width":1600,"height":1200},{"@type":"BreadcrumbList","@id":"https:\/\/elcotarro.com\/?p=9535#breadcrumb","itemListElement":[{"@type":"ListItem","position":1,"name":"Portada","item":"https:\/\/elcotarro.com\/"},{"@type":"ListItem","position":2,"name":"MIENTRAS TANTO, DEAMBULAR Y DORMIR AL RASO"}]},{"@type":"WebSite","@id":"https:\/\/elcotarro.com\/#website","url":"https:\/\/elcotarro.com\/","name":"El Cotarro","description":"Peri\u00f3dico Digital Independiente dirigido por Jos\u00e9 Carlos Marrero","publisher":{"@id":"https:\/\/elcotarro.com\/#organization"},"potentialAction":[{"@type":"SearchAction","target":{"@type":"EntryPoint","urlTemplate":"https:\/\/elcotarro.com\/?s={search_term_string}"},"query-input":{"@type":"PropertyValueSpecification","valueRequired":true,"valueName":"search_term_string"}}],"inLanguage":"es"},{"@type":"Organization","@id":"https:\/\/elcotarro.com\/#organization","name":"El Cotarro","url":"https:\/\/elcotarro.com\/","logo":{"@type":"ImageObject","inLanguage":"es","@id":"https:\/\/elcotarro.com\/#\/schema\/logo\/image\/","url":"https:\/\/elcotarro.com\/wp-content\/uploads\/2014\/09\/Cabecera_El_Cotarro_v2.jpg","contentUrl":"https:\/\/elcotarro.com\/wp-content\/uploads\/2014\/09\/Cabecera_El_Cotarro_v2.jpg","width":3540,"height":441,"caption":"El Cotarro"},"image":{"@id":"https:\/\/elcotarro.com\/#\/schema\/logo\/image\/"},"sameAs":["https:\/\/www.facebook.com\/ElCotarro.Tenerife"]},{"@type":"Person","@id":"https:\/\/elcotarro.com\/#\/schema\/person\/af537ee7d60d15984c7e0affcd8a918b","name":"Jos\u00e9 Carlos Marrero Gonz\u00e1lez","image":{"@type":"ImageObject","inLanguage":"es","@id":"https:\/\/elcotarro.com\/#\/schema\/person\/image\/","url":"https:\/\/secure.gravatar.com\/avatar\/def4da036efb5d32c74d49c351f6dccc064dd69ad9f3aadc295c5a9a5391ca01?s=96&d=mm&r=g","contentUrl":"https:\/\/secure.gravatar.com\/avatar\/def4da036efb5d32c74d49c351f6dccc064dd69ad9f3aadc295c5a9a5391ca01?s=96&d=mm&r=g","caption":"Jos\u00e9 Carlos Marrero Gonz\u00e1lez"},"sameAs":["https:\/\/elcotarro.com"],"url":"https:\/\/elcotarro.com\/?author=2"}]}},"jetpack_featured_media_url":"","jetpack_sharing_enabled":true,"_links":{"self":[{"href":"https:\/\/elcotarro.com\/index.php?rest_route=\/wp\/v2\/posts\/9535","targetHints":{"allow":["GET"]}}],"collection":[{"href":"https:\/\/elcotarro.com\/index.php?rest_route=\/wp\/v2\/posts"}],"about":[{"href":"https:\/\/elcotarro.com\/index.php?rest_route=\/wp\/v2\/types\/post"}],"author":[{"embeddable":true,"href":"https:\/\/elcotarro.com\/index.php?rest_route=\/wp\/v2\/users\/2"}],"replies":[{"embeddable":true,"href":"https:\/\/elcotarro.com\/index.php?rest_route=%2Fwp%2Fv2%2Fcomments&post=9535"}],"version-history":[{"count":1,"href":"https:\/\/elcotarro.com\/index.php?rest_route=\/wp\/v2\/posts\/9535\/revisions"}],"predecessor-version":[{"id":9537,"href":"https:\/\/elcotarro.com\/index.php?rest_route=\/wp\/v2\/posts\/9535\/revisions\/9537"}],"wp:attachment":[{"href":"https:\/\/elcotarro.com\/index.php?rest_route=%2Fwp%2Fv2%2Fmedia&parent=9535"}],"wp:term":[{"taxonomy":"category","embeddable":true,"href":"https:\/\/elcotarro.com\/index.php?rest_route=%2Fwp%2Fv2%2Fcategories&post=9535"},{"taxonomy":"post_tag","embeddable":true,"href":"https:\/\/elcotarro.com\/index.php?rest_route=%2Fwp%2Fv2%2Ftags&post=9535"}],"curies":[{"name":"wp","href":"https:\/\/api.w.org\/{rel}","templated":true}]}}