{"id":9538,"date":"2021-02-21T06:57:28","date_gmt":"2021-02-21T06:57:28","guid":{"rendered":"https:\/\/elcotarro.com\/?p=9538"},"modified":"2021-02-21T09:54:53","modified_gmt":"2021-02-21T09:54:53","slug":"estar-en-el-pellejo-de-luis-yeray-gutierrez","status":"publish","type":"post","link":"https:\/\/elcotarro.com\/?p=9538","title":{"rendered":"ESTAR EN EL PELLEJO DE LUIS YERAY GUTI\u00c9RREZ"},"content":{"rendered":"<p>Despu\u00e9s de mi visita a los alrededores del recinto y hablar con un buen n\u00famero de personas, coincid\u00ed con el alcalde lagunero, <strong>Luis Yeray Guti\u00e9rrez<\/strong>, en el restaurante Casa Juanito (gentilmente cedido por su propietario, el puntal <strong>Juan Antonio Ramos<\/strong>) donde se iba a reunir con los vecinos de la zona. Pude ver que, adem\u00e1s de otros concejales socialistas, estaba y pudo entrar Sergio Alonso, concejal de Coalici\u00f3n Canaria. A mi no me dejaron entrar a la reuni\u00f3n, ni a los compa\u00f1eros del Diario de Avisos, porque, seg\u00fan coment\u00f3 <strong>Mois\u00e9s Grillo<\/strong> (jefe de Prensa del Ayuntamiento lagunero) era solo para concejales y vecinos. Creo que eso es otro error (no de <strong>Mois\u00e9s<\/strong>) y que, para Luis Yeray, su grupo de Gobierno y para todos los vecinos, hubiese sido mucho mejor haber dejado que entraran los medios que quisieran y hablar de todo, como se suele decir, con luz y taqu\u00edgrafos, con transparencia y sin tapujos. Porque creo que es el alcalde <strong>Luis Yeray Guti\u00e9rrez<\/strong>quien est\u00e1 apechugando con \u201cel marr\u00f3n\u201d y al que ya le preguntaba la gente que, por qu\u00e9 todos en La Laguna y solo en La Laguna. No merece <strong>Luis Yeray<\/strong>, ni La Laguna. ni la ciudadan\u00eda lagunera que se abuse de su hist\u00f3rica y m\u00e1s que demostrada solidaridad.<\/p>\n<p style=\"text-align: center\"><a href=\"https:\/\/elcotarro.com\/wp-content\/uploads\/2021\/02\/FOTO-4.-INMIGRANTES-ESCUCHANDO.jpg\"><img loading=\"lazy\" decoding=\"async\" class=\"aligncenter size-full wp-image-9539\" src=\"https:\/\/elcotarro.com\/wp-content\/uploads\/2021\/02\/FOTO-4.-INMIGRANTES-ESCUCHANDO.jpg\" alt=\"\" width=\"1200\" height=\"650\" srcset=\"https:\/\/elcotarro.com\/wp-content\/uploads\/2021\/02\/FOTO-4.-INMIGRANTES-ESCUCHANDO.jpg 1200w, https:\/\/elcotarro.com\/wp-content\/uploads\/2021\/02\/FOTO-4.-INMIGRANTES-ESCUCHANDO-300x163.jpg 300w, https:\/\/elcotarro.com\/wp-content\/uploads\/2021\/02\/FOTO-4.-INMIGRANTES-ESCUCHANDO-1024x555.jpg 1024w, https:\/\/elcotarro.com\/wp-content\/uploads\/2021\/02\/FOTO-4.-INMIGRANTES-ESCUCHANDO-768x416.jpg 768w\" sizes=\"auto, (max-width: 1200px) 100vw, 1200px\" \/><\/a><\/p>\n<p style=\"text-align: center\"><em>Un buen n\u00famero de inmigrantes escuchan a los pol\u00edticos socialistas. Luego, muchos de ellos, a seguir durmiendo al raso y a deambular por las carreteras.<\/em><\/p>\n","protected":false},"excerpt":{"rendered":"<p>Despu\u00e9s de mi visita a los alrededores del recinto y hablar con un buen n\u00famero de personas, coincid\u00ed con el alcalde lagunero, Luis Yeray Guti\u00e9rrez, en el restaurante Casa Juanito (gentilmente cedido por su propietario, el puntal Juan Antonio Ramos) donde se iba a reunir con los vecinos de la zona. Pude ver que, adem\u00e1s &#8230; <a class=\"read-more\" href=\"https:\/\/elcotarro.com\/?p=9538\">Read more<\/a><\/p>\n","protected":false},"author":2,"featured_media":0,"comment_status":"open","ping_status":"open","sticky":false,"template":"","format":"standard","meta":{"_jetpack_memberships_contains_paid_content":false,"footnotes":""},"categories":[1],"tags":[],"class_list":["post-9538","post","type-post","status-publish","format-standard","hentry","category-sin-categoria"],"yoast_head":"<!-- This site is optimized with the Yoast SEO plugin v27.0 - https:\/\/yoast.com\/product\/yoast-seo-wordpress\/ -->\n<title>ESTAR EN EL PELLEJO DE LUIS YERAY GUTI\u00c9RREZ - El Cotarro<\/title>\n<meta name=\"robots\" content=\"index, follow, max-snippet:-1, max-image-preview:large, max-video-preview:-1\" \/>\n<link rel=\"canonical\" href=\"https:\/\/elcotarro.com\/?p=9538\" \/>\n<meta property=\"og:locale\" content=\"es_ES\" \/>\n<meta property=\"og:type\" content=\"article\" \/>\n<meta property=\"og:title\" content=\"ESTAR EN EL PELLEJO DE LUIS YERAY GUTI\u00c9RREZ - El Cotarro\" \/>\n<meta property=\"og:description\" content=\"Despu\u00e9s de mi visita a los alrededores del recinto y hablar con un buen n\u00famero de personas, coincid\u00ed con el alcalde lagunero, Luis Yeray Guti\u00e9rrez, en el restaurante Casa Juanito (gentilmente cedido por su propietario, el puntal Juan Antonio Ramos) donde se iba a reunir con los vecinos de la zona. Pude ver que, adem\u00e1s ... Read more\" \/>\n<meta property=\"og:url\" content=\"https:\/\/elcotarro.com\/?p=9538\" \/>\n<meta property=\"og:site_name\" content=\"El Cotarro\" \/>\n<meta property=\"article:publisher\" content=\"https:\/\/www.facebook.com\/ElCotarro.Tenerife\" \/>\n<meta property=\"article:published_time\" content=\"2021-02-21T06:57:28+00:00\" \/>\n<meta property=\"article:modified_time\" content=\"2021-02-21T09:54:53+00:00\" \/>\n<meta property=\"og:image\" content=\"https:\/\/elcotarro.com\/wp-content\/uploads\/2021\/02\/FOTO-4.-INMIGRANTES-ESCUCHANDO.jpg\" \/>\n<meta name=\"author\" content=\"Jos\u00e9 Carlos Marrero Gonz\u00e1lez\" \/>\n<meta name=\"twitter:label1\" content=\"Escrito por\" \/>\n\t<meta name=\"twitter:data1\" content=\"Jos\u00e9 Carlos Marrero Gonz\u00e1lez\" \/>\n\t<meta name=\"twitter:label2\" content=\"Tiempo de lectura\" \/>\n\t<meta name=\"twitter:data2\" content=\"1 minuto\" \/>\n<script type=\"application\/ld+json\" class=\"yoast-schema-graph\">{\"@context\":\"https:\/\/schema.org\",\"@graph\":[{\"@type\":\"Article\",\"@id\":\"https:\/\/elcotarro.com\/?p=9538#article\",\"isPartOf\":{\"@id\":\"https:\/\/elcotarro.com\/?p=9538\"},\"author\":{\"name\":\"Jos\u00e9 Carlos Marrero Gonz\u00e1lez\",\"@id\":\"https:\/\/elcotarro.com\/#\/schema\/person\/af537ee7d60d15984c7e0affcd8a918b\"},\"headline\":\"ESTAR EN EL PELLEJO DE LUIS YERAY GUTI\u00c9RREZ\",\"datePublished\":\"2021-02-21T06:57:28+00:00\",\"dateModified\":\"2021-02-21T09:54:53+00:00\",\"mainEntityOfPage\":{\"@id\":\"https:\/\/elcotarro.com\/?p=9538\"},\"wordCount\":263,\"commentCount\":1,\"publisher\":{\"@id\":\"https:\/\/elcotarro.com\/#organization\"},\"image\":{\"@id\":\"https:\/\/elcotarro.com\/?p=9538#primaryimage\"},\"thumbnailUrl\":\"https:\/\/elcotarro.com\/wp-content\/uploads\/2021\/02\/FOTO-4.-INMIGRANTES-ESCUCHANDO.jpg\",\"inLanguage\":\"es\",\"potentialAction\":[{\"@type\":\"CommentAction\",\"name\":\"Comment\",\"target\":[\"https:\/\/elcotarro.com\/?p=9538#respond\"]}]},{\"@type\":\"WebPage\",\"@id\":\"https:\/\/elcotarro.com\/?p=9538\",\"url\":\"https:\/\/elcotarro.com\/?p=9538\",\"name\":\"ESTAR EN EL PELLEJO DE LUIS YERAY GUTI\u00c9RREZ - El Cotarro\",\"isPartOf\":{\"@id\":\"https:\/\/elcotarro.com\/#website\"},\"primaryImageOfPage\":{\"@id\":\"https:\/\/elcotarro.com\/?p=9538#primaryimage\"},\"image\":{\"@id\":\"https:\/\/elcotarro.com\/?p=9538#primaryimage\"},\"thumbnailUrl\":\"https:\/\/elcotarro.com\/wp-content\/uploads\/2021\/02\/FOTO-4.-INMIGRANTES-ESCUCHANDO.jpg\",\"datePublished\":\"2021-02-21T06:57:28+00:00\",\"dateModified\":\"2021-02-21T09:54:53+00:00\",\"breadcrumb\":{\"@id\":\"https:\/\/elcotarro.com\/?p=9538#breadcrumb\"},\"inLanguage\":\"es\",\"potentialAction\":[{\"@type\":\"ReadAction\",\"target\":[\"https:\/\/elcotarro.com\/?p=9538\"]}]},{\"@type\":\"ImageObject\",\"inLanguage\":\"es\",\"@id\":\"https:\/\/elcotarro.com\/?p=9538#primaryimage\",\"url\":\"https:\/\/elcotarro.com\/wp-content\/uploads\/2021\/02\/FOTO-4.-INMIGRANTES-ESCUCHANDO.jpg\",\"contentUrl\":\"https:\/\/elcotarro.com\/wp-content\/uploads\/2021\/02\/FOTO-4.-INMIGRANTES-ESCUCHANDO.jpg\",\"width\":1200,\"height\":650},{\"@type\":\"BreadcrumbList\",\"@id\":\"https:\/\/elcotarro.com\/?p=9538#breadcrumb\",\"itemListElement\":[{\"@type\":\"ListItem\",\"position\":1,\"name\":\"Portada\",\"item\":\"https:\/\/elcotarro.com\/\"},{\"@type\":\"ListItem\",\"position\":2,\"name\":\"ESTAR EN EL PELLEJO DE LUIS YERAY GUTI\u00c9RREZ\"}]},{\"@type\":\"WebSite\",\"@id\":\"https:\/\/elcotarro.com\/#website\",\"url\":\"https:\/\/elcotarro.com\/\",\"name\":\"El Cotarro\",\"description\":\"Peri\u00f3dico Digital Independiente dirigido por Jos\u00e9 Carlos Marrero\",\"publisher\":{\"@id\":\"https:\/\/elcotarro.com\/#organization\"},\"potentialAction\":[{\"@type\":\"SearchAction\",\"target\":{\"@type\":\"EntryPoint\",\"urlTemplate\":\"https:\/\/elcotarro.com\/?s={search_term_string}\"},\"query-input\":{\"@type\":\"PropertyValueSpecification\",\"valueRequired\":true,\"valueName\":\"search_term_string\"}}],\"inLanguage\":\"es\"},{\"@type\":\"Organization\",\"@id\":\"https:\/\/elcotarro.com\/#organization\",\"name\":\"El Cotarro\",\"url\":\"https:\/\/elcotarro.com\/\",\"logo\":{\"@type\":\"ImageObject\",\"inLanguage\":\"es\",\"@id\":\"https:\/\/elcotarro.com\/#\/schema\/logo\/image\/\",\"url\":\"https:\/\/elcotarro.com\/wp-content\/uploads\/2014\/09\/Cabecera_El_Cotarro_v2.jpg\",\"contentUrl\":\"https:\/\/elcotarro.com\/wp-content\/uploads\/2014\/09\/Cabecera_El_Cotarro_v2.jpg\",\"width\":3540,\"height\":441,\"caption\":\"El Cotarro\"},\"image\":{\"@id\":\"https:\/\/elcotarro.com\/#\/schema\/logo\/image\/\"},\"sameAs\":[\"https:\/\/www.facebook.com\/ElCotarro.Tenerife\"]},{\"@type\":\"Person\",\"@id\":\"https:\/\/elcotarro.com\/#\/schema\/person\/af537ee7d60d15984c7e0affcd8a918b\",\"name\":\"Jos\u00e9 Carlos Marrero Gonz\u00e1lez\",\"image\":{\"@type\":\"ImageObject\",\"inLanguage\":\"es\",\"@id\":\"https:\/\/elcotarro.com\/#\/schema\/person\/image\/\",\"url\":\"https:\/\/secure.gravatar.com\/avatar\/def4da036efb5d32c74d49c351f6dccc064dd69ad9f3aadc295c5a9a5391ca01?s=96&d=mm&r=g\",\"contentUrl\":\"https:\/\/secure.gravatar.com\/avatar\/def4da036efb5d32c74d49c351f6dccc064dd69ad9f3aadc295c5a9a5391ca01?s=96&d=mm&r=g\",\"caption\":\"Jos\u00e9 Carlos Marrero Gonz\u00e1lez\"},\"sameAs\":[\"https:\/\/elcotarro.com\"],\"url\":\"https:\/\/elcotarro.com\/?author=2\"}]}<\/script>\n<!-- \/ Yoast SEO plugin. -->","yoast_head_json":{"title":"ESTAR EN EL PELLEJO DE LUIS YERAY GUTI\u00c9RREZ - El Cotarro","robots":{"index":"index","follow":"follow","max-snippet":"max-snippet:-1","max-image-preview":"max-image-preview:large","max-video-preview":"max-video-preview:-1"},"canonical":"https:\/\/elcotarro.com\/?p=9538","og_locale":"es_ES","og_type":"article","og_title":"ESTAR EN EL PELLEJO DE LUIS YERAY GUTI\u00c9RREZ - El Cotarro","og_description":"Despu\u00e9s de mi visita a los alrededores del recinto y hablar con un buen n\u00famero de personas, coincid\u00ed con el alcalde lagunero, Luis Yeray Guti\u00e9rrez, en el restaurante Casa Juanito (gentilmente cedido por su propietario, el puntal Juan Antonio Ramos) donde se iba a reunir con los vecinos de la zona. Pude ver que, adem\u00e1s ... Read more","og_url":"https:\/\/elcotarro.com\/?p=9538","og_site_name":"El Cotarro","article_publisher":"https:\/\/www.facebook.com\/ElCotarro.Tenerife","article_published_time":"2021-02-21T06:57:28+00:00","article_modified_time":"2021-02-21T09:54:53+00:00","og_image":[{"url":"https:\/\/elcotarro.com\/wp-content\/uploads\/2021\/02\/FOTO-4.-INMIGRANTES-ESCUCHANDO.jpg","type":"","width":"","height":""}],"author":"Jos\u00e9 Carlos Marrero Gonz\u00e1lez","twitter_misc":{"Escrito por":"Jos\u00e9 Carlos Marrero Gonz\u00e1lez","Tiempo de lectura":"1 minuto"},"schema":{"@context":"https:\/\/schema.org","@graph":[{"@type":"Article","@id":"https:\/\/elcotarro.com\/?p=9538#article","isPartOf":{"@id":"https:\/\/elcotarro.com\/?p=9538"},"author":{"name":"Jos\u00e9 Carlos Marrero Gonz\u00e1lez","@id":"https:\/\/elcotarro.com\/#\/schema\/person\/af537ee7d60d15984c7e0affcd8a918b"},"headline":"ESTAR EN EL PELLEJO DE LUIS YERAY GUTI\u00c9RREZ","datePublished":"2021-02-21T06:57:28+00:00","dateModified":"2021-02-21T09:54:53+00:00","mainEntityOfPage":{"@id":"https:\/\/elcotarro.com\/?p=9538"},"wordCount":263,"commentCount":1,"publisher":{"@id":"https:\/\/elcotarro.com\/#organization"},"image":{"@id":"https:\/\/elcotarro.com\/?p=9538#primaryimage"},"thumbnailUrl":"https:\/\/elcotarro.com\/wp-content\/uploads\/2021\/02\/FOTO-4.-INMIGRANTES-ESCUCHANDO.jpg","inLanguage":"es","potentialAction":[{"@type":"CommentAction","name":"Comment","target":["https:\/\/elcotarro.com\/?p=9538#respond"]}]},{"@type":"WebPage","@id":"https:\/\/elcotarro.com\/?p=9538","url":"https:\/\/elcotarro.com\/?p=9538","name":"ESTAR EN EL PELLEJO DE LUIS YERAY GUTI\u00c9RREZ - El Cotarro","isPartOf":{"@id":"https:\/\/elcotarro.com\/#website"},"primaryImageOfPage":{"@id":"https:\/\/elcotarro.com\/?p=9538#primaryimage"},"image":{"@id":"https:\/\/elcotarro.com\/?p=9538#primaryimage"},"thumbnailUrl":"https:\/\/elcotarro.com\/wp-content\/uploads\/2021\/02\/FOTO-4.-INMIGRANTES-ESCUCHANDO.jpg","datePublished":"2021-02-21T06:57:28+00:00","dateModified":"2021-02-21T09:54:53+00:00","breadcrumb":{"@id":"https:\/\/elcotarro.com\/?p=9538#breadcrumb"},"inLanguage":"es","potentialAction":[{"@type":"ReadAction","target":["https:\/\/elcotarro.com\/?p=9538"]}]},{"@type":"ImageObject","inLanguage":"es","@id":"https:\/\/elcotarro.com\/?p=9538#primaryimage","url":"https:\/\/elcotarro.com\/wp-content\/uploads\/2021\/02\/FOTO-4.-INMIGRANTES-ESCUCHANDO.jpg","contentUrl":"https:\/\/elcotarro.com\/wp-content\/uploads\/2021\/02\/FOTO-4.-INMIGRANTES-ESCUCHANDO.jpg","width":1200,"height":650},{"@type":"BreadcrumbList","@id":"https:\/\/elcotarro.com\/?p=9538#breadcrumb","itemListElement":[{"@type":"ListItem","position":1,"name":"Portada","item":"https:\/\/elcotarro.com\/"},{"@type":"ListItem","position":2,"name":"ESTAR EN EL PELLEJO DE LUIS YERAY GUTI\u00c9RREZ"}]},{"@type":"WebSite","@id":"https:\/\/elcotarro.com\/#website","url":"https:\/\/elcotarro.com\/","name":"El Cotarro","description":"Peri\u00f3dico Digital Independiente dirigido por Jos\u00e9 Carlos Marrero","publisher":{"@id":"https:\/\/elcotarro.com\/#organization"},"potentialAction":[{"@type":"SearchAction","target":{"@type":"EntryPoint","urlTemplate":"https:\/\/elcotarro.com\/?s={search_term_string}"},"query-input":{"@type":"PropertyValueSpecification","valueRequired":true,"valueName":"search_term_string"}}],"inLanguage":"es"},{"@type":"Organization","@id":"https:\/\/elcotarro.com\/#organization","name":"El Cotarro","url":"https:\/\/elcotarro.com\/","logo":{"@type":"ImageObject","inLanguage":"es","@id":"https:\/\/elcotarro.com\/#\/schema\/logo\/image\/","url":"https:\/\/elcotarro.com\/wp-content\/uploads\/2014\/09\/Cabecera_El_Cotarro_v2.jpg","contentUrl":"https:\/\/elcotarro.com\/wp-content\/uploads\/2014\/09\/Cabecera_El_Cotarro_v2.jpg","width":3540,"height":441,"caption":"El Cotarro"},"image":{"@id":"https:\/\/elcotarro.com\/#\/schema\/logo\/image\/"},"sameAs":["https:\/\/www.facebook.com\/ElCotarro.Tenerife"]},{"@type":"Person","@id":"https:\/\/elcotarro.com\/#\/schema\/person\/af537ee7d60d15984c7e0affcd8a918b","name":"Jos\u00e9 Carlos Marrero Gonz\u00e1lez","image":{"@type":"ImageObject","inLanguage":"es","@id":"https:\/\/elcotarro.com\/#\/schema\/person\/image\/","url":"https:\/\/secure.gravatar.com\/avatar\/def4da036efb5d32c74d49c351f6dccc064dd69ad9f3aadc295c5a9a5391ca01?s=96&d=mm&r=g","contentUrl":"https:\/\/secure.gravatar.com\/avatar\/def4da036efb5d32c74d49c351f6dccc064dd69ad9f3aadc295c5a9a5391ca01?s=96&d=mm&r=g","caption":"Jos\u00e9 Carlos Marrero Gonz\u00e1lez"},"sameAs":["https:\/\/elcotarro.com"],"url":"https:\/\/elcotarro.com\/?author=2"}]}},"jetpack_featured_media_url":"","jetpack_sharing_enabled":true,"_links":{"self":[{"href":"https:\/\/elcotarro.com\/index.php?rest_route=\/wp\/v2\/posts\/9538","targetHints":{"allow":["GET"]}}],"collection":[{"href":"https:\/\/elcotarro.com\/index.php?rest_route=\/wp\/v2\/posts"}],"about":[{"href":"https:\/\/elcotarro.com\/index.php?rest_route=\/wp\/v2\/types\/post"}],"author":[{"embeddable":true,"href":"https:\/\/elcotarro.com\/index.php?rest_route=\/wp\/v2\/users\/2"}],"replies":[{"embeddable":true,"href":"https:\/\/elcotarro.com\/index.php?rest_route=%2Fwp%2Fv2%2Fcomments&post=9538"}],"version-history":[{"count":2,"href":"https:\/\/elcotarro.com\/index.php?rest_route=\/wp\/v2\/posts\/9538\/revisions"}],"predecessor-version":[{"id":9572,"href":"https:\/\/elcotarro.com\/index.php?rest_route=\/wp\/v2\/posts\/9538\/revisions\/9572"}],"wp:attachment":[{"href":"https:\/\/elcotarro.com\/index.php?rest_route=%2Fwp%2Fv2%2Fmedia&parent=9538"}],"wp:term":[{"taxonomy":"category","embeddable":true,"href":"https:\/\/elcotarro.com\/index.php?rest_route=%2Fwp%2Fv2%2Fcategories&post=9538"},{"taxonomy":"post_tag","embeddable":true,"href":"https:\/\/elcotarro.com\/index.php?rest_route=%2Fwp%2Fv2%2Ftags&post=9538"}],"curies":[{"name":"wp","href":"https:\/\/api.w.org\/{rel}","templated":true}]}}