{"id":9585,"date":"2021-02-28T06:57:55","date_gmt":"2021-02-28T06:57:55","guid":{"rendered":"https:\/\/elcotarro.com\/?p=9585"},"modified":"2021-02-27T22:48:31","modified_gmt":"2021-02-27T22:48:31","slug":"la-policia-autonomica-canaria-casi-bilingue","status":"publish","type":"post","link":"https:\/\/elcotarro.com\/?p=9585","title":{"rendered":"LA POLIC\u00cdA AUTON\u00d3MICA CANARIA, CASI BILING\u00dcE"},"content":{"rendered":"<p>Y para que quede meridianamente claro, sepan que lo de llevar gafas Rayban, lucir tatuajes o exhibir musculatura es lo de menos. Lo importante es la educaci\u00f3n, la formaci\u00f3n y la profesionalidad. Lo dem\u00e1s les vendr\u00e1 por a\u00f1adidura. En cualquier caso, celebro y agradezco que se haya interesado por el comentario mi respetado amigo <strong>Gustavo Armas G\u00f3mez<\/strong>, hoy director general de Seguridad del Gobierno de Canarias y que, de igual modo, lo haya entendido en su justa medida <strong>Luis Santos Jara<\/strong>, actual jefe del Cuerpo General de la Polic\u00eda Canaria (nuestra polic\u00eda auton\u00f3mica) quien me ha escrito textualmente: <em>\u201cPerm\u00edtame informarle que la Polic\u00eda Auton\u00f3mica es la \u00fanica que tiene prohibido los tatuajes, y que en las pr\u00f3ximas pruebas de ingreso que se celebrar\u00e1n el d\u00eda 6, si Dios quiere, hay una prueba de idioma eliminatorio (somos la \u00fanica que tiene prueba de idioma eliminatorio). Nuestro objetivo es que antes de 8 a\u00f1os todos los funcionarios dominen un idioma aparte del castellano<\/em>. Agradezco la informaci\u00f3n y, sinceramente, les felicito p\u00fablicamente.<\/p>\n<p style=\"text-align: center\"><a href=\"https:\/\/elcotarro.com\/wp-content\/uploads\/2021\/02\/FOTO-4.-LUIS-SANTOS-JARA-02.jpeg\"><img loading=\"lazy\" decoding=\"async\" class=\"aligncenter size-full wp-image-9586\" src=\"https:\/\/elcotarro.com\/wp-content\/uploads\/2021\/02\/FOTO-4.-LUIS-SANTOS-JARA-02.jpeg\" alt=\"\" width=\"624\" height=\"351\" srcset=\"https:\/\/elcotarro.com\/wp-content\/uploads\/2021\/02\/FOTO-4.-LUIS-SANTOS-JARA-02.jpeg 624w, https:\/\/elcotarro.com\/wp-content\/uploads\/2021\/02\/FOTO-4.-LUIS-SANTOS-JARA-02-300x169.jpeg 300w\" sizes=\"auto, (max-width: 624px) 100vw, 624px\" \/><\/a><\/p>\n<p style=\"text-align: center\"><em>Luis Santos Jara, actual jefe de Cuerpo General de la Polic\u00eda Canaria (CGPC)<\/em><\/p>\n","protected":false},"excerpt":{"rendered":"<p>Y para que quede meridianamente claro, sepan que lo de llevar gafas Rayban, lucir tatuajes o exhibir musculatura es lo de menos. Lo importante es la educaci\u00f3n, la formaci\u00f3n y la profesionalidad. Lo dem\u00e1s les vendr\u00e1 por a\u00f1adidura. En cualquier caso, celebro y agradezco que se haya interesado por el comentario mi respetado amigo Gustavo &#8230; <a class=\"read-more\" href=\"https:\/\/elcotarro.com\/?p=9585\">Read more<\/a><\/p>\n","protected":false},"author":2,"featured_media":0,"comment_status":"open","ping_status":"open","sticky":false,"template":"","format":"standard","meta":{"_jetpack_memberships_contains_paid_content":false,"footnotes":""},"categories":[1],"tags":[],"class_list":["post-9585","post","type-post","status-publish","format-standard","hentry","category-sin-categoria"],"yoast_head":"<!-- This site is optimized with the Yoast SEO plugin v27.0 - https:\/\/yoast.com\/product\/yoast-seo-wordpress\/ -->\n<title>LA POLIC\u00cdA AUTON\u00d3MICA CANARIA, CASI BILING\u00dcE - El Cotarro<\/title>\n<meta name=\"robots\" content=\"index, follow, max-snippet:-1, max-image-preview:large, max-video-preview:-1\" \/>\n<link rel=\"canonical\" href=\"https:\/\/elcotarro.com\/?p=9585\" \/>\n<meta property=\"og:locale\" content=\"es_ES\" \/>\n<meta property=\"og:type\" content=\"article\" \/>\n<meta property=\"og:title\" content=\"LA POLIC\u00cdA AUTON\u00d3MICA CANARIA, CASI BILING\u00dcE - El Cotarro\" \/>\n<meta property=\"og:description\" content=\"Y para que quede meridianamente claro, sepan que lo de llevar gafas Rayban, lucir tatuajes o exhibir musculatura es lo de menos. Lo importante es la educaci\u00f3n, la formaci\u00f3n y la profesionalidad. Lo dem\u00e1s les vendr\u00e1 por a\u00f1adidura. En cualquier caso, celebro y agradezco que se haya interesado por el comentario mi respetado amigo Gustavo ... Read more\" \/>\n<meta property=\"og:url\" content=\"https:\/\/elcotarro.com\/?p=9585\" \/>\n<meta property=\"og:site_name\" content=\"El Cotarro\" \/>\n<meta property=\"article:publisher\" content=\"https:\/\/www.facebook.com\/ElCotarro.Tenerife\" \/>\n<meta property=\"article:published_time\" content=\"2021-02-28T06:57:55+00:00\" \/>\n<meta property=\"og:image\" content=\"https:\/\/elcotarro.com\/wp-content\/uploads\/2021\/02\/FOTO-4.-LUIS-SANTOS-JARA-02.jpeg\" \/>\n<meta name=\"author\" content=\"Jos\u00e9 Carlos Marrero Gonz\u00e1lez\" \/>\n<meta name=\"twitter:label1\" content=\"Escrito por\" \/>\n\t<meta name=\"twitter:data1\" content=\"Jos\u00e9 Carlos Marrero Gonz\u00e1lez\" \/>\n\t<meta name=\"twitter:label2\" content=\"Tiempo de lectura\" \/>\n\t<meta name=\"twitter:data2\" content=\"1 minuto\" \/>\n<script type=\"application\/ld+json\" class=\"yoast-schema-graph\">{\"@context\":\"https:\/\/schema.org\",\"@graph\":[{\"@type\":\"Article\",\"@id\":\"https:\/\/elcotarro.com\/?p=9585#article\",\"isPartOf\":{\"@id\":\"https:\/\/elcotarro.com\/?p=9585\"},\"author\":{\"name\":\"Jos\u00e9 Carlos Marrero Gonz\u00e1lez\",\"@id\":\"https:\/\/elcotarro.com\/#\/schema\/person\/af537ee7d60d15984c7e0affcd8a918b\"},\"headline\":\"LA POLIC\u00cdA AUTON\u00d3MICA CANARIA, CASI BILING\u00dcE\",\"datePublished\":\"2021-02-28T06:57:55+00:00\",\"mainEntityOfPage\":{\"@id\":\"https:\/\/elcotarro.com\/?p=9585\"},\"wordCount\":207,\"commentCount\":0,\"publisher\":{\"@id\":\"https:\/\/elcotarro.com\/#organization\"},\"image\":{\"@id\":\"https:\/\/elcotarro.com\/?p=9585#primaryimage\"},\"thumbnailUrl\":\"https:\/\/elcotarro.com\/wp-content\/uploads\/2021\/02\/FOTO-4.-LUIS-SANTOS-JARA-02.jpeg\",\"inLanguage\":\"es\",\"potentialAction\":[{\"@type\":\"CommentAction\",\"name\":\"Comment\",\"target\":[\"https:\/\/elcotarro.com\/?p=9585#respond\"]}]},{\"@type\":\"WebPage\",\"@id\":\"https:\/\/elcotarro.com\/?p=9585\",\"url\":\"https:\/\/elcotarro.com\/?p=9585\",\"name\":\"LA POLIC\u00cdA AUTON\u00d3MICA CANARIA, CASI BILING\u00dcE - El Cotarro\",\"isPartOf\":{\"@id\":\"https:\/\/elcotarro.com\/#website\"},\"primaryImageOfPage\":{\"@id\":\"https:\/\/elcotarro.com\/?p=9585#primaryimage\"},\"image\":{\"@id\":\"https:\/\/elcotarro.com\/?p=9585#primaryimage\"},\"thumbnailUrl\":\"https:\/\/elcotarro.com\/wp-content\/uploads\/2021\/02\/FOTO-4.-LUIS-SANTOS-JARA-02.jpeg\",\"datePublished\":\"2021-02-28T06:57:55+00:00\",\"breadcrumb\":{\"@id\":\"https:\/\/elcotarro.com\/?p=9585#breadcrumb\"},\"inLanguage\":\"es\",\"potentialAction\":[{\"@type\":\"ReadAction\",\"target\":[\"https:\/\/elcotarro.com\/?p=9585\"]}]},{\"@type\":\"ImageObject\",\"inLanguage\":\"es\",\"@id\":\"https:\/\/elcotarro.com\/?p=9585#primaryimage\",\"url\":\"https:\/\/elcotarro.com\/wp-content\/uploads\/2021\/02\/FOTO-4.-LUIS-SANTOS-JARA-02.jpeg\",\"contentUrl\":\"https:\/\/elcotarro.com\/wp-content\/uploads\/2021\/02\/FOTO-4.-LUIS-SANTOS-JARA-02.jpeg\",\"width\":624,\"height\":351},{\"@type\":\"BreadcrumbList\",\"@id\":\"https:\/\/elcotarro.com\/?p=9585#breadcrumb\",\"itemListElement\":[{\"@type\":\"ListItem\",\"position\":1,\"name\":\"Portada\",\"item\":\"https:\/\/elcotarro.com\/\"},{\"@type\":\"ListItem\",\"position\":2,\"name\":\"LA POLIC\u00cdA AUTON\u00d3MICA CANARIA, CASI BILING\u00dcE\"}]},{\"@type\":\"WebSite\",\"@id\":\"https:\/\/elcotarro.com\/#website\",\"url\":\"https:\/\/elcotarro.com\/\",\"name\":\"El Cotarro\",\"description\":\"Peri\u00f3dico Digital Independiente dirigido por Jos\u00e9 Carlos Marrero\",\"publisher\":{\"@id\":\"https:\/\/elcotarro.com\/#organization\"},\"potentialAction\":[{\"@type\":\"SearchAction\",\"target\":{\"@type\":\"EntryPoint\",\"urlTemplate\":\"https:\/\/elcotarro.com\/?s={search_term_string}\"},\"query-input\":{\"@type\":\"PropertyValueSpecification\",\"valueRequired\":true,\"valueName\":\"search_term_string\"}}],\"inLanguage\":\"es\"},{\"@type\":\"Organization\",\"@id\":\"https:\/\/elcotarro.com\/#organization\",\"name\":\"El Cotarro\",\"url\":\"https:\/\/elcotarro.com\/\",\"logo\":{\"@type\":\"ImageObject\",\"inLanguage\":\"es\",\"@id\":\"https:\/\/elcotarro.com\/#\/schema\/logo\/image\/\",\"url\":\"https:\/\/elcotarro.com\/wp-content\/uploads\/2014\/09\/Cabecera_El_Cotarro_v2.jpg\",\"contentUrl\":\"https:\/\/elcotarro.com\/wp-content\/uploads\/2014\/09\/Cabecera_El_Cotarro_v2.jpg\",\"width\":3540,\"height\":441,\"caption\":\"El Cotarro\"},\"image\":{\"@id\":\"https:\/\/elcotarro.com\/#\/schema\/logo\/image\/\"},\"sameAs\":[\"https:\/\/www.facebook.com\/ElCotarro.Tenerife\"]},{\"@type\":\"Person\",\"@id\":\"https:\/\/elcotarro.com\/#\/schema\/person\/af537ee7d60d15984c7e0affcd8a918b\",\"name\":\"Jos\u00e9 Carlos Marrero Gonz\u00e1lez\",\"image\":{\"@type\":\"ImageObject\",\"inLanguage\":\"es\",\"@id\":\"https:\/\/elcotarro.com\/#\/schema\/person\/image\/\",\"url\":\"https:\/\/secure.gravatar.com\/avatar\/def4da036efb5d32c74d49c351f6dccc064dd69ad9f3aadc295c5a9a5391ca01?s=96&d=mm&r=g\",\"contentUrl\":\"https:\/\/secure.gravatar.com\/avatar\/def4da036efb5d32c74d49c351f6dccc064dd69ad9f3aadc295c5a9a5391ca01?s=96&d=mm&r=g\",\"caption\":\"Jos\u00e9 Carlos Marrero Gonz\u00e1lez\"},\"sameAs\":[\"https:\/\/elcotarro.com\"],\"url\":\"https:\/\/elcotarro.com\/?author=2\"}]}<\/script>\n<!-- \/ Yoast SEO plugin. -->","yoast_head_json":{"title":"LA POLIC\u00cdA AUTON\u00d3MICA CANARIA, CASI BILING\u00dcE - El Cotarro","robots":{"index":"index","follow":"follow","max-snippet":"max-snippet:-1","max-image-preview":"max-image-preview:large","max-video-preview":"max-video-preview:-1"},"canonical":"https:\/\/elcotarro.com\/?p=9585","og_locale":"es_ES","og_type":"article","og_title":"LA POLIC\u00cdA AUTON\u00d3MICA CANARIA, CASI BILING\u00dcE - El Cotarro","og_description":"Y para que quede meridianamente claro, sepan que lo de llevar gafas Rayban, lucir tatuajes o exhibir musculatura es lo de menos. Lo importante es la educaci\u00f3n, la formaci\u00f3n y la profesionalidad. Lo dem\u00e1s les vendr\u00e1 por a\u00f1adidura. En cualquier caso, celebro y agradezco que se haya interesado por el comentario mi respetado amigo Gustavo ... Read more","og_url":"https:\/\/elcotarro.com\/?p=9585","og_site_name":"El Cotarro","article_publisher":"https:\/\/www.facebook.com\/ElCotarro.Tenerife","article_published_time":"2021-02-28T06:57:55+00:00","og_image":[{"url":"https:\/\/elcotarro.com\/wp-content\/uploads\/2021\/02\/FOTO-4.-LUIS-SANTOS-JARA-02.jpeg","type":"","width":"","height":""}],"author":"Jos\u00e9 Carlos Marrero Gonz\u00e1lez","twitter_misc":{"Escrito por":"Jos\u00e9 Carlos Marrero Gonz\u00e1lez","Tiempo de lectura":"1 minuto"},"schema":{"@context":"https:\/\/schema.org","@graph":[{"@type":"Article","@id":"https:\/\/elcotarro.com\/?p=9585#article","isPartOf":{"@id":"https:\/\/elcotarro.com\/?p=9585"},"author":{"name":"Jos\u00e9 Carlos Marrero Gonz\u00e1lez","@id":"https:\/\/elcotarro.com\/#\/schema\/person\/af537ee7d60d15984c7e0affcd8a918b"},"headline":"LA POLIC\u00cdA AUTON\u00d3MICA CANARIA, CASI BILING\u00dcE","datePublished":"2021-02-28T06:57:55+00:00","mainEntityOfPage":{"@id":"https:\/\/elcotarro.com\/?p=9585"},"wordCount":207,"commentCount":0,"publisher":{"@id":"https:\/\/elcotarro.com\/#organization"},"image":{"@id":"https:\/\/elcotarro.com\/?p=9585#primaryimage"},"thumbnailUrl":"https:\/\/elcotarro.com\/wp-content\/uploads\/2021\/02\/FOTO-4.-LUIS-SANTOS-JARA-02.jpeg","inLanguage":"es","potentialAction":[{"@type":"CommentAction","name":"Comment","target":["https:\/\/elcotarro.com\/?p=9585#respond"]}]},{"@type":"WebPage","@id":"https:\/\/elcotarro.com\/?p=9585","url":"https:\/\/elcotarro.com\/?p=9585","name":"LA POLIC\u00cdA AUTON\u00d3MICA CANARIA, CASI BILING\u00dcE - El Cotarro","isPartOf":{"@id":"https:\/\/elcotarro.com\/#website"},"primaryImageOfPage":{"@id":"https:\/\/elcotarro.com\/?p=9585#primaryimage"},"image":{"@id":"https:\/\/elcotarro.com\/?p=9585#primaryimage"},"thumbnailUrl":"https:\/\/elcotarro.com\/wp-content\/uploads\/2021\/02\/FOTO-4.-LUIS-SANTOS-JARA-02.jpeg","datePublished":"2021-02-28T06:57:55+00:00","breadcrumb":{"@id":"https:\/\/elcotarro.com\/?p=9585#breadcrumb"},"inLanguage":"es","potentialAction":[{"@type":"ReadAction","target":["https:\/\/elcotarro.com\/?p=9585"]}]},{"@type":"ImageObject","inLanguage":"es","@id":"https:\/\/elcotarro.com\/?p=9585#primaryimage","url":"https:\/\/elcotarro.com\/wp-content\/uploads\/2021\/02\/FOTO-4.-LUIS-SANTOS-JARA-02.jpeg","contentUrl":"https:\/\/elcotarro.com\/wp-content\/uploads\/2021\/02\/FOTO-4.-LUIS-SANTOS-JARA-02.jpeg","width":624,"height":351},{"@type":"BreadcrumbList","@id":"https:\/\/elcotarro.com\/?p=9585#breadcrumb","itemListElement":[{"@type":"ListItem","position":1,"name":"Portada","item":"https:\/\/elcotarro.com\/"},{"@type":"ListItem","position":2,"name":"LA POLIC\u00cdA AUTON\u00d3MICA CANARIA, CASI BILING\u00dcE"}]},{"@type":"WebSite","@id":"https:\/\/elcotarro.com\/#website","url":"https:\/\/elcotarro.com\/","name":"El Cotarro","description":"Peri\u00f3dico Digital Independiente dirigido por Jos\u00e9 Carlos Marrero","publisher":{"@id":"https:\/\/elcotarro.com\/#organization"},"potentialAction":[{"@type":"SearchAction","target":{"@type":"EntryPoint","urlTemplate":"https:\/\/elcotarro.com\/?s={search_term_string}"},"query-input":{"@type":"PropertyValueSpecification","valueRequired":true,"valueName":"search_term_string"}}],"inLanguage":"es"},{"@type":"Organization","@id":"https:\/\/elcotarro.com\/#organization","name":"El Cotarro","url":"https:\/\/elcotarro.com\/","logo":{"@type":"ImageObject","inLanguage":"es","@id":"https:\/\/elcotarro.com\/#\/schema\/logo\/image\/","url":"https:\/\/elcotarro.com\/wp-content\/uploads\/2014\/09\/Cabecera_El_Cotarro_v2.jpg","contentUrl":"https:\/\/elcotarro.com\/wp-content\/uploads\/2014\/09\/Cabecera_El_Cotarro_v2.jpg","width":3540,"height":441,"caption":"El Cotarro"},"image":{"@id":"https:\/\/elcotarro.com\/#\/schema\/logo\/image\/"},"sameAs":["https:\/\/www.facebook.com\/ElCotarro.Tenerife"]},{"@type":"Person","@id":"https:\/\/elcotarro.com\/#\/schema\/person\/af537ee7d60d15984c7e0affcd8a918b","name":"Jos\u00e9 Carlos Marrero Gonz\u00e1lez","image":{"@type":"ImageObject","inLanguage":"es","@id":"https:\/\/elcotarro.com\/#\/schema\/person\/image\/","url":"https:\/\/secure.gravatar.com\/avatar\/def4da036efb5d32c74d49c351f6dccc064dd69ad9f3aadc295c5a9a5391ca01?s=96&d=mm&r=g","contentUrl":"https:\/\/secure.gravatar.com\/avatar\/def4da036efb5d32c74d49c351f6dccc064dd69ad9f3aadc295c5a9a5391ca01?s=96&d=mm&r=g","caption":"Jos\u00e9 Carlos Marrero Gonz\u00e1lez"},"sameAs":["https:\/\/elcotarro.com"],"url":"https:\/\/elcotarro.com\/?author=2"}]}},"jetpack_featured_media_url":"","jetpack_sharing_enabled":true,"_links":{"self":[{"href":"https:\/\/elcotarro.com\/index.php?rest_route=\/wp\/v2\/posts\/9585","targetHints":{"allow":["GET"]}}],"collection":[{"href":"https:\/\/elcotarro.com\/index.php?rest_route=\/wp\/v2\/posts"}],"about":[{"href":"https:\/\/elcotarro.com\/index.php?rest_route=\/wp\/v2\/types\/post"}],"author":[{"embeddable":true,"href":"https:\/\/elcotarro.com\/index.php?rest_route=\/wp\/v2\/users\/2"}],"replies":[{"embeddable":true,"href":"https:\/\/elcotarro.com\/index.php?rest_route=%2Fwp%2Fv2%2Fcomments&post=9585"}],"version-history":[{"count":1,"href":"https:\/\/elcotarro.com\/index.php?rest_route=\/wp\/v2\/posts\/9585\/revisions"}],"predecessor-version":[{"id":9587,"href":"https:\/\/elcotarro.com\/index.php?rest_route=\/wp\/v2\/posts\/9585\/revisions\/9587"}],"wp:attachment":[{"href":"https:\/\/elcotarro.com\/index.php?rest_route=%2Fwp%2Fv2%2Fmedia&parent=9585"}],"wp:term":[{"taxonomy":"category","embeddable":true,"href":"https:\/\/elcotarro.com\/index.php?rest_route=%2Fwp%2Fv2%2Fcategories&post=9585"},{"taxonomy":"post_tag","embeddable":true,"href":"https:\/\/elcotarro.com\/index.php?rest_route=%2Fwp%2Fv2%2Ftags&post=9585"}],"curies":[{"name":"wp","href":"https:\/\/api.w.org\/{rel}","templated":true}]}}