{"id":9600,"date":"2021-02-28T06:52:55","date_gmt":"2021-02-28T06:52:55","guid":{"rendered":"https:\/\/elcotarro.com\/?p=9600"},"modified":"2021-02-27T22:53:01","modified_gmt":"2021-02-27T22:53:01","slug":"un-lagunero-dia-del-pensamiento-scout","status":"publish","type":"post","link":"https:\/\/elcotarro.com\/?p=9600","title":{"rendered":"UN LAGUNERO \u201cD\u00cdA DEL PENSAMIENTO SCOUT\u201d"},"content":{"rendered":"<p>El reconocido y respetado fundador del Escultismo, el brit\u00e1nico <strong>Lord Robert Baden-Powell of Gilwell<\/strong>, naci\u00f3 en Paddington (Londres) el 22 de febrero de 1857. En la actualidad, a esa fecha se le ha denominado \u201cD\u00eda del Pensamiento Scout\u201d y sirve para seguir recordando a todo el mundo esta gran \u201cescuela para la ciudadan\u00eda\u201d que son los scouts. Aprovechando la efem\u00e9ride, los representantes de los dos grupos scouts que funcionan en La Laguna, fueron recibidos por el alcalde lagunero, <strong>Luis Yeray Guti\u00e9rrez<\/strong>, que estuvo acompa\u00f1ado por representantes de todos los grupos pol\u00edticos presentes en la corporaci\u00f3n lagunera. El concejal <strong>Santiago P\u00e9rez<\/strong>, por cierto, es uno de los que, en su juventud, vivi\u00f3 intensamente el Escultismo y, como reza el dicho: <em>\u201cUna vez Scout, siempre Scout\u201d.<\/em> El grupo scout n\u00ba499 <strong>\u201cAtam\u00e1n\u201d<\/strong> (fundado en 1987) estuvo representado por su coordinadora, <strong>Candelaria \u201cLaly\u201d Est\u00e9vez<\/strong>, mientras que el veterano grupo scout N\u00ba70 <strong>\u201cAguere\u201d<\/strong> (fundado en 1969) estuvo representado por su tesorera, <strong>Laura Gonz\u00e1lez<\/strong>. Los acompa\u00f1\u00f3 el puntal <strong>Juan Carlos Rojas Guadalupe<\/strong>, quien, durante a\u00f1os, ha sido coordinador de los Scouts de Tenerife y Canarias.<\/p>\n<p style=\"text-align: center\"><a href=\"https:\/\/elcotarro.com\/wp-content\/uploads\/2021\/02\/FOTO-9.-AYUNTAMIENTO-scaled.jpg\"><img loading=\"lazy\" decoding=\"async\" class=\"aligncenter size-full wp-image-9601\" src=\"https:\/\/elcotarro.com\/wp-content\/uploads\/2021\/02\/FOTO-9.-AYUNTAMIENTO-scaled.jpg\" alt=\"\" width=\"2560\" height=\"1707\" srcset=\"https:\/\/elcotarro.com\/wp-content\/uploads\/2021\/02\/FOTO-9.-AYUNTAMIENTO-scaled.jpg 2560w, https:\/\/elcotarro.com\/wp-content\/uploads\/2021\/02\/FOTO-9.-AYUNTAMIENTO-300x200.jpg 300w, https:\/\/elcotarro.com\/wp-content\/uploads\/2021\/02\/FOTO-9.-AYUNTAMIENTO-1024x683.jpg 1024w, https:\/\/elcotarro.com\/wp-content\/uploads\/2021\/02\/FOTO-9.-AYUNTAMIENTO-768x512.jpg 768w, https:\/\/elcotarro.com\/wp-content\/uploads\/2021\/02\/FOTO-9.-AYUNTAMIENTO-1536x1024.jpg 1536w, https:\/\/elcotarro.com\/wp-content\/uploads\/2021\/02\/FOTO-9.-AYUNTAMIENTO-2048x1365.jpg 2048w\" sizes=\"auto, (max-width: 2560px) 100vw, 2560px\" \/><\/a><\/p>\n<p style=\"text-align: center\"><em>Los representantes de los dos grupos scouts de La Laguna, Aguere y Atam\u00e1n, recibidos por el alcalde lagunero y los representantes de todos los grupos pol\u00edticos.<\/em><\/p>\n","protected":false},"excerpt":{"rendered":"<p>El reconocido y respetado fundador del Escultismo, el brit\u00e1nico Lord Robert Baden-Powell of Gilwell, naci\u00f3 en Paddington (Londres) el 22 de febrero de 1857. En la actualidad, a esa fecha se le ha denominado \u201cD\u00eda del Pensamiento Scout\u201d y sirve para seguir recordando a todo el mundo esta gran \u201cescuela para la ciudadan\u00eda\u201d que son &#8230; <a class=\"read-more\" href=\"https:\/\/elcotarro.com\/?p=9600\">Read more<\/a><\/p>\n","protected":false},"author":2,"featured_media":0,"comment_status":"open","ping_status":"open","sticky":false,"template":"","format":"standard","meta":{"_jetpack_memberships_contains_paid_content":false,"footnotes":""},"categories":[1],"tags":[],"class_list":["post-9600","post","type-post","status-publish","format-standard","hentry","category-sin-categoria"],"yoast_head":"<!-- This site is optimized with the Yoast SEO plugin v27.0 - https:\/\/yoast.com\/product\/yoast-seo-wordpress\/ -->\n<title>UN LAGUNERO \u201cD\u00cdA DEL PENSAMIENTO SCOUT\u201d - El Cotarro<\/title>\n<meta name=\"robots\" content=\"index, follow, max-snippet:-1, max-image-preview:large, max-video-preview:-1\" \/>\n<link rel=\"canonical\" href=\"https:\/\/elcotarro.com\/?p=9600\" \/>\n<meta property=\"og:locale\" content=\"es_ES\" \/>\n<meta property=\"og:type\" content=\"article\" \/>\n<meta property=\"og:title\" content=\"UN LAGUNERO \u201cD\u00cdA DEL PENSAMIENTO SCOUT\u201d - El Cotarro\" \/>\n<meta property=\"og:description\" content=\"El reconocido y respetado fundador del Escultismo, el brit\u00e1nico Lord Robert Baden-Powell of Gilwell, naci\u00f3 en Paddington (Londres) el 22 de febrero de 1857. En la actualidad, a esa fecha se le ha denominado \u201cD\u00eda del Pensamiento Scout\u201d y sirve para seguir recordando a todo el mundo esta gran \u201cescuela para la ciudadan\u00eda\u201d que son ... Read more\" \/>\n<meta property=\"og:url\" content=\"https:\/\/elcotarro.com\/?p=9600\" \/>\n<meta property=\"og:site_name\" content=\"El Cotarro\" \/>\n<meta property=\"article:publisher\" content=\"https:\/\/www.facebook.com\/ElCotarro.Tenerife\" \/>\n<meta property=\"article:published_time\" content=\"2021-02-28T06:52:55+00:00\" \/>\n<meta property=\"og:image\" content=\"https:\/\/elcotarro.com\/wp-content\/uploads\/2021\/02\/FOTO-9.-AYUNTAMIENTO-scaled.jpg\" \/>\n<meta name=\"author\" content=\"Jos\u00e9 Carlos Marrero Gonz\u00e1lez\" \/>\n<meta name=\"twitter:label1\" content=\"Escrito por\" \/>\n\t<meta name=\"twitter:data1\" content=\"Jos\u00e9 Carlos Marrero Gonz\u00e1lez\" \/>\n\t<meta name=\"twitter:label2\" content=\"Tiempo de lectura\" \/>\n\t<meta name=\"twitter:data2\" content=\"1 minuto\" \/>\n<script type=\"application\/ld+json\" class=\"yoast-schema-graph\">{\"@context\":\"https:\/\/schema.org\",\"@graph\":[{\"@type\":\"Article\",\"@id\":\"https:\/\/elcotarro.com\/?p=9600#article\",\"isPartOf\":{\"@id\":\"https:\/\/elcotarro.com\/?p=9600\"},\"author\":{\"name\":\"Jos\u00e9 Carlos Marrero Gonz\u00e1lez\",\"@id\":\"https:\/\/elcotarro.com\/#\/schema\/person\/af537ee7d60d15984c7e0affcd8a918b\"},\"headline\":\"UN LAGUNERO \u201cD\u00cdA DEL PENSAMIENTO SCOUT\u201d\",\"datePublished\":\"2021-02-28T06:52:55+00:00\",\"mainEntityOfPage\":{\"@id\":\"https:\/\/elcotarro.com\/?p=9600\"},\"wordCount\":223,\"commentCount\":0,\"publisher\":{\"@id\":\"https:\/\/elcotarro.com\/#organization\"},\"image\":{\"@id\":\"https:\/\/elcotarro.com\/?p=9600#primaryimage\"},\"thumbnailUrl\":\"https:\/\/elcotarro.com\/wp-content\/uploads\/2021\/02\/FOTO-9.-AYUNTAMIENTO-scaled.jpg\",\"inLanguage\":\"es\",\"potentialAction\":[{\"@type\":\"CommentAction\",\"name\":\"Comment\",\"target\":[\"https:\/\/elcotarro.com\/?p=9600#respond\"]}]},{\"@type\":\"WebPage\",\"@id\":\"https:\/\/elcotarro.com\/?p=9600\",\"url\":\"https:\/\/elcotarro.com\/?p=9600\",\"name\":\"UN LAGUNERO \u201cD\u00cdA DEL PENSAMIENTO SCOUT\u201d - El Cotarro\",\"isPartOf\":{\"@id\":\"https:\/\/elcotarro.com\/#website\"},\"primaryImageOfPage\":{\"@id\":\"https:\/\/elcotarro.com\/?p=9600#primaryimage\"},\"image\":{\"@id\":\"https:\/\/elcotarro.com\/?p=9600#primaryimage\"},\"thumbnailUrl\":\"https:\/\/elcotarro.com\/wp-content\/uploads\/2021\/02\/FOTO-9.-AYUNTAMIENTO-scaled.jpg\",\"datePublished\":\"2021-02-28T06:52:55+00:00\",\"breadcrumb\":{\"@id\":\"https:\/\/elcotarro.com\/?p=9600#breadcrumb\"},\"inLanguage\":\"es\",\"potentialAction\":[{\"@type\":\"ReadAction\",\"target\":[\"https:\/\/elcotarro.com\/?p=9600\"]}]},{\"@type\":\"ImageObject\",\"inLanguage\":\"es\",\"@id\":\"https:\/\/elcotarro.com\/?p=9600#primaryimage\",\"url\":\"https:\/\/elcotarro.com\/wp-content\/uploads\/2021\/02\/FOTO-9.-AYUNTAMIENTO-scaled.jpg\",\"contentUrl\":\"https:\/\/elcotarro.com\/wp-content\/uploads\/2021\/02\/FOTO-9.-AYUNTAMIENTO-scaled.jpg\",\"width\":2560,\"height\":1707},{\"@type\":\"BreadcrumbList\",\"@id\":\"https:\/\/elcotarro.com\/?p=9600#breadcrumb\",\"itemListElement\":[{\"@type\":\"ListItem\",\"position\":1,\"name\":\"Portada\",\"item\":\"https:\/\/elcotarro.com\/\"},{\"@type\":\"ListItem\",\"position\":2,\"name\":\"UN LAGUNERO \u201cD\u00cdA DEL PENSAMIENTO SCOUT\u201d\"}]},{\"@type\":\"WebSite\",\"@id\":\"https:\/\/elcotarro.com\/#website\",\"url\":\"https:\/\/elcotarro.com\/\",\"name\":\"El Cotarro\",\"description\":\"Peri\u00f3dico Digital Independiente dirigido por Jos\u00e9 Carlos Marrero\",\"publisher\":{\"@id\":\"https:\/\/elcotarro.com\/#organization\"},\"potentialAction\":[{\"@type\":\"SearchAction\",\"target\":{\"@type\":\"EntryPoint\",\"urlTemplate\":\"https:\/\/elcotarro.com\/?s={search_term_string}\"},\"query-input\":{\"@type\":\"PropertyValueSpecification\",\"valueRequired\":true,\"valueName\":\"search_term_string\"}}],\"inLanguage\":\"es\"},{\"@type\":\"Organization\",\"@id\":\"https:\/\/elcotarro.com\/#organization\",\"name\":\"El Cotarro\",\"url\":\"https:\/\/elcotarro.com\/\",\"logo\":{\"@type\":\"ImageObject\",\"inLanguage\":\"es\",\"@id\":\"https:\/\/elcotarro.com\/#\/schema\/logo\/image\/\",\"url\":\"https:\/\/elcotarro.com\/wp-content\/uploads\/2014\/09\/Cabecera_El_Cotarro_v2.jpg\",\"contentUrl\":\"https:\/\/elcotarro.com\/wp-content\/uploads\/2014\/09\/Cabecera_El_Cotarro_v2.jpg\",\"width\":3540,\"height\":441,\"caption\":\"El Cotarro\"},\"image\":{\"@id\":\"https:\/\/elcotarro.com\/#\/schema\/logo\/image\/\"},\"sameAs\":[\"https:\/\/www.facebook.com\/ElCotarro.Tenerife\"]},{\"@type\":\"Person\",\"@id\":\"https:\/\/elcotarro.com\/#\/schema\/person\/af537ee7d60d15984c7e0affcd8a918b\",\"name\":\"Jos\u00e9 Carlos Marrero Gonz\u00e1lez\",\"image\":{\"@type\":\"ImageObject\",\"inLanguage\":\"es\",\"@id\":\"https:\/\/elcotarro.com\/#\/schema\/person\/image\/\",\"url\":\"https:\/\/secure.gravatar.com\/avatar\/def4da036efb5d32c74d49c351f6dccc064dd69ad9f3aadc295c5a9a5391ca01?s=96&d=mm&r=g\",\"contentUrl\":\"https:\/\/secure.gravatar.com\/avatar\/def4da036efb5d32c74d49c351f6dccc064dd69ad9f3aadc295c5a9a5391ca01?s=96&d=mm&r=g\",\"caption\":\"Jos\u00e9 Carlos Marrero Gonz\u00e1lez\"},\"sameAs\":[\"https:\/\/elcotarro.com\"],\"url\":\"https:\/\/elcotarro.com\/?author=2\"}]}<\/script>\n<!-- \/ Yoast SEO plugin. -->","yoast_head_json":{"title":"UN LAGUNERO \u201cD\u00cdA DEL PENSAMIENTO SCOUT\u201d - El Cotarro","robots":{"index":"index","follow":"follow","max-snippet":"max-snippet:-1","max-image-preview":"max-image-preview:large","max-video-preview":"max-video-preview:-1"},"canonical":"https:\/\/elcotarro.com\/?p=9600","og_locale":"es_ES","og_type":"article","og_title":"UN LAGUNERO \u201cD\u00cdA DEL PENSAMIENTO SCOUT\u201d - El Cotarro","og_description":"El reconocido y respetado fundador del Escultismo, el brit\u00e1nico Lord Robert Baden-Powell of Gilwell, naci\u00f3 en Paddington (Londres) el 22 de febrero de 1857. En la actualidad, a esa fecha se le ha denominado \u201cD\u00eda del Pensamiento Scout\u201d y sirve para seguir recordando a todo el mundo esta gran \u201cescuela para la ciudadan\u00eda\u201d que son ... Read more","og_url":"https:\/\/elcotarro.com\/?p=9600","og_site_name":"El Cotarro","article_publisher":"https:\/\/www.facebook.com\/ElCotarro.Tenerife","article_published_time":"2021-02-28T06:52:55+00:00","og_image":[{"url":"https:\/\/elcotarro.com\/wp-content\/uploads\/2021\/02\/FOTO-9.-AYUNTAMIENTO-scaled.jpg","type":"","width":"","height":""}],"author":"Jos\u00e9 Carlos Marrero Gonz\u00e1lez","twitter_misc":{"Escrito por":"Jos\u00e9 Carlos Marrero Gonz\u00e1lez","Tiempo de lectura":"1 minuto"},"schema":{"@context":"https:\/\/schema.org","@graph":[{"@type":"Article","@id":"https:\/\/elcotarro.com\/?p=9600#article","isPartOf":{"@id":"https:\/\/elcotarro.com\/?p=9600"},"author":{"name":"Jos\u00e9 Carlos Marrero Gonz\u00e1lez","@id":"https:\/\/elcotarro.com\/#\/schema\/person\/af537ee7d60d15984c7e0affcd8a918b"},"headline":"UN LAGUNERO \u201cD\u00cdA DEL PENSAMIENTO SCOUT\u201d","datePublished":"2021-02-28T06:52:55+00:00","mainEntityOfPage":{"@id":"https:\/\/elcotarro.com\/?p=9600"},"wordCount":223,"commentCount":0,"publisher":{"@id":"https:\/\/elcotarro.com\/#organization"},"image":{"@id":"https:\/\/elcotarro.com\/?p=9600#primaryimage"},"thumbnailUrl":"https:\/\/elcotarro.com\/wp-content\/uploads\/2021\/02\/FOTO-9.-AYUNTAMIENTO-scaled.jpg","inLanguage":"es","potentialAction":[{"@type":"CommentAction","name":"Comment","target":["https:\/\/elcotarro.com\/?p=9600#respond"]}]},{"@type":"WebPage","@id":"https:\/\/elcotarro.com\/?p=9600","url":"https:\/\/elcotarro.com\/?p=9600","name":"UN LAGUNERO \u201cD\u00cdA DEL PENSAMIENTO SCOUT\u201d - El Cotarro","isPartOf":{"@id":"https:\/\/elcotarro.com\/#website"},"primaryImageOfPage":{"@id":"https:\/\/elcotarro.com\/?p=9600#primaryimage"},"image":{"@id":"https:\/\/elcotarro.com\/?p=9600#primaryimage"},"thumbnailUrl":"https:\/\/elcotarro.com\/wp-content\/uploads\/2021\/02\/FOTO-9.-AYUNTAMIENTO-scaled.jpg","datePublished":"2021-02-28T06:52:55+00:00","breadcrumb":{"@id":"https:\/\/elcotarro.com\/?p=9600#breadcrumb"},"inLanguage":"es","potentialAction":[{"@type":"ReadAction","target":["https:\/\/elcotarro.com\/?p=9600"]}]},{"@type":"ImageObject","inLanguage":"es","@id":"https:\/\/elcotarro.com\/?p=9600#primaryimage","url":"https:\/\/elcotarro.com\/wp-content\/uploads\/2021\/02\/FOTO-9.-AYUNTAMIENTO-scaled.jpg","contentUrl":"https:\/\/elcotarro.com\/wp-content\/uploads\/2021\/02\/FOTO-9.-AYUNTAMIENTO-scaled.jpg","width":2560,"height":1707},{"@type":"BreadcrumbList","@id":"https:\/\/elcotarro.com\/?p=9600#breadcrumb","itemListElement":[{"@type":"ListItem","position":1,"name":"Portada","item":"https:\/\/elcotarro.com\/"},{"@type":"ListItem","position":2,"name":"UN LAGUNERO \u201cD\u00cdA DEL PENSAMIENTO SCOUT\u201d"}]},{"@type":"WebSite","@id":"https:\/\/elcotarro.com\/#website","url":"https:\/\/elcotarro.com\/","name":"El Cotarro","description":"Peri\u00f3dico Digital Independiente dirigido por Jos\u00e9 Carlos Marrero","publisher":{"@id":"https:\/\/elcotarro.com\/#organization"},"potentialAction":[{"@type":"SearchAction","target":{"@type":"EntryPoint","urlTemplate":"https:\/\/elcotarro.com\/?s={search_term_string}"},"query-input":{"@type":"PropertyValueSpecification","valueRequired":true,"valueName":"search_term_string"}}],"inLanguage":"es"},{"@type":"Organization","@id":"https:\/\/elcotarro.com\/#organization","name":"El Cotarro","url":"https:\/\/elcotarro.com\/","logo":{"@type":"ImageObject","inLanguage":"es","@id":"https:\/\/elcotarro.com\/#\/schema\/logo\/image\/","url":"https:\/\/elcotarro.com\/wp-content\/uploads\/2014\/09\/Cabecera_El_Cotarro_v2.jpg","contentUrl":"https:\/\/elcotarro.com\/wp-content\/uploads\/2014\/09\/Cabecera_El_Cotarro_v2.jpg","width":3540,"height":441,"caption":"El Cotarro"},"image":{"@id":"https:\/\/elcotarro.com\/#\/schema\/logo\/image\/"},"sameAs":["https:\/\/www.facebook.com\/ElCotarro.Tenerife"]},{"@type":"Person","@id":"https:\/\/elcotarro.com\/#\/schema\/person\/af537ee7d60d15984c7e0affcd8a918b","name":"Jos\u00e9 Carlos Marrero Gonz\u00e1lez","image":{"@type":"ImageObject","inLanguage":"es","@id":"https:\/\/elcotarro.com\/#\/schema\/person\/image\/","url":"https:\/\/secure.gravatar.com\/avatar\/def4da036efb5d32c74d49c351f6dccc064dd69ad9f3aadc295c5a9a5391ca01?s=96&d=mm&r=g","contentUrl":"https:\/\/secure.gravatar.com\/avatar\/def4da036efb5d32c74d49c351f6dccc064dd69ad9f3aadc295c5a9a5391ca01?s=96&d=mm&r=g","caption":"Jos\u00e9 Carlos Marrero Gonz\u00e1lez"},"sameAs":["https:\/\/elcotarro.com"],"url":"https:\/\/elcotarro.com\/?author=2"}]}},"jetpack_featured_media_url":"","jetpack_sharing_enabled":true,"_links":{"self":[{"href":"https:\/\/elcotarro.com\/index.php?rest_route=\/wp\/v2\/posts\/9600","targetHints":{"allow":["GET"]}}],"collection":[{"href":"https:\/\/elcotarro.com\/index.php?rest_route=\/wp\/v2\/posts"}],"about":[{"href":"https:\/\/elcotarro.com\/index.php?rest_route=\/wp\/v2\/types\/post"}],"author":[{"embeddable":true,"href":"https:\/\/elcotarro.com\/index.php?rest_route=\/wp\/v2\/users\/2"}],"replies":[{"embeddable":true,"href":"https:\/\/elcotarro.com\/index.php?rest_route=%2Fwp%2Fv2%2Fcomments&post=9600"}],"version-history":[{"count":1,"href":"https:\/\/elcotarro.com\/index.php?rest_route=\/wp\/v2\/posts\/9600\/revisions"}],"predecessor-version":[{"id":9602,"href":"https:\/\/elcotarro.com\/index.php?rest_route=\/wp\/v2\/posts\/9600\/revisions\/9602"}],"wp:attachment":[{"href":"https:\/\/elcotarro.com\/index.php?rest_route=%2Fwp%2Fv2%2Fmedia&parent=9600"}],"wp:term":[{"taxonomy":"category","embeddable":true,"href":"https:\/\/elcotarro.com\/index.php?rest_route=%2Fwp%2Fv2%2Fcategories&post=9600"},{"taxonomy":"post_tag","embeddable":true,"href":"https:\/\/elcotarro.com\/index.php?rest_route=%2Fwp%2Fv2%2Ftags&post=9600"}],"curies":[{"name":"wp","href":"https:\/\/api.w.org\/{rel}","templated":true}]}}