{"id":961,"date":"2015-03-22T12:04:51","date_gmt":"2015-03-22T12:04:51","guid":{"rendered":"https:\/\/elcotarro.com\/?p=961"},"modified":"2015-03-22T09:45:16","modified_gmt":"2015-03-22T09:45:16","slug":"deudas-en-el-puerto-de-la-cruz","status":"publish","type":"post","link":"https:\/\/elcotarro.com\/?p=961","title":{"rendered":"DEUDAS EN EL PUERTO DE LA CRUZ"},"content":{"rendered":"<p>\u2666 Me llaman varios empresarios del Puerto de la Cruz para comentarme que est\u00e1n muy mosqueados por la distinta vara de medir (y de actuar) que, al parecer, tienen en el Ayuntamiento portuense con respecto a las deudas contra\u00eddas por impago de impuestos municipales&#8230; Me comentan que la alcaldesa, <strong>Sandra Rodr\u00edguez Gonz\u00e1lez<\/strong> (CC), que fue anteriormente concejala de Hacienda (y que seg\u00fan la web del propio ayuntamiento lo sigue siendo) deber\u00eda meter manos en el asunto, porque, seg\u00fan dicen, a algunas empresas se les exige mucho por deudas peque\u00f1as, mientras que, al parecer, a alguna gran empresa se le exige bastante poco, por no decir nada&#8230; No me quiero creer lo que me dicen de que alguna de esas empresas adeuda al ayuntamiento que dirige <strong>Sandra Rodr\u00edguez<\/strong> m\u00e1s de un mill\u00f3n de euros&#8230; No me lo creo cuando (lo cort\u00e9s no quita lo valiente) tambi\u00e9n me dicen que la alcaldesa est\u00e1 ech\u00e1ndole horas y trabajo, para llegar a las pr\u00f3ximas elecciones y revalidar cargo.<\/p>\n<p><a href=\"https:\/\/elcotarro.com\/wp-content\/uploads\/2015\/03\/FOTO-6.-Sandra-Rodr\u00edguez-Gonz\u00e1lez.jpg\"><img loading=\"lazy\" decoding=\"async\" class=\"aligncenter wp-image-962\" src=\"https:\/\/elcotarro.com\/wp-content\/uploads\/2015\/03\/FOTO-6.-Sandra-Rodr\u00edguez-Gonz\u00e1lez.jpg\" alt=\"FOTO 6.- Sandra Rodr\u00edguez Gonz\u00e1lez\" width=\"550\" height=\"256\" srcset=\"https:\/\/elcotarro.com\/wp-content\/uploads\/2015\/03\/FOTO-6.-Sandra-Rodr\u00edguez-Gonz\u00e1lez.jpg 1000w, https:\/\/elcotarro.com\/wp-content\/uploads\/2015\/03\/FOTO-6.-Sandra-Rodr\u00edguez-Gonz\u00e1lez-300x140.jpg 300w\" sizes=\"auto, (max-width: 550px) 100vw, 550px\" \/><\/a><\/p>\n<p class=\"comentario\" style=\"text-align: center;\">Sandra Rodr\u00edguez (CC), alcaldesa de Puerto de la Cruz y candidata a la reelecci\u00f3n<\/p>\n","protected":false},"excerpt":{"rendered":"<p>\u2666 Me llaman varios empresarios del Puerto de la Cruz para comentarme que est\u00e1n muy mosqueados por la distinta vara de medir (y de actuar) que, al parecer, tienen en el Ayuntamiento portuense con respecto a las deudas contra\u00eddas por impago de impuestos municipales&#8230; Me comentan que la alcaldesa, Sandra Rodr\u00edguez Gonz\u00e1lez (CC), que fue &#8230; <a class=\"read-more\" href=\"https:\/\/elcotarro.com\/?p=961\">Read more<\/a><\/p>\n","protected":false},"author":2,"featured_media":0,"comment_status":"open","ping_status":"open","sticky":false,"template":"","format":"standard","meta":{"_jetpack_memberships_contains_paid_content":false,"footnotes":""},"categories":[7],"tags":[130],"class_list":["post-961","post","type-post","status-publish","format-standard","hentry","category-politica","tag-sandra-rodriguez-gonzalez"],"yoast_head":"<!-- This site is optimized with the Yoast SEO plugin v27.0 - https:\/\/yoast.com\/product\/yoast-seo-wordpress\/ -->\n<title>DEUDAS EN EL PUERTO DE LA CRUZ - El Cotarrro<\/title>\n<meta name=\"description\" content=\"Me llaman varios empresarios del Puerto de la Cruz para comentarme que est\u00e1n muy mosqueados por la distinta vara de medir (y de actuar) que, al parecer, t\" \/>\n<meta name=\"robots\" content=\"index, follow, max-snippet:-1, max-image-preview:large, max-video-preview:-1\" \/>\n<link rel=\"canonical\" href=\"https:\/\/elcotarro.com\/?p=961\" \/>\n<meta property=\"og:locale\" content=\"es_ES\" \/>\n<meta property=\"og:type\" content=\"article\" \/>\n<meta property=\"og:title\" content=\"DEUDAS EN EL PUERTO DE LA CRUZ - El Cotarrro\" \/>\n<meta property=\"og:description\" content=\"Me llaman varios empresarios del Puerto de la Cruz para comentarme que est\u00e1n muy mosqueados por la distinta vara de medir (y de actuar) que, al parecer, t\" \/>\n<meta property=\"og:url\" content=\"https:\/\/elcotarro.com\/?p=961\" \/>\n<meta property=\"og:site_name\" content=\"El Cotarro\" \/>\n<meta property=\"article:publisher\" content=\"https:\/\/www.facebook.com\/ElCotarro.Tenerife\" \/>\n<meta property=\"article:published_time\" content=\"2015-03-22T12:04:51+00:00\" \/>\n<meta name=\"author\" content=\"Jos\u00e9 Carlos Marrero Gonz\u00e1lez\" \/>\n<meta name=\"twitter:label1\" content=\"Escrito por\" \/>\n\t<meta name=\"twitter:data1\" content=\"Jos\u00e9 Carlos Marrero Gonz\u00e1lez\" \/>\n\t<meta name=\"twitter:label2\" content=\"Tiempo de lectura\" \/>\n\t<meta name=\"twitter:data2\" content=\"1 minuto\" \/>\n<script type=\"application\/ld+json\" class=\"yoast-schema-graph\">{\"@context\":\"https:\/\/schema.org\",\"@graph\":[{\"@type\":\"Article\",\"@id\":\"https:\/\/elcotarro.com\/?p=961#article\",\"isPartOf\":{\"@id\":\"https:\/\/elcotarro.com\/?p=961\"},\"author\":{\"name\":\"Jos\u00e9 Carlos Marrero Gonz\u00e1lez\",\"@id\":\"https:\/\/elcotarro.com\/#\/schema\/person\/af537ee7d60d15984c7e0affcd8a918b\"},\"headline\":\"DEUDAS EN EL PUERTO DE LA CRUZ\",\"datePublished\":\"2015-03-22T12:04:51+00:00\",\"mainEntityOfPage\":{\"@id\":\"https:\/\/elcotarro.com\/?p=961\"},\"wordCount\":201,\"commentCount\":0,\"publisher\":{\"@id\":\"https:\/\/elcotarro.com\/#organization\"},\"keywords\":[\"Sandra Rodr\u00edguez Gonz\u00e1lez\"],\"articleSection\":[\"Pol\u00edtica\"],\"inLanguage\":\"es\",\"potentialAction\":[{\"@type\":\"CommentAction\",\"name\":\"Comment\",\"target\":[\"https:\/\/elcotarro.com\/?p=961#respond\"]}]},{\"@type\":\"WebPage\",\"@id\":\"https:\/\/elcotarro.com\/?p=961\",\"url\":\"https:\/\/elcotarro.com\/?p=961\",\"name\":\"DEUDAS EN EL PUERTO DE LA CRUZ - El Cotarrro\",\"isPartOf\":{\"@id\":\"https:\/\/elcotarro.com\/#website\"},\"datePublished\":\"2015-03-22T12:04:51+00:00\",\"description\":\"Me llaman varios empresarios del Puerto de la Cruz para comentarme que est\u00e1n muy mosqueados por la distinta vara de medir (y de actuar) que, al parecer, t\",\"breadcrumb\":{\"@id\":\"https:\/\/elcotarro.com\/?p=961#breadcrumb\"},\"inLanguage\":\"es\",\"potentialAction\":[{\"@type\":\"ReadAction\",\"target\":[\"https:\/\/elcotarro.com\/?p=961\"]}]},{\"@type\":\"BreadcrumbList\",\"@id\":\"https:\/\/elcotarro.com\/?p=961#breadcrumb\",\"itemListElement\":[{\"@type\":\"ListItem\",\"position\":1,\"name\":\"Portada\",\"item\":\"https:\/\/elcotarro.com\/\"},{\"@type\":\"ListItem\",\"position\":2,\"name\":\"DEUDAS EN EL PUERTO DE LA CRUZ\"}]},{\"@type\":\"WebSite\",\"@id\":\"https:\/\/elcotarro.com\/#website\",\"url\":\"https:\/\/elcotarro.com\/\",\"name\":\"El Cotarro\",\"description\":\"Peri\u00f3dico Digital Independiente dirigido por Jos\u00e9 Carlos Marrero\",\"publisher\":{\"@id\":\"https:\/\/elcotarro.com\/#organization\"},\"potentialAction\":[{\"@type\":\"SearchAction\",\"target\":{\"@type\":\"EntryPoint\",\"urlTemplate\":\"https:\/\/elcotarro.com\/?s={search_term_string}\"},\"query-input\":{\"@type\":\"PropertyValueSpecification\",\"valueRequired\":true,\"valueName\":\"search_term_string\"}}],\"inLanguage\":\"es\"},{\"@type\":\"Organization\",\"@id\":\"https:\/\/elcotarro.com\/#organization\",\"name\":\"El Cotarro\",\"url\":\"https:\/\/elcotarro.com\/\",\"logo\":{\"@type\":\"ImageObject\",\"inLanguage\":\"es\",\"@id\":\"https:\/\/elcotarro.com\/#\/schema\/logo\/image\/\",\"url\":\"https:\/\/elcotarro.com\/wp-content\/uploads\/2014\/09\/Cabecera_El_Cotarro_v2.jpg\",\"contentUrl\":\"https:\/\/elcotarro.com\/wp-content\/uploads\/2014\/09\/Cabecera_El_Cotarro_v2.jpg\",\"width\":3540,\"height\":441,\"caption\":\"El Cotarro\"},\"image\":{\"@id\":\"https:\/\/elcotarro.com\/#\/schema\/logo\/image\/\"},\"sameAs\":[\"https:\/\/www.facebook.com\/ElCotarro.Tenerife\"]},{\"@type\":\"Person\",\"@id\":\"https:\/\/elcotarro.com\/#\/schema\/person\/af537ee7d60d15984c7e0affcd8a918b\",\"name\":\"Jos\u00e9 Carlos Marrero Gonz\u00e1lez\",\"image\":{\"@type\":\"ImageObject\",\"inLanguage\":\"es\",\"@id\":\"https:\/\/elcotarro.com\/#\/schema\/person\/image\/\",\"url\":\"https:\/\/secure.gravatar.com\/avatar\/def4da036efb5d32c74d49c351f6dccc064dd69ad9f3aadc295c5a9a5391ca01?s=96&d=mm&r=g\",\"contentUrl\":\"https:\/\/secure.gravatar.com\/avatar\/def4da036efb5d32c74d49c351f6dccc064dd69ad9f3aadc295c5a9a5391ca01?s=96&d=mm&r=g\",\"caption\":\"Jos\u00e9 Carlos Marrero Gonz\u00e1lez\"},\"sameAs\":[\"https:\/\/elcotarro.com\"],\"url\":\"https:\/\/elcotarro.com\/?author=2\"}]}<\/script>\n<!-- \/ Yoast SEO plugin. -->","yoast_head_json":{"title":"DEUDAS EN EL PUERTO DE LA CRUZ - El Cotarrro","description":"Me llaman varios empresarios del Puerto de la Cruz para comentarme que est\u00e1n muy mosqueados por la distinta vara de medir (y de actuar) que, al parecer, t","robots":{"index":"index","follow":"follow","max-snippet":"max-snippet:-1","max-image-preview":"max-image-preview:large","max-video-preview":"max-video-preview:-1"},"canonical":"https:\/\/elcotarro.com\/?p=961","og_locale":"es_ES","og_type":"article","og_title":"DEUDAS EN EL PUERTO DE LA CRUZ - El Cotarrro","og_description":"Me llaman varios empresarios del Puerto de la Cruz para comentarme que est\u00e1n muy mosqueados por la distinta vara de medir (y de actuar) que, al parecer, t","og_url":"https:\/\/elcotarro.com\/?p=961","og_site_name":"El Cotarro","article_publisher":"https:\/\/www.facebook.com\/ElCotarro.Tenerife","article_published_time":"2015-03-22T12:04:51+00:00","author":"Jos\u00e9 Carlos Marrero Gonz\u00e1lez","twitter_misc":{"Escrito por":"Jos\u00e9 Carlos Marrero Gonz\u00e1lez","Tiempo de lectura":"1 minuto"},"schema":{"@context":"https:\/\/schema.org","@graph":[{"@type":"Article","@id":"https:\/\/elcotarro.com\/?p=961#article","isPartOf":{"@id":"https:\/\/elcotarro.com\/?p=961"},"author":{"name":"Jos\u00e9 Carlos Marrero Gonz\u00e1lez","@id":"https:\/\/elcotarro.com\/#\/schema\/person\/af537ee7d60d15984c7e0affcd8a918b"},"headline":"DEUDAS EN EL PUERTO DE LA CRUZ","datePublished":"2015-03-22T12:04:51+00:00","mainEntityOfPage":{"@id":"https:\/\/elcotarro.com\/?p=961"},"wordCount":201,"commentCount":0,"publisher":{"@id":"https:\/\/elcotarro.com\/#organization"},"keywords":["Sandra Rodr\u00edguez Gonz\u00e1lez"],"articleSection":["Pol\u00edtica"],"inLanguage":"es","potentialAction":[{"@type":"CommentAction","name":"Comment","target":["https:\/\/elcotarro.com\/?p=961#respond"]}]},{"@type":"WebPage","@id":"https:\/\/elcotarro.com\/?p=961","url":"https:\/\/elcotarro.com\/?p=961","name":"DEUDAS EN EL PUERTO DE LA CRUZ - El Cotarrro","isPartOf":{"@id":"https:\/\/elcotarro.com\/#website"},"datePublished":"2015-03-22T12:04:51+00:00","description":"Me llaman varios empresarios del Puerto de la Cruz para comentarme que est\u00e1n muy mosqueados por la distinta vara de medir (y de actuar) que, al parecer, t","breadcrumb":{"@id":"https:\/\/elcotarro.com\/?p=961#breadcrumb"},"inLanguage":"es","potentialAction":[{"@type":"ReadAction","target":["https:\/\/elcotarro.com\/?p=961"]}]},{"@type":"BreadcrumbList","@id":"https:\/\/elcotarro.com\/?p=961#breadcrumb","itemListElement":[{"@type":"ListItem","position":1,"name":"Portada","item":"https:\/\/elcotarro.com\/"},{"@type":"ListItem","position":2,"name":"DEUDAS EN EL PUERTO DE LA CRUZ"}]},{"@type":"WebSite","@id":"https:\/\/elcotarro.com\/#website","url":"https:\/\/elcotarro.com\/","name":"El Cotarro","description":"Peri\u00f3dico Digital Independiente dirigido por Jos\u00e9 Carlos Marrero","publisher":{"@id":"https:\/\/elcotarro.com\/#organization"},"potentialAction":[{"@type":"SearchAction","target":{"@type":"EntryPoint","urlTemplate":"https:\/\/elcotarro.com\/?s={search_term_string}"},"query-input":{"@type":"PropertyValueSpecification","valueRequired":true,"valueName":"search_term_string"}}],"inLanguage":"es"},{"@type":"Organization","@id":"https:\/\/elcotarro.com\/#organization","name":"El Cotarro","url":"https:\/\/elcotarro.com\/","logo":{"@type":"ImageObject","inLanguage":"es","@id":"https:\/\/elcotarro.com\/#\/schema\/logo\/image\/","url":"https:\/\/elcotarro.com\/wp-content\/uploads\/2014\/09\/Cabecera_El_Cotarro_v2.jpg","contentUrl":"https:\/\/elcotarro.com\/wp-content\/uploads\/2014\/09\/Cabecera_El_Cotarro_v2.jpg","width":3540,"height":441,"caption":"El Cotarro"},"image":{"@id":"https:\/\/elcotarro.com\/#\/schema\/logo\/image\/"},"sameAs":["https:\/\/www.facebook.com\/ElCotarro.Tenerife"]},{"@type":"Person","@id":"https:\/\/elcotarro.com\/#\/schema\/person\/af537ee7d60d15984c7e0affcd8a918b","name":"Jos\u00e9 Carlos Marrero Gonz\u00e1lez","image":{"@type":"ImageObject","inLanguage":"es","@id":"https:\/\/elcotarro.com\/#\/schema\/person\/image\/","url":"https:\/\/secure.gravatar.com\/avatar\/def4da036efb5d32c74d49c351f6dccc064dd69ad9f3aadc295c5a9a5391ca01?s=96&d=mm&r=g","contentUrl":"https:\/\/secure.gravatar.com\/avatar\/def4da036efb5d32c74d49c351f6dccc064dd69ad9f3aadc295c5a9a5391ca01?s=96&d=mm&r=g","caption":"Jos\u00e9 Carlos Marrero Gonz\u00e1lez"},"sameAs":["https:\/\/elcotarro.com"],"url":"https:\/\/elcotarro.com\/?author=2"}]}},"jetpack_featured_media_url":"","jetpack_sharing_enabled":true,"_links":{"self":[{"href":"https:\/\/elcotarro.com\/index.php?rest_route=\/wp\/v2\/posts\/961","targetHints":{"allow":["GET"]}}],"collection":[{"href":"https:\/\/elcotarro.com\/index.php?rest_route=\/wp\/v2\/posts"}],"about":[{"href":"https:\/\/elcotarro.com\/index.php?rest_route=\/wp\/v2\/types\/post"}],"author":[{"embeddable":true,"href":"https:\/\/elcotarro.com\/index.php?rest_route=\/wp\/v2\/users\/2"}],"replies":[{"embeddable":true,"href":"https:\/\/elcotarro.com\/index.php?rest_route=%2Fwp%2Fv2%2Fcomments&post=961"}],"version-history":[{"count":1,"href":"https:\/\/elcotarro.com\/index.php?rest_route=\/wp\/v2\/posts\/961\/revisions"}],"predecessor-version":[{"id":963,"href":"https:\/\/elcotarro.com\/index.php?rest_route=\/wp\/v2\/posts\/961\/revisions\/963"}],"wp:attachment":[{"href":"https:\/\/elcotarro.com\/index.php?rest_route=%2Fwp%2Fv2%2Fmedia&parent=961"}],"wp:term":[{"taxonomy":"category","embeddable":true,"href":"https:\/\/elcotarro.com\/index.php?rest_route=%2Fwp%2Fv2%2Fcategories&post=961"},{"taxonomy":"post_tag","embeddable":true,"href":"https:\/\/elcotarro.com\/index.php?rest_route=%2Fwp%2Fv2%2Ftags&post=961"}],"curies":[{"name":"wp","href":"https:\/\/api.w.org\/{rel}","templated":true}]}}