{"id":9772,"date":"2021-05-02T07:00:59","date_gmt":"2021-05-02T06:00:59","guid":{"rendered":"https:\/\/elcotarro.com\/?p=9772"},"modified":"2021-05-01T18:40:00","modified_gmt":"2021-05-01T17:40:00","slug":"el-cotarro-digital-no347-del-2-de-mayo-de-2021","status":"publish","type":"post","link":"https:\/\/elcotarro.com\/?p=9772","title":{"rendered":"\u00abEL COTARRO\u00bb DIGITAL N\u00ba347 DEL 2 DE MAYO DE 2021"},"content":{"rendered":"<p><span style=\"color: #0000ff\"><strong>DESEO, ESPERO Y REZO PARA QUE TERMINE BIEN<\/strong><\/span><\/p>\n<ul>\n<li>No puedo y no quiero comenzar <strong><em>El Cotarro<\/em><\/strong> de hoy sin recordar el inmenso sufrimiento que est\u00e1 soportando toda la familia de un gran amigo y respetado empresario tinerfe\u00f1o del sector platanero, que tambi\u00e9n ha sido y es una de las glorias vivas del automovilismo tinerfe\u00f1o. No hace falta nombrarle para saber que todo Tenerife est\u00e1 pendiente del duro trance por el que est\u00e1n pasando y transmitirles desde aqu\u00ed que, con total seguridad, todos deseamos y esperamos que el desenlace llegue lo antes posible, pero, sobre todo, de la mejor y m\u00e1s feliz manera. Desde esta humilde edici\u00f3n de <strong><em>El Cotarro<\/em><\/strong>, vaya nuestra total solidaridad y apoyo al entra\u00f1able amigo y a toda la familia, junto con nuestros deseos de \u00e1nimo, mucha fe y fortaleza en estos duros momentos. Personalmente, deseo, espero y rezo (al Cristo de La Laguna) para que todo termine pronto y bien. Ojal\u00e1 que as\u00ed sea.<\/li>\n<\/ul>\n<p style=\"text-align: center\"><a href=\"https:\/\/elcotarro.com\/wp-content\/uploads\/2021\/05\/FOTO-1.-CRISTO-DE-LA-LAGUNA.jpg\"><img loading=\"lazy\" decoding=\"async\" class=\"alignnone wp-image-9773 size-full\" src=\"https:\/\/elcotarro.com\/wp-content\/uploads\/2021\/05\/FOTO-1.-CRISTO-DE-LA-LAGUNA.jpg\" alt=\"\" width=\"1024\" height=\"576\" srcset=\"https:\/\/elcotarro.com\/wp-content\/uploads\/2021\/05\/FOTO-1.-CRISTO-DE-LA-LAGUNA.jpg 1024w, https:\/\/elcotarro.com\/wp-content\/uploads\/2021\/05\/FOTO-1.-CRISTO-DE-LA-LAGUNA-300x169.jpg 300w, https:\/\/elcotarro.com\/wp-content\/uploads\/2021\/05\/FOTO-1.-CRISTO-DE-LA-LAGUNA-768x432.jpg 768w\" sizes=\"auto, (max-width: 1024px) 100vw, 1024px\" \/><\/a><\/p>\n<p style=\"text-align: center\"><em>Foto 1.- En estos momentos, al margen de creencias y \u201cpracticancias\u201d, merece la pena rezar.<\/em><\/p>\n<p>&nbsp;<\/p>\n<p><span style=\"color: #0000ff\"><strong>SIGUE LA TRISTEZA Y LOS POL\u00cdTICOS EN EL LIMBO<\/strong><\/span><\/p>\n<ul>\n<li>Seg\u00fan el diccionario de la Real Academia Espa\u00f1ola, el t\u00e9rmino \u201climbo\u201d como adverbio, se refiere, coloquialmente, al hecho de estar \u201csin enterarse de lo que ocurre\u201d. En el conocimiento del dram\u00e1tico y \u00faltimo (por ahora) triste episodio de la inmigraci\u00f3n en Canarias, no podemos decir que est\u00e9n \u201csin enterarse\u201d. Pero, en lo referente a clausurar y desmantelar los vergonzosos \u201ccampamentos de la indignidad\u201d y poner fin a esta triste realidad humana, s\u00ed que est\u00e1n \u201cen el limbo\u201d de encontrar soluciones r\u00e1pidas y efectivas. Tengo que decir, una semana m\u00e1s, que <strong>\u00c1ngel V\u00edctor Torres<\/strong>, el presidente del Gobierno de Canarias, debe ponerse en su sitio (de verdad) y plantarse. Tambi\u00e9n por su dignidad y la de todos los canarios. Y no solo \u00e9l. Junto a <strong>\u00c1ngel V\u00edctor Torres<\/strong>, y el delegado del Gobierno del Reino de Espa\u00f1a en Canarias, <strong>Anselmo Pestana<\/strong>, tambi\u00e9n deben plantarse y ponerse en su sitio todos los pol\u00edticos canarios que sean honestos, coherentes y responsables, por encima de ideolog\u00edas y partidos pol\u00edticos. La fe en la pol\u00edtica y los pol\u00edticos depende de ello m\u00e1s que nunca.<\/li>\n<\/ul>\n<p>&nbsp;<\/p>\n<p style=\"text-align: center\"><em><a href=\"https:\/\/elcotarro.com\/wp-content\/uploads\/2021\/05\/FOTO-2.-\u00c1NGEL-V\u00cdCTOR-Y-ANSELMO.jpg\"><img loading=\"lazy\" decoding=\"async\" class=\"alignnone wp-image-9774 size-full\" src=\"https:\/\/elcotarro.com\/wp-content\/uploads\/2021\/05\/FOTO-2.-\u00c1NGEL-V\u00cdCTOR-Y-ANSELMO.jpg\" alt=\"\" width=\"986\" height=\"1063\" srcset=\"https:\/\/elcotarro.com\/wp-content\/uploads\/2021\/05\/FOTO-2.-\u00c1NGEL-V\u00cdCTOR-Y-ANSELMO.jpg 986w, https:\/\/elcotarro.com\/wp-content\/uploads\/2021\/05\/FOTO-2.-\u00c1NGEL-V\u00cdCTOR-Y-ANSELMO-278x300.jpg 278w, https:\/\/elcotarro.com\/wp-content\/uploads\/2021\/05\/FOTO-2.-\u00c1NGEL-V\u00cdCTOR-Y-ANSELMO-950x1024.jpg 950w, https:\/\/elcotarro.com\/wp-content\/uploads\/2021\/05\/FOTO-2.-\u00c1NGEL-V\u00cdCTOR-Y-ANSELMO-768x828.jpg 768w\" sizes=\"auto, (max-width: 986px) 100vw, 986px\" \/><\/a>\u00a0<\/em><\/p>\n<p style=\"text-align: center\"><em>Foto 2.- Anselmo Pestana (i) y \u00c1ngel V\u00edctor Torres, ambos con caras de circunstancia.<\/em><\/p>\n<p>&nbsp;<\/p>\n<p><span style=\"color: #0000ff\"><strong>SALIR DEL LIMBO ACTUANDO INTELIGENTEMENTE<\/strong><\/span><\/p>\n<ul>\n<li>Mientras nuestros pol\u00edticos \u201cdespiertan\u201d (de verdad) y salen del dichoso limbo. Otras personas, entidades y colectivos act\u00faan desde la solidaridad. Hace unos d\u00edas recib\u00ed un mensaje por WhatsApp que me remit\u00eda otro amigo, el sacerdote <strong>Jes\u00fas Manuel Adonai Gil Ag\u00fc\u00edn<\/strong>, simple y popularmente conocido por <strong>Ag\u00fc\u00edn <em>\u201cel cura\u201d<\/em>,<\/strong> que viene a ser p\u00e1rroco de Las Mercedes y de Los Batanes, aparte de otras importantes responsabilidades en el seno del Obispado de Tenerife. El <em>desinquieto<\/em> <strong>Jes\u00fas<\/strong> <strong>Ag\u00fc\u00edn<\/strong>, junto con toda su comunidad parroquial, est\u00e1 removiendo conciencias, adem\u00e1s de paralela y simult\u00e1neamente, promoviendo acciones solidarias de caridad bien entendidas. Por ello hoy le regalo todo el siguiente p\u00e1rrafo de <strong><em>El Cotarro, <\/em><\/strong>en el que les reproduzco \u00edntegra y textualmente el contenido del ya mencionado WhatsApp.<\/li>\n<\/ul>\n<p style=\"text-align: center\"><a href=\"https:\/\/elcotarro.com\/wp-content\/uploads\/2021\/05\/FOTO-3.-JES\u00daS-AG\u00dc\u00cdN.jpeg\"><img loading=\"lazy\" decoding=\"async\" class=\"alignnone wp-image-9775 size-full\" src=\"https:\/\/elcotarro.com\/wp-content\/uploads\/2021\/05\/FOTO-3.-JES\u00daS-AG\u00dc\u00cdN.jpeg\" alt=\"\" width=\"1600\" height=\"1066\" srcset=\"https:\/\/elcotarro.com\/wp-content\/uploads\/2021\/05\/FOTO-3.-JES\u00daS-AG\u00dc\u00cdN.jpeg 1600w, https:\/\/elcotarro.com\/wp-content\/uploads\/2021\/05\/FOTO-3.-JES\u00daS-AG\u00dc\u00cdN-300x200.jpeg 300w, https:\/\/elcotarro.com\/wp-content\/uploads\/2021\/05\/FOTO-3.-JES\u00daS-AG\u00dc\u00cdN-1024x682.jpeg 1024w, https:\/\/elcotarro.com\/wp-content\/uploads\/2021\/05\/FOTO-3.-JES\u00daS-AG\u00dc\u00cdN-768x512.jpeg 768w, https:\/\/elcotarro.com\/wp-content\/uploads\/2021\/05\/FOTO-3.-JES\u00daS-AG\u00dc\u00cdN-1536x1023.jpeg 1536w\" sizes=\"auto, (max-width: 1600px) 100vw, 1600px\" \/><\/a><\/p>\n<p><em>\u00a0<\/em><\/p>\n<p style=\"text-align: center\"><em>Foto 3.- Ag\u00fc\u00edn, acompa\u00f1ando a la Virgen de Candelaria en su \u00faltima peregrinaci\u00f3n.<\/em><\/p>\n<p>&nbsp;<\/p>\n<p><span style=\"color: #0000ff\"><strong>MERCEDERA INVASI\u00d3N DE SOLIDARIDAD-CARIDAD<\/strong><\/span><\/p>\n<ul>\n<li>El mensaje difundido por <strong>Jes\u00fas Ag\u00fc\u00edn<\/strong> y que desea se haga viral dice as\u00ed: <em>\u201c<\/em><em>Teniendo claro que conmoverse significa, adem\u00e1s de compasi\u00f3n, acci\u00f3n y compromiso, la comunidad cristiana de la parroquia de <strong>Las Mercedes<\/strong>, a trav\u00e9s de su Consejo Pastoral, despu\u00e9s de visitar el centro de acogida de migrantes de Las Canteras y hablar con sus responsables, decidi\u00f3 ponerse en marcha para realizar acciones concretas que ayudaran a la acogida de estas miles de personas que han llegado a nuestra tierra. Para ello, solicitamos tambi\u00e9n la colaboraci\u00f3n del colegio p\u00fablico de la zona, as\u00ed como las tres asociaciones de vecinos y otras instituciones, para realizar una recogida solidaria durante todo el mes de mayo, de aquello que, en estos momentos, los responsables del centro nos han indicado que necesitan estas personas. As\u00ed mismo, a trav\u00e9s de un grupo de profesores voluntarios, ofreceremos clases de espa\u00f1ol para ayudarles en sus procesos de integraci\u00f3n. Toda instituci\u00f3n o persona particular que se quiera unir a nuestra iniciativa solidaria ser\u00e1 bienvenida. Junto a ello, nuestra firme denuncia ante la situaci\u00f3n de estas miles de personas que han sido bloqueadas en esta tierra, con la \u00fanica posibilidad de pasear por nuestras calles, sin dejarles continuar su tr\u00e1nsito al resto del Pa\u00eds y de Europa, donde les espera su familia y la posibilidad de trabajo y futuro\u201d<\/em>. Hay que difundirlo.<\/li>\n<\/ul>\n<p>&nbsp;<\/p>\n<p style=\"text-align: center\"><em><a href=\"https:\/\/elcotarro.com\/wp-content\/uploads\/2021\/05\/FOTO-4.-INVASI\u00d3N-SOLIDARIA.jpeg\"><img loading=\"lazy\" decoding=\"async\" class=\"alignnone size-full wp-image-9776\" src=\"https:\/\/elcotarro.com\/wp-content\/uploads\/2021\/05\/FOTO-4.-INVASI\u00d3N-SOLIDARIA.jpeg\" alt=\"\" width=\"1280\" height=\"720\" srcset=\"https:\/\/elcotarro.com\/wp-content\/uploads\/2021\/05\/FOTO-4.-INVASI\u00d3N-SOLIDARIA.jpeg 1280w, https:\/\/elcotarro.com\/wp-content\/uploads\/2021\/05\/FOTO-4.-INVASI\u00d3N-SOLIDARIA-300x169.jpeg 300w, https:\/\/elcotarro.com\/wp-content\/uploads\/2021\/05\/FOTO-4.-INVASI\u00d3N-SOLIDARIA-1024x576.jpeg 1024w, https:\/\/elcotarro.com\/wp-content\/uploads\/2021\/05\/FOTO-4.-INVASI\u00d3N-SOLIDARIA-768x432.jpeg 768w\" sizes=\"auto, (max-width: 1280px) 100vw, 1280px\" \/><\/a>\u00a0<\/em><\/p>\n<p style=\"text-align: center\"><em>Foto 4.- Cartel de la operaci\u00f3n \u201cInvasi\u00f3n de solidaridad-caridad\u201d de Las Mercedes <\/em><\/p>\n<p>&nbsp;<\/p>\n<p><span style=\"color: #0000ff\"><strong>CONSEJO RECTOR DE LA <\/strong><strong>RADIOTELEVISI\u00d3N<\/strong><strong> CANARIA<\/strong><\/span><\/p>\n<ul>\n<li>Cambio de tercio para decirles que, como ten\u00edamos pocos calderos problem\u00e1ticos al fuego, sumen ahora el del nombramiento de las \u201csiete magn\u00edficas\u201d personas que conformar\u00e1n el llamado Consejo Rector de la Radiotelevisi\u00f3n P\u00fablica de Canarias. Les animo a releer <strong><em>El Cotarro<\/em><\/strong> de la pasada semana, y luego seguir de nuevo en este punto. Esta pasada semana ha saltado a la luz p\u00fablica una pol\u00e9mica y mil y unas opiniones (m\u00e1s o menos interesadas) en torno al proceso de selecci\u00f3n y nombramiento. Se ha hablado de las personas propuestas para ocupar los puestos; de la procedencia de sus respectivas nominaciones; de la veracidad (o no) de determinados curr\u00edculums acad\u00e9micos y profesionales; de la idoneidad (o no) de determinados perfiles profesionales; de las posibles incompatibilidades (o no) que supuestamente podr\u00edan producirse; de los leg\u00edtimos intereses (o no) de distintos (y enfrentados) grupos editoriales y\/o de comunicaci\u00f3n, directa o indirectamente interesados en el tema; de la posible trascendencia p\u00fablica de informaci\u00f3n desde el seno del futuro Consejo\u2026 En fin, qu\u00e9 quieren que les diga, que lo mejor ser\u00e1 dejar trabajar en paz y con rigor a <strong>Francisco Moreno Garc\u00eda<\/strong>, el profesional <strong>Paco Moreno<\/strong>, actual Administrador \u00danico de la RTV canaria. Aunque mucho me temo que de aqu\u00ed hasta el Pleno del Parlamento en que se ratificar\u00e1 el nombramiento de las personas que sean, igual asistimos a m\u00e1s pol\u00e9micas\u2026 Aparte de las derivadas jur\u00eddicas, que ya podr\u00edan estar (o no) present\u00e1ndose y desarroll\u00e1ndose judicialmente. Estaremos atentos\u2026 Pero no me gusta el caminar de la perrita\u2026<\/li>\n<\/ul>\n<p style=\"text-align: center\"><a href=\"https:\/\/elcotarro.com\/wp-content\/uploads\/2021\/05\/FOTO-5.-PACO-MORENO.jpg\"><img loading=\"lazy\" decoding=\"async\" class=\"alignnone size-full wp-image-9777\" src=\"https:\/\/elcotarro.com\/wp-content\/uploads\/2021\/05\/FOTO-5.-PACO-MORENO.jpg\" alt=\"\" width=\"643\" height=\"362\" srcset=\"https:\/\/elcotarro.com\/wp-content\/uploads\/2021\/05\/FOTO-5.-PACO-MORENO.jpg 643w, https:\/\/elcotarro.com\/wp-content\/uploads\/2021\/05\/FOTO-5.-PACO-MORENO-300x169.jpg 300w\" sizes=\"auto, (max-width: 643px) 100vw, 643px\" \/><\/a><\/p>\n<p style=\"text-align: center\"><em>Foto 5.- Francisco \u201cPaco\u201d Moreno Garc\u00eda, actual Administrador \u00danico de la RTV canaria.<\/em><\/p>\n<p>&nbsp;<\/p>\n<p><span style=\"color: #0000ff\"><strong>LOS REALEJOS PIDE VACUNAR A LA POLIC\u00cdA LOCAL<\/strong><\/span><\/p>\n<ul>\n<li>Cambiando de nuevo de tercio, me doy cuenta de que no solo se quejan (con toda la raz\u00f3n del mundo) los profesionales de la Guardia Civil y la Polic\u00eda Nacional destinados a Catalu\u00f1a. Tambi\u00e9n lo acaban de hacer desde Los Realejos (tambi\u00e9n con raz\u00f3n) pensando en sus polic\u00edas locales. La concejala de Sanidad y de Seguridad y Emergencias del ayuntamiento realejero, <strong>Carolina Toste<\/strong>, llev\u00f3 el pasado jueves al pleno de la corporaci\u00f3n una propuesta para instar al Servicio Canario de la Salud y a la Delegaci\u00f3n del Gobierno de Espa\u00f1a en Canarias, para agilizar la vacunaci\u00f3n contra la Covid19 de los integrantes del cuerpo de la Polic\u00eda Local y personas voluntarias del cuerpo de Protecci\u00f3n Civil del municipio, una vez cubiertos los colectivos asistenciales y sanitarios. El propio alcalde de Los Realejos, <strong>Manuel Dom\u00ednguez<\/strong>, ha dicho que <em>\u201cseguimos la l\u00ednea que ya est\u00e1n manifestando otros ayuntamientos de las islas de reclamar una reconsideraci\u00f3n por parte de la Consejer\u00eda de Sanidad, despu\u00e9s de que se nos comunicara la paralizaci\u00f3n de la vacunaci\u00f3n de este grupo de funcionarios de Polic\u00eda Local y de los voluntarios de Protecci\u00f3n Civil, que durante muchos y duros meses han estado tambi\u00e9n en primera l\u00ednea de batalla para la prevenci\u00f3n y por la seguridad de todos ante una situaci\u00f3n tan extraordinaria como esta emergencia sanitaria\u201d<\/em>. Y yo creo que <strong>Manuel Dom\u00ednguez, Carolina Toste<\/strong> y otros muchos, tienen raz\u00f3n.<\/li>\n<\/ul>\n<p>&nbsp;<\/p>\n<p style=\"text-align: center\"><em><a href=\"https:\/\/elcotarro.com\/wp-content\/uploads\/2021\/05\/FOTO-6.-CAROLINA-Y-MANUEL.jpg\"><img loading=\"lazy\" decoding=\"async\" class=\"alignnone size-full wp-image-9778\" src=\"https:\/\/elcotarro.com\/wp-content\/uploads\/2021\/05\/FOTO-6.-CAROLINA-Y-MANUEL.jpg\" alt=\"\" width=\"1499\" height=\"859\" srcset=\"https:\/\/elcotarro.com\/wp-content\/uploads\/2021\/05\/FOTO-6.-CAROLINA-Y-MANUEL.jpg 1499w, https:\/\/elcotarro.com\/wp-content\/uploads\/2021\/05\/FOTO-6.-CAROLINA-Y-MANUEL-300x172.jpg 300w, https:\/\/elcotarro.com\/wp-content\/uploads\/2021\/05\/FOTO-6.-CAROLINA-Y-MANUEL-1024x587.jpg 1024w, https:\/\/elcotarro.com\/wp-content\/uploads\/2021\/05\/FOTO-6.-CAROLINA-Y-MANUEL-768x440.jpg 768w\" sizes=\"auto, (max-width: 1499px) 100vw, 1499px\" \/><\/a>\u00a0<\/em><\/p>\n<p style=\"text-align: center\"><em>Foto 6.- Carolina Toste y Manuel Dom\u00ednguez, tom\u00e1ndose un cortadito en Los Realejos<\/em><\/p>\n<p>&nbsp;<\/p>\n<p><span style=\"color: #0000ff\"><strong>UNO DE LOS <\/strong><strong>NUESTROS,<\/strong> <strong>CAMPE\u00d3N DE TENIS-PLAYA<\/strong><\/span><\/p>\n<ul>\n<li>Entre tanta problem\u00e1tica triste, nada mejor que un chorro de optimismo y juventud, apostando siempre por \u201clo nuestro\u201d y, sobre todo, por \u201clos nuestros\u201d. Hoy merece ser destacada la actuaci\u00f3n de la pareja canaria <strong>Garc\u00eda-Delgado<\/strong>, formada por el tinerfe\u00f1o <strong>Iv\u00e1n Delgado Dekany<\/strong> y el grancanario <strong>\u00c1lvaro Garc\u00eda<\/strong>, quienes, el pasado fin de semana, se proclamaron campeones de Espa\u00f1a de Tenis-Playa, en la categor\u00eda Sub-18 masculina, dentro del campeonato nacional disputado en Gran Canarias. La propia Federaci\u00f3n de Tenis ha publicado la siguiente rese\u00f1a: <em>\u201cEspectacular campeonato realizado por la pareja canaria formada por el grancanario <strong>\u00c1lvaro Garc\u00eda<\/strong> y el tinerfe\u00f1o <strong>Iv\u00e1n Delgado Dekany<\/strong>, ambos con 16 a\u00f1os reci\u00e9n cumplidos. En primera ronda superaron a la pareja <strong>Alonso-Vila<\/strong> por un 6-0, 6-0. Mismo resultado en cuartos de final contra la pareja Ortega Aguilar. Ya en semifinales se vieron las caras con los actuales campeones de Espa\u00f1a de la categor\u00eda y n\u00famero 1 del cuadro, <strong>Volpe-Alcal\u00e1<\/strong>, realizando un gran partido e imponi\u00e9ndose por 6-2, 6-3. Y ya en la final, contra la pareja <strong>Dur\u00e1n-Filella<\/strong>, realizaron un partido muy s\u00f3lido venciendo por 6-3, 6-2 y proclam\u00e1ndose Campeones de Espa\u00f1a Sub 18. \u00a1Enhorabuena a <strong>Iv\u00e1n Delgado Dekany<\/strong> y <strong>\u00c1lvaro Garc\u00eda!<\/strong>\u00a1Juntos somos mejores!\u201d <\/em><\/li>\n<\/ul>\n<p style=\"text-align: center\"><em>\u00a0<a href=\"https:\/\/elcotarro.com\/wp-content\/uploads\/2021\/05\/FOTO-7.-GARC\u00cdA-DELGADO.jpg\"><img loading=\"lazy\" decoding=\"async\" class=\"alignnone size-full wp-image-9779\" src=\"https:\/\/elcotarro.com\/wp-content\/uploads\/2021\/05\/FOTO-7.-GARC\u00cdA-DELGADO.jpg\" alt=\"\" width=\"551\" height=\"387\" srcset=\"https:\/\/elcotarro.com\/wp-content\/uploads\/2021\/05\/FOTO-7.-GARC\u00cdA-DELGADO.jpg 551w, https:\/\/elcotarro.com\/wp-content\/uploads\/2021\/05\/FOTO-7.-GARC\u00cdA-DELGADO-300x211.jpg 300w\" sizes=\"auto, (max-width: 551px) 100vw, 551px\" \/><\/a><\/em><\/p>\n<p style=\"text-align: center\"><em>Foto 7.- Los campeones de Espa\u00f1a, Iv\u00e1n Delgado Dekany (de rojo) y \u00c1lvaro Garc\u00eda.<\/em><\/p>\n<p style=\"text-align: center\"><em>\u00a0<a href=\"https:\/\/elcotarro.com\/wp-content\/uploads\/2021\/05\/FOTO-8.-CAMPEONES.jpeg\"><img loading=\"lazy\" decoding=\"async\" class=\"alignnone size-full wp-image-9780\" src=\"https:\/\/elcotarro.com\/wp-content\/uploads\/2021\/05\/FOTO-8.-CAMPEONES.jpeg\" alt=\"\" width=\"2048\" height=\"1536\" srcset=\"https:\/\/elcotarro.com\/wp-content\/uploads\/2021\/05\/FOTO-8.-CAMPEONES.jpeg 2048w, https:\/\/elcotarro.com\/wp-content\/uploads\/2021\/05\/FOTO-8.-CAMPEONES-300x225.jpeg 300w, https:\/\/elcotarro.com\/wp-content\/uploads\/2021\/05\/FOTO-8.-CAMPEONES-1024x768.jpeg 1024w, https:\/\/elcotarro.com\/wp-content\/uploads\/2021\/05\/FOTO-8.-CAMPEONES-768x576.jpeg 768w, https:\/\/elcotarro.com\/wp-content\/uploads\/2021\/05\/FOTO-8.-CAMPEONES-1536x1152.jpeg 1536w\" sizes=\"auto, (max-width: 2048px) 100vw, 2048px\" \/><\/a><\/em><\/p>\n<p style=\"text-align: center\"><em>Foto 8.- El podio de campeones con Iv\u00e1n Delgado Dekany sujetando y luciendo la bandera de Tenerife<\/em><\/p>\n<p><em>\u00a0<\/em><\/p>\n<p><span style=\"color: #0000ff\"><strong>IV\u00c1N DELGADO DEKANY, CAMPE\u00d3N DE ESPA\u00d1A<\/strong><\/span><\/p>\n<ul>\n<li>Como s\u00e9 que les sonar\u00e1 el apellido, les dir\u00e9 que, efectivamente, el bueno de <strong>Iv\u00e1n Delgado Dekany<\/strong>viene a ser el nieto del querido y respetado <strong>Jean Dekani Weber<\/strong> (popularmente <strong>Monsieur Dekany<\/strong>) gran profesor de franc\u00e9s y c\u00f3nsul honorario de Francia en Tenerife durante muchos y fruct\u00edferos a\u00f1os. El honorable<strong>Jean Dekany<\/strong> y su encantadora esposa, <strong>Mercedes Bruno<\/strong>, son los orgullosos (con raz\u00f3n) abuelos de los hermanos <strong>Iv\u00e1n<\/strong> y <strong>Tania Delgado Dekany<\/strong>, cuyos padres son <strong>Ricardo Delgado<\/strong> y <strong>Cristina Dekany Bruno<\/strong> y, al mismo tiempo sus principales pilares, fans y valedores, tanto en los estudios como en el deporte. Cabe rese\u00f1ar que <strong>Tania <\/strong>estuvo entre las 200 mejores jugadoras de tenis de Espa\u00f1a, pero prefiri\u00f3 seguir por los caminos del estudio, los idiomas, la empresa y las finanzas. Por su lado, su hermano <strong>Iv\u00e1n Delgado Dekany<\/strong>, con solo 16 a\u00f1os, es ya flamante Campe\u00f3n de Espa\u00f1a de Tenis Playa y su futuro acad\u00e9mico y deportivo se vislumbra apasionante. Tanto que su abuelo, nuestro querido <strong>Jean Dekany<\/strong>, con sus 85 a\u00f1os maravillosamente llevados, no quiso perderse el campeonato, se someti\u00f3 a todas las pruebas anti COVID habidas y por haber, y all\u00e1 se plant\u00f3 en Gran Canaria para ver jugar y ganar a su nieto. Genio y figura&#8230; \u00a1Enhorabuena (en este caso) al gran y honorable <strong>Jean Dekany<\/strong> y larga vida con salud, siempre junto a <strong>Mercedes<\/strong>!<\/li>\n<\/ul>\n<p style=\"text-align: center\"><a href=\"https:\/\/elcotarro.com\/wp-content\/uploads\/2021\/05\/FOTO-9.-IVAN-CON-JEAN-Y-CRISTINA.jpg\"><img loading=\"lazy\" decoding=\"async\" class=\"alignnone size-full wp-image-9781\" src=\"https:\/\/elcotarro.com\/wp-content\/uploads\/2021\/05\/FOTO-9.-IVAN-CON-JEAN-Y-CRISTINA.jpg\" alt=\"\" width=\"1148\" height=\"863\" srcset=\"https:\/\/elcotarro.com\/wp-content\/uploads\/2021\/05\/FOTO-9.-IVAN-CON-JEAN-Y-CRISTINA.jpg 1148w, https:\/\/elcotarro.com\/wp-content\/uploads\/2021\/05\/FOTO-9.-IVAN-CON-JEAN-Y-CRISTINA-300x226.jpg 300w, https:\/\/elcotarro.com\/wp-content\/uploads\/2021\/05\/FOTO-9.-IVAN-CON-JEAN-Y-CRISTINA-1024x770.jpg 1024w, https:\/\/elcotarro.com\/wp-content\/uploads\/2021\/05\/FOTO-9.-IVAN-CON-JEAN-Y-CRISTINA-768x577.jpg 768w\" sizes=\"auto, (max-width: 1148px) 100vw, 1148px\" \/><\/a><\/p>\n<p><em>\u00a0<\/em><\/p>\n<p style=\"text-align: center\"><em>Foto 9.- El honorable abuelo, Jean Dekany Weber (i), el campe\u00f3n de Espa\u00f1a de Tenis-Playa Sub-18, Iv\u00e1n Delgado Dekany (c), y su orgullosa madre, Cristina Dekany Bruno<\/em><\/p>\n<p>&nbsp;<\/p>\n<p style=\"text-align: center\"><em><a href=\"https:\/\/elcotarro.com\/wp-content\/uploads\/2021\/05\/FOTO-10.-TENIS-PLAYA-2.jpeg\"><img loading=\"lazy\" decoding=\"async\" class=\"alignnone size-full wp-image-9782\" src=\"https:\/\/elcotarro.com\/wp-content\/uploads\/2021\/05\/FOTO-10.-TENIS-PLAYA-2.jpeg\" alt=\"\" width=\"1599\" height=\"899\" srcset=\"https:\/\/elcotarro.com\/wp-content\/uploads\/2021\/05\/FOTO-10.-TENIS-PLAYA-2.jpeg 1599w, https:\/\/elcotarro.com\/wp-content\/uploads\/2021\/05\/FOTO-10.-TENIS-PLAYA-2-300x169.jpeg 300w, https:\/\/elcotarro.com\/wp-content\/uploads\/2021\/05\/FOTO-10.-TENIS-PLAYA-2-1024x576.jpeg 1024w, https:\/\/elcotarro.com\/wp-content\/uploads\/2021\/05\/FOTO-10.-TENIS-PLAYA-2-768x432.jpeg 768w, https:\/\/elcotarro.com\/wp-content\/uploads\/2021\/05\/FOTO-10.-TENIS-PLAYA-2-1536x864.jpeg 1536w\" sizes=\"auto, (max-width: 1599px) 100vw, 1599px\" \/><\/a>\u00a0<\/em><\/p>\n<p style=\"text-align: center\"><em>Foto 10.- Otra vista de los campeones, con Iv\u00e1n Delgado Dekany alzando la bandera de Tenerife.<\/em><\/p>\n<p><em>\u00a0<\/em><\/p>\n<p><strong>\u00a0* Jos\u00e9 Carlos MARRERO GONZ\u00c1LEZ<\/strong><\/p>\n<p>Periodista y analista de la actualidad.<br \/>\nDirector de <strong><em>El Cotarro<\/em><\/strong> (<a href=\"https:\/\/elcotarro.com\">www.elcotarro.com<\/a>)<br \/>\nDirector de <strong><em>Canarias en Positivo<\/em><\/strong> (<a href=\"http:\/\/www.canariasenpositivo.com\">www.canariasenpositivo.com<\/a>)<br \/>\nDirector de <strong><em>GastroCanarias<\/em><\/strong> (<a href=\"http:\/\/www.gastrocanarias.com\">www.gastrocanarias.com<\/a>)<\/p>\n<p style=\"text-align: center\"><a href=\"http:\/\/www.careca.es\/\" target=\"_blank\" rel=\"noopener noreferrer\"><img loading=\"lazy\" decoding=\"async\" class=\"size-full wp-image-2216 aligncenter\" src=\"https:\/\/elcotarro.com\/wp-content\/uploads\/2016\/07\/InsulacafeElCotarro.jpg\" alt=\"Bnn_Careca\" width=\"750\" height=\"150\" \/><\/a><\/p>\n","protected":false},"excerpt":{"rendered":"<p>DESEO, ESPERO Y REZO PARA QUE TERMINE BIEN No puedo y no quiero comenzar El Cotarro de hoy sin recordar el inmenso sufrimiento que est\u00e1 soportando toda la familia de un gran amigo y respetado empresario tinerfe\u00f1o del sector platanero, que tambi\u00e9n ha sido y es una de las glorias vivas del automovilismo tinerfe\u00f1o. No &#8230; <a class=\"read-more\" href=\"https:\/\/elcotarro.com\/?p=9772\">Read more<\/a><\/p>\n","protected":false},"author":2,"featured_media":0,"comment_status":"open","ping_status":"open","sticky":false,"template":"","format":"standard","meta":{"_jetpack_memberships_contains_paid_content":false,"footnotes":""},"categories":[1],"tags":[],"class_list":["post-9772","post","type-post","status-publish","format-standard","hentry","category-sin-categoria"],"yoast_head":"<!-- This site is optimized with the Yoast SEO plugin v27.0 - https:\/\/yoast.com\/product\/yoast-seo-wordpress\/ -->\n<title>&quot;EL COTARRO&quot; DIGITAL N\u00ba347 DEL 2 DE MAYO DE 2021 - El Cotarro<\/title>\n<meta name=\"robots\" content=\"index, follow, max-snippet:-1, max-image-preview:large, max-video-preview:-1\" \/>\n<link rel=\"canonical\" href=\"https:\/\/elcotarro.com\/?p=9772\" \/>\n<meta property=\"og:locale\" content=\"es_ES\" \/>\n<meta property=\"og:type\" content=\"article\" \/>\n<meta property=\"og:title\" content=\"&quot;EL COTARRO&quot; DIGITAL N\u00ba347 DEL 2 DE MAYO DE 2021 - El Cotarro\" \/>\n<meta property=\"og:description\" content=\"DESEO, ESPERO Y REZO PARA QUE TERMINE BIEN No puedo y no quiero comenzar El Cotarro de hoy sin recordar el inmenso sufrimiento que est\u00e1 soportando toda la familia de un gran amigo y respetado empresario tinerfe\u00f1o del sector platanero, que tambi\u00e9n ha sido y es una de las glorias vivas del automovilismo tinerfe\u00f1o. No ... Read more\" \/>\n<meta property=\"og:url\" content=\"https:\/\/elcotarro.com\/?p=9772\" \/>\n<meta property=\"og:site_name\" content=\"El Cotarro\" \/>\n<meta property=\"article:publisher\" content=\"https:\/\/www.facebook.com\/ElCotarro.Tenerife\" \/>\n<meta property=\"article:published_time\" content=\"2021-05-02T06:00:59+00:00\" \/>\n<meta property=\"og:image\" content=\"https:\/\/elcotarro.com\/wp-content\/uploads\/2021\/05\/FOTO-1.-CRISTO-DE-LA-LAGUNA.jpg\" \/>\n<meta name=\"author\" content=\"Jos\u00e9 Carlos Marrero Gonz\u00e1lez\" \/>\n<meta name=\"twitter:label1\" content=\"Escrito por\" \/>\n\t<meta name=\"twitter:data1\" content=\"Jos\u00e9 Carlos Marrero Gonz\u00e1lez\" \/>\n\t<meta name=\"twitter:label2\" content=\"Tiempo de lectura\" \/>\n\t<meta name=\"twitter:data2\" content=\"10 minutos\" \/>\n<script type=\"application\/ld+json\" class=\"yoast-schema-graph\">{\"@context\":\"https:\/\/schema.org\",\"@graph\":[{\"@type\":\"Article\",\"@id\":\"https:\/\/elcotarro.com\/?p=9772#article\",\"isPartOf\":{\"@id\":\"https:\/\/elcotarro.com\/?p=9772\"},\"author\":{\"name\":\"Jos\u00e9 Carlos Marrero Gonz\u00e1lez\",\"@id\":\"https:\/\/elcotarro.com\/#\/schema\/person\/af537ee7d60d15984c7e0affcd8a918b\"},\"headline\":\"\u00abEL COTARRO\u00bb DIGITAL N\u00ba347 DEL 2 DE MAYO DE 2021\",\"datePublished\":\"2021-05-02T06:00:59+00:00\",\"mainEntityOfPage\":{\"@id\":\"https:\/\/elcotarro.com\/?p=9772\"},\"wordCount\":2007,\"commentCount\":0,\"publisher\":{\"@id\":\"https:\/\/elcotarro.com\/#organization\"},\"image\":{\"@id\":\"https:\/\/elcotarro.com\/?p=9772#primaryimage\"},\"thumbnailUrl\":\"https:\/\/elcotarro.com\/wp-content\/uploads\/2021\/05\/FOTO-1.-CRISTO-DE-LA-LAGUNA.jpg\",\"inLanguage\":\"es\",\"potentialAction\":[{\"@type\":\"CommentAction\",\"name\":\"Comment\",\"target\":[\"https:\/\/elcotarro.com\/?p=9772#respond\"]}]},{\"@type\":\"WebPage\",\"@id\":\"https:\/\/elcotarro.com\/?p=9772\",\"url\":\"https:\/\/elcotarro.com\/?p=9772\",\"name\":\"\\\"EL COTARRO\\\" DIGITAL N\u00ba347 DEL 2 DE MAYO DE 2021 - El Cotarro\",\"isPartOf\":{\"@id\":\"https:\/\/elcotarro.com\/#website\"},\"primaryImageOfPage\":{\"@id\":\"https:\/\/elcotarro.com\/?p=9772#primaryimage\"},\"image\":{\"@id\":\"https:\/\/elcotarro.com\/?p=9772#primaryimage\"},\"thumbnailUrl\":\"https:\/\/elcotarro.com\/wp-content\/uploads\/2021\/05\/FOTO-1.-CRISTO-DE-LA-LAGUNA.jpg\",\"datePublished\":\"2021-05-02T06:00:59+00:00\",\"breadcrumb\":{\"@id\":\"https:\/\/elcotarro.com\/?p=9772#breadcrumb\"},\"inLanguage\":\"es\",\"potentialAction\":[{\"@type\":\"ReadAction\",\"target\":[\"https:\/\/elcotarro.com\/?p=9772\"]}]},{\"@type\":\"ImageObject\",\"inLanguage\":\"es\",\"@id\":\"https:\/\/elcotarro.com\/?p=9772#primaryimage\",\"url\":\"https:\/\/elcotarro.com\/wp-content\/uploads\/2021\/05\/FOTO-1.-CRISTO-DE-LA-LAGUNA.jpg\",\"contentUrl\":\"https:\/\/elcotarro.com\/wp-content\/uploads\/2021\/05\/FOTO-1.-CRISTO-DE-LA-LAGUNA.jpg\",\"width\":1024,\"height\":576},{\"@type\":\"BreadcrumbList\",\"@id\":\"https:\/\/elcotarro.com\/?p=9772#breadcrumb\",\"itemListElement\":[{\"@type\":\"ListItem\",\"position\":1,\"name\":\"Portada\",\"item\":\"https:\/\/elcotarro.com\/\"},{\"@type\":\"ListItem\",\"position\":2,\"name\":\"\u00abEL COTARRO\u00bb DIGITAL N\u00ba347 DEL 2 DE MAYO DE 2021\"}]},{\"@type\":\"WebSite\",\"@id\":\"https:\/\/elcotarro.com\/#website\",\"url\":\"https:\/\/elcotarro.com\/\",\"name\":\"El Cotarro\",\"description\":\"Peri\u00f3dico Digital Independiente dirigido por Jos\u00e9 Carlos Marrero\",\"publisher\":{\"@id\":\"https:\/\/elcotarro.com\/#organization\"},\"potentialAction\":[{\"@type\":\"SearchAction\",\"target\":{\"@type\":\"EntryPoint\",\"urlTemplate\":\"https:\/\/elcotarro.com\/?s={search_term_string}\"},\"query-input\":{\"@type\":\"PropertyValueSpecification\",\"valueRequired\":true,\"valueName\":\"search_term_string\"}}],\"inLanguage\":\"es\"},{\"@type\":\"Organization\",\"@id\":\"https:\/\/elcotarro.com\/#organization\",\"name\":\"El Cotarro\",\"url\":\"https:\/\/elcotarro.com\/\",\"logo\":{\"@type\":\"ImageObject\",\"inLanguage\":\"es\",\"@id\":\"https:\/\/elcotarro.com\/#\/schema\/logo\/image\/\",\"url\":\"https:\/\/elcotarro.com\/wp-content\/uploads\/2014\/09\/Cabecera_El_Cotarro_v2.jpg\",\"contentUrl\":\"https:\/\/elcotarro.com\/wp-content\/uploads\/2014\/09\/Cabecera_El_Cotarro_v2.jpg\",\"width\":3540,\"height\":441,\"caption\":\"El Cotarro\"},\"image\":{\"@id\":\"https:\/\/elcotarro.com\/#\/schema\/logo\/image\/\"},\"sameAs\":[\"https:\/\/www.facebook.com\/ElCotarro.Tenerife\"]},{\"@type\":\"Person\",\"@id\":\"https:\/\/elcotarro.com\/#\/schema\/person\/af537ee7d60d15984c7e0affcd8a918b\",\"name\":\"Jos\u00e9 Carlos Marrero Gonz\u00e1lez\",\"image\":{\"@type\":\"ImageObject\",\"inLanguage\":\"es\",\"@id\":\"https:\/\/elcotarro.com\/#\/schema\/person\/image\/\",\"url\":\"https:\/\/secure.gravatar.com\/avatar\/def4da036efb5d32c74d49c351f6dccc064dd69ad9f3aadc295c5a9a5391ca01?s=96&d=mm&r=g\",\"contentUrl\":\"https:\/\/secure.gravatar.com\/avatar\/def4da036efb5d32c74d49c351f6dccc064dd69ad9f3aadc295c5a9a5391ca01?s=96&d=mm&r=g\",\"caption\":\"Jos\u00e9 Carlos Marrero Gonz\u00e1lez\"},\"sameAs\":[\"https:\/\/elcotarro.com\"],\"url\":\"https:\/\/elcotarro.com\/?author=2\"}]}<\/script>\n<!-- \/ Yoast SEO plugin. -->","yoast_head_json":{"title":"\"EL COTARRO\" DIGITAL N\u00ba347 DEL 2 DE MAYO DE 2021 - El Cotarro","robots":{"index":"index","follow":"follow","max-snippet":"max-snippet:-1","max-image-preview":"max-image-preview:large","max-video-preview":"max-video-preview:-1"},"canonical":"https:\/\/elcotarro.com\/?p=9772","og_locale":"es_ES","og_type":"article","og_title":"\"EL COTARRO\" DIGITAL N\u00ba347 DEL 2 DE MAYO DE 2021 - El Cotarro","og_description":"DESEO, ESPERO Y REZO PARA QUE TERMINE BIEN No puedo y no quiero comenzar El Cotarro de hoy sin recordar el inmenso sufrimiento que est\u00e1 soportando toda la familia de un gran amigo y respetado empresario tinerfe\u00f1o del sector platanero, que tambi\u00e9n ha sido y es una de las glorias vivas del automovilismo tinerfe\u00f1o. No ... Read more","og_url":"https:\/\/elcotarro.com\/?p=9772","og_site_name":"El Cotarro","article_publisher":"https:\/\/www.facebook.com\/ElCotarro.Tenerife","article_published_time":"2021-05-02T06:00:59+00:00","og_image":[{"url":"https:\/\/elcotarro.com\/wp-content\/uploads\/2021\/05\/FOTO-1.-CRISTO-DE-LA-LAGUNA.jpg","type":"","width":"","height":""}],"author":"Jos\u00e9 Carlos Marrero Gonz\u00e1lez","twitter_misc":{"Escrito por":"Jos\u00e9 Carlos Marrero Gonz\u00e1lez","Tiempo de lectura":"10 minutos"},"schema":{"@context":"https:\/\/schema.org","@graph":[{"@type":"Article","@id":"https:\/\/elcotarro.com\/?p=9772#article","isPartOf":{"@id":"https:\/\/elcotarro.com\/?p=9772"},"author":{"name":"Jos\u00e9 Carlos Marrero Gonz\u00e1lez","@id":"https:\/\/elcotarro.com\/#\/schema\/person\/af537ee7d60d15984c7e0affcd8a918b"},"headline":"\u00abEL COTARRO\u00bb DIGITAL N\u00ba347 DEL 2 DE MAYO DE 2021","datePublished":"2021-05-02T06:00:59+00:00","mainEntityOfPage":{"@id":"https:\/\/elcotarro.com\/?p=9772"},"wordCount":2007,"commentCount":0,"publisher":{"@id":"https:\/\/elcotarro.com\/#organization"},"image":{"@id":"https:\/\/elcotarro.com\/?p=9772#primaryimage"},"thumbnailUrl":"https:\/\/elcotarro.com\/wp-content\/uploads\/2021\/05\/FOTO-1.-CRISTO-DE-LA-LAGUNA.jpg","inLanguage":"es","potentialAction":[{"@type":"CommentAction","name":"Comment","target":["https:\/\/elcotarro.com\/?p=9772#respond"]}]},{"@type":"WebPage","@id":"https:\/\/elcotarro.com\/?p=9772","url":"https:\/\/elcotarro.com\/?p=9772","name":"\"EL COTARRO\" DIGITAL N\u00ba347 DEL 2 DE MAYO DE 2021 - El Cotarro","isPartOf":{"@id":"https:\/\/elcotarro.com\/#website"},"primaryImageOfPage":{"@id":"https:\/\/elcotarro.com\/?p=9772#primaryimage"},"image":{"@id":"https:\/\/elcotarro.com\/?p=9772#primaryimage"},"thumbnailUrl":"https:\/\/elcotarro.com\/wp-content\/uploads\/2021\/05\/FOTO-1.-CRISTO-DE-LA-LAGUNA.jpg","datePublished":"2021-05-02T06:00:59+00:00","breadcrumb":{"@id":"https:\/\/elcotarro.com\/?p=9772#breadcrumb"},"inLanguage":"es","potentialAction":[{"@type":"ReadAction","target":["https:\/\/elcotarro.com\/?p=9772"]}]},{"@type":"ImageObject","inLanguage":"es","@id":"https:\/\/elcotarro.com\/?p=9772#primaryimage","url":"https:\/\/elcotarro.com\/wp-content\/uploads\/2021\/05\/FOTO-1.-CRISTO-DE-LA-LAGUNA.jpg","contentUrl":"https:\/\/elcotarro.com\/wp-content\/uploads\/2021\/05\/FOTO-1.-CRISTO-DE-LA-LAGUNA.jpg","width":1024,"height":576},{"@type":"BreadcrumbList","@id":"https:\/\/elcotarro.com\/?p=9772#breadcrumb","itemListElement":[{"@type":"ListItem","position":1,"name":"Portada","item":"https:\/\/elcotarro.com\/"},{"@type":"ListItem","position":2,"name":"\u00abEL COTARRO\u00bb DIGITAL N\u00ba347 DEL 2 DE MAYO DE 2021"}]},{"@type":"WebSite","@id":"https:\/\/elcotarro.com\/#website","url":"https:\/\/elcotarro.com\/","name":"El Cotarro","description":"Peri\u00f3dico Digital Independiente dirigido por Jos\u00e9 Carlos Marrero","publisher":{"@id":"https:\/\/elcotarro.com\/#organization"},"potentialAction":[{"@type":"SearchAction","target":{"@type":"EntryPoint","urlTemplate":"https:\/\/elcotarro.com\/?s={search_term_string}"},"query-input":{"@type":"PropertyValueSpecification","valueRequired":true,"valueName":"search_term_string"}}],"inLanguage":"es"},{"@type":"Organization","@id":"https:\/\/elcotarro.com\/#organization","name":"El Cotarro","url":"https:\/\/elcotarro.com\/","logo":{"@type":"ImageObject","inLanguage":"es","@id":"https:\/\/elcotarro.com\/#\/schema\/logo\/image\/","url":"https:\/\/elcotarro.com\/wp-content\/uploads\/2014\/09\/Cabecera_El_Cotarro_v2.jpg","contentUrl":"https:\/\/elcotarro.com\/wp-content\/uploads\/2014\/09\/Cabecera_El_Cotarro_v2.jpg","width":3540,"height":441,"caption":"El Cotarro"},"image":{"@id":"https:\/\/elcotarro.com\/#\/schema\/logo\/image\/"},"sameAs":["https:\/\/www.facebook.com\/ElCotarro.Tenerife"]},{"@type":"Person","@id":"https:\/\/elcotarro.com\/#\/schema\/person\/af537ee7d60d15984c7e0affcd8a918b","name":"Jos\u00e9 Carlos Marrero Gonz\u00e1lez","image":{"@type":"ImageObject","inLanguage":"es","@id":"https:\/\/elcotarro.com\/#\/schema\/person\/image\/","url":"https:\/\/secure.gravatar.com\/avatar\/def4da036efb5d32c74d49c351f6dccc064dd69ad9f3aadc295c5a9a5391ca01?s=96&d=mm&r=g","contentUrl":"https:\/\/secure.gravatar.com\/avatar\/def4da036efb5d32c74d49c351f6dccc064dd69ad9f3aadc295c5a9a5391ca01?s=96&d=mm&r=g","caption":"Jos\u00e9 Carlos Marrero Gonz\u00e1lez"},"sameAs":["https:\/\/elcotarro.com"],"url":"https:\/\/elcotarro.com\/?author=2"}]}},"jetpack_featured_media_url":"","jetpack_sharing_enabled":true,"_links":{"self":[{"href":"https:\/\/elcotarro.com\/index.php?rest_route=\/wp\/v2\/posts\/9772","targetHints":{"allow":["GET"]}}],"collection":[{"href":"https:\/\/elcotarro.com\/index.php?rest_route=\/wp\/v2\/posts"}],"about":[{"href":"https:\/\/elcotarro.com\/index.php?rest_route=\/wp\/v2\/types\/post"}],"author":[{"embeddable":true,"href":"https:\/\/elcotarro.com\/index.php?rest_route=\/wp\/v2\/users\/2"}],"replies":[{"embeddable":true,"href":"https:\/\/elcotarro.com\/index.php?rest_route=%2Fwp%2Fv2%2Fcomments&post=9772"}],"version-history":[{"count":2,"href":"https:\/\/elcotarro.com\/index.php?rest_route=\/wp\/v2\/posts\/9772\/revisions"}],"predecessor-version":[{"id":9795,"href":"https:\/\/elcotarro.com\/index.php?rest_route=\/wp\/v2\/posts\/9772\/revisions\/9795"}],"wp:attachment":[{"href":"https:\/\/elcotarro.com\/index.php?rest_route=%2Fwp%2Fv2%2Fmedia&parent=9772"}],"wp:term":[{"taxonomy":"category","embeddable":true,"href":"https:\/\/elcotarro.com\/index.php?rest_route=%2Fwp%2Fv2%2Fcategories&post=9772"},{"taxonomy":"post_tag","embeddable":true,"href":"https:\/\/elcotarro.com\/index.php?rest_route=%2Fwp%2Fv2%2Ftags&post=9772"}],"curies":[{"name":"wp","href":"https:\/\/api.w.org\/{rel}","templated":true}]}}