{"id":9823,"date":"2021-05-23T07:00:44","date_gmt":"2021-05-23T06:00:44","guid":{"rendered":"https:\/\/elcotarro.com\/?p=9823"},"modified":"2021-05-22T12:24:39","modified_gmt":"2021-05-22T11:24:39","slug":"el-cotarro-digital-no350-del-23-de-mayo-de-2021","status":"publish","type":"post","link":"https:\/\/elcotarro.com\/?p=9823","title":{"rendered":"\u00abEL COTARRO\u00bb DIGITAL N\u00ba350 DEL 23 DE MAYO DE 2021"},"content":{"rendered":"<p><span style=\"color: #0000ff\"><strong>LAS 2050 \u201cTOMADURAS DE PELO\u201d CON EL FUTURO<\/strong><\/span><\/p>\n<ul>\n<li>Me veo obligado a comenzar <strong><em>El Cotarro<\/em><\/strong> de hoy con esta reflexi\u00f3n y me consta que muchos socialistas canarios est\u00e1n pensando lo mismo que yo; que, de igual forma, a otros muchos les va a fastidiar que exprese lo que, sinceramente, hoy siento; y algunos otros, seguramente, no me lo perdonar\u00e1n. Pero, desde mi libertad, creo que debo decir y digo que, el hecho de que el presidente <strong>Pedro S\u00e1nchez<\/strong> plantee el avance y predise\u00f1o de lo que ser\u00e1 la Espa\u00f1a del a\u00f1o 2050, justo en estos momentos, me parece una cosa fuera de lugar y hasta, si me apuran, una tomadura de pelo, solo viendo a la velocidad que hoy por hoy cambian las cosas, los escenarios, el mundo\u2026 Y mucho m\u00e1s si eso lo vemos desde Canarias, cuando nuestro presidente, <strong>\u00c1ngel V\u00edctor Torres <\/strong>se desloma luchando para que, precisamente usted, <strong>Pedro S\u00e1nchez,<\/strong> y sus ministros (incluida <strong>Carolina Darias<\/strong>, nuestra paisana canaria) se interesen y ocupen (de verdad) de las espec\u00edficas necesidades de nuestra comunidad aut\u00f3noma, sobre todo las referentes a las problem\u00e1ticas de la inmigraci\u00f3n irregular, la conectividad para el Turismo y la defensa del sector platanero, por querer entrar en el repel\u00fas que da el ver la situaci\u00f3n en Ceuta y Melilla, y luego mirar a nuestra tierra y nuestra realidad. Como dice el otro\u2026 ah\u00ed lo dejo.<\/li>\n<\/ul>\n<p><a href=\"https:\/\/elcotarro.com\/wp-content\/uploads\/2021\/05\/FOTO-1.-CAROLINA-Y-PEDRO.jpg\"><img loading=\"lazy\" decoding=\"async\" class=\"size-full wp-image-9824 aligncenter\" src=\"https:\/\/elcotarro.com\/wp-content\/uploads\/2021\/05\/FOTO-1.-CAROLINA-Y-PEDRO.jpg\" alt=\"\" width=\"1200\" height=\"900\" srcset=\"https:\/\/elcotarro.com\/wp-content\/uploads\/2021\/05\/FOTO-1.-CAROLINA-Y-PEDRO.jpg 1200w, https:\/\/elcotarro.com\/wp-content\/uploads\/2021\/05\/FOTO-1.-CAROLINA-Y-PEDRO-300x225.jpg 300w, https:\/\/elcotarro.com\/wp-content\/uploads\/2021\/05\/FOTO-1.-CAROLINA-Y-PEDRO-1024x768.jpg 1024w, https:\/\/elcotarro.com\/wp-content\/uploads\/2021\/05\/FOTO-1.-CAROLINA-Y-PEDRO-768x576.jpg 768w\" sizes=\"auto, (max-width: 1200px) 100vw, 1200px\" \/><\/a><\/p>\n<p style=\"text-align: center\"><em>Foto 1.- Pedro S\u00e1nchez y Carolina Darias se miran. Faltar\u00eda que miraran m\u00e1s a Canarias y atendieran a lo que en justicia les plantea el presidente \u00c1ngel V\u00edctor Torres.<\/em><\/p>\n<p>&nbsp;<\/p>\n<p><span style=\"color: #0000ff\"><strong>BENDITA SOBERAN\u00cdA\u2026 BIEN ENTENDIDA, CLARO.<\/strong><\/span><\/p>\n<ul>\n<li>En estos d\u00edas, esa bendita soberan\u00eda, que tambi\u00e9n deseamos para Canarias dentro de Espa\u00f1a y en el marco de la Constituci\u00f3n Espa\u00f1ola (al menos yo, claro) ha estado en mi pensamiento, y creo que en el de muchas personas, canarios y canarias que, sinti\u00e9ndonos canarios, tambi\u00e9n nos sentimos espa\u00f1oles. Como siempre dec\u00eda mi querido y permanentemente recordado amigo <strong>Ignacio Pintado Mascare\u00f1o<\/strong>: <em>\u201cYo soy m\u00e1s canario que el padre Teide y a m\u00ed, a canario nadie me gana\u2026 pero que no me toquen la cabra de la Legi\u00f3n\u201d<\/em> \u2026 Hoy la mente y el cuerpo me pide poner en mi casa y que se pongan en todas las casas canarias, una bandera canaria junto a una espa\u00f1ola. O viceversa. Y dejar todos muy claro, aunque sea simb\u00f3licamente, que somos lo que somos y que queremos seguir si\u00e9ndolo. Podr\u00edamos hablar m\u00e1s de soberan\u00eda, pero, un domingo m\u00e1s, prefiero aconsejarles que lean el gran art\u00edculo que ayer, en la plataforma Canarias en Positivo, escribi\u00f3 el compa\u00f1ero y amigo periodista <strong>Pepe Moreno<\/strong>, bajo el sugerente t\u00edtulo \u00bfSabemos lo que es la soberan\u00eda?&#8230; No se lo pierdan. Lo pueden encontrar y leer en este enlace: <a href=\"https:\/\/canariasenpositivo.com\/el-monologo-no059-sabemos-lo-que-es-soberania\/\">https:\/\/canariasenpositivo.com\/el-monologo-no059-sabemos-lo-que-es-soberania\/<\/a><\/li>\n<\/ul>\n<p style=\"text-align: center\"><a href=\"https:\/\/elcotarro.com\/wp-content\/uploads\/2021\/05\/FOTO-2.-PEPE-MORENO.jpg\"><img loading=\"lazy\" decoding=\"async\" class=\"alignnone size-full wp-image-9825\" src=\"https:\/\/elcotarro.com\/wp-content\/uploads\/2021\/05\/FOTO-2.-PEPE-MORENO.jpg\" alt=\"\" width=\"349\" height=\"272\" srcset=\"https:\/\/elcotarro.com\/wp-content\/uploads\/2021\/05\/FOTO-2.-PEPE-MORENO.jpg 349w, https:\/\/elcotarro.com\/wp-content\/uploads\/2021\/05\/FOTO-2.-PEPE-MORENO-300x234.jpg 300w\" sizes=\"auto, (max-width: 349px) 100vw, 349px\" \/><\/a><\/p>\n<p style=\"text-align: center\"><em>Foto 2.- El periodista y amigo, Jos\u00e9 Moreno Garc\u00eda, autor cada s\u00e1bado de \u201cEl Mon\u00f3logo\u201d en la plataforma Canarias en Positivo (<\/em><a href=\"http:\/\/www.canariasenpositivo.com\"><em>www.canariasenpositivo.com<\/em><\/a><em>)<\/em><\/p>\n<p>&nbsp;<\/p>\n<p><span style=\"color: #0000ff\"><strong>CONFIANZA EN NUESTRAS FUERZAS ARMADAS<\/strong><\/span><\/p>\n<ul>\n<li>De todos modos y, en cualquier caso, expreso aqu\u00ed mi total convencimiento de que toda la ciudadan\u00eda canaria, cuya inmensa mayor\u00eda se siente espa\u00f1ola, tiene permanente y absoluta confianza en la profesional labor que nuestras Fuerzas Armadas est\u00e1n desarrollando desde nuestras Islas Canarias en defensa de nuestra soberan\u00eda espa\u00f1ola. Como orgulloso embajador de Marca Ej\u00e9rcito que soy, me siento tranquilo al saber que la Inteligencia de nuestras Fuerzas Armadas, est\u00e1 al tanto de cada movimiento que se produce en el escenario nacional e internacional, con especial atenci\u00f3n a lo que sucede y se mueve en el Magreb y en El Sahel, as\u00ed como en casi todos los territorios del vecino continente africado. La jefatura del Mando de Canarias, con el teniente general <strong>Carlos Palacios Zaforteza<\/strong> al frente, junto con su jefe de Estado Mayor, el general <strong>Fernando Mat\u00e9<\/strong>, est\u00e1 desarrollando una ejemplar labor de informaci\u00f3n, disuasi\u00f3n y defensa activa, con permanente formaci\u00f3n, actualizaci\u00f3n de equipos y continuos entrenamientos de tipo por parte de sus profesionales. Eso tranquiliza y mucho.<\/li>\n<\/ul>\n<p style=\"text-align: center\"><a href=\"https:\/\/elcotarro.com\/wp-content\/uploads\/2021\/05\/FOTO-3.-CAPITAN-GENERAL.jpg\"><img loading=\"lazy\" decoding=\"async\" class=\"alignnone size-full wp-image-9826\" src=\"https:\/\/elcotarro.com\/wp-content\/uploads\/2021\/05\/FOTO-3.-CAPITAN-GENERAL.jpg\" alt=\"\" width=\"825\" height=\"515\" srcset=\"https:\/\/elcotarro.com\/wp-content\/uploads\/2021\/05\/FOTO-3.-CAPITAN-GENERAL.jpg 825w, https:\/\/elcotarro.com\/wp-content\/uploads\/2021\/05\/FOTO-3.-CAPITAN-GENERAL-300x187.jpg 300w, https:\/\/elcotarro.com\/wp-content\/uploads\/2021\/05\/FOTO-3.-CAPITAN-GENERAL-768x479.jpg 768w\" sizes=\"auto, (max-width: 825px) 100vw, 825px\" \/><\/a><\/p>\n<p style=\"text-align: center\"><em>Foto 3.- Teniente general Carlos Palacios Zaforteza, Jefe del Mando de Canarias.<\/em><\/p>\n<p>&nbsp;<\/p>\n<p><span style=\"color: #0000ff\"><strong>M\u00c1S INFORMACI\u00d3N SOBRE LO DEL \u201cTRES EN RAYA\u201d<\/strong><\/span><\/p>\n<ul>\n<li>Y, dicho lo anterior, sigo con la explicaci\u00f3n que les promet\u00ed la pasada semana, respecto de la operaci\u00f3n \u201ctres en raya\u201d, pensando en las elecciones locales del a\u00f1o 2023. Como les dije, el actual alcalde de la capital tinerfe\u00f1a est\u00e1 movi\u00e9ndose y actuando en \u201cclave insular\u201d con la idea de ser el cabeza de lista de la candidatura de Coalici\u00f3n Canaria al Cabildo de Tenerife y el objetivo de arrebatarle la presidencia al socialista <strong>Pedro Mart\u00edn<\/strong>. Est\u00e1 en su derecho <strong>Jos\u00e9 Manuel Berm\u00fadez<\/strong>, se lo est\u00e1 trabajando y muchos le ven encabezando dicha candidatura. En ese caso, habr\u00eda que buscar a otra persona que encabece la lista de CC al ayuntamiento de Santa Cruz, que dejar\u00eda vacante <strong>Berm\u00fadez<\/strong>. Para cubrir esa vacante, suena el nombre de una mujer, <strong>Rosa D\u00e1vila Mamely<\/strong> (ex consejera del Gobierno y actualmente diputada en el Parlamento de Canarias) y el nombre de un hombre, <strong>Alfonso Cabello Mesa<\/strong> (actual concejal del \u00e1rea de Presidencia, presidente del Organismo Aut\u00f3nomo de Fiestas y puntal de la Sociedad de Desarrollo, entre otras cosas). Y vamos ahora con lo del \u201ctres en raya\u201d y el dilema que supone.<\/li>\n<\/ul>\n<p style=\"text-align: center\"><a href=\"https:\/\/elcotarro.com\/wp-content\/uploads\/2021\/05\/FOTO-4.-BERMUDEZ-Y-MARTIN.jpeg\"><img loading=\"lazy\" decoding=\"async\" class=\"alignnone size-full wp-image-9827\" src=\"https:\/\/elcotarro.com\/wp-content\/uploads\/2021\/05\/FOTO-4.-BERMUDEZ-Y-MARTIN.jpeg\" alt=\"\" width=\"656\" height=\"370\" srcset=\"https:\/\/elcotarro.com\/wp-content\/uploads\/2021\/05\/FOTO-4.-BERMUDEZ-Y-MARTIN.jpeg 656w, https:\/\/elcotarro.com\/wp-content\/uploads\/2021\/05\/FOTO-4.-BERMUDEZ-Y-MARTIN-300x169.jpeg 300w\" sizes=\"auto, (max-width: 656px) 100vw, 656px\" \/><\/a><\/p>\n<p style=\"text-align: center\"><em>Foto 4.- Jos\u00e9 Manuel Berm\u00fadez (i) conversa con Pedro Mart\u00edn en el Cabildo.<\/em><\/p>\n<p><strong>\u00a0<\/strong><\/p>\n<p><span style=\"color: #0000ff\"><strong>D\u00c1VILA MAMELY, CABELLO MESA, D\u00cdAZ DOM\u00cdNGUEZ<\/strong><\/span><\/p>\n<ul>\n<li>Dicen que, para ganar la presidencia del Cabildo de Tenerife, es obligatorio que, adem\u00e1s de ganar en dicha corporaci\u00f3n, el mismo partido debe ganar la alcald\u00eda de Santa Cruz de Tenerife y de La Laguna. No s\u00e9 si esa regla es matem\u00e1ticamente cierta, o no. El a\u00f1o 1987 era presidente del Cabildo <strong>Jos\u00e9 Segura Clavell<\/strong> (PSOE) y en la alcald\u00eda de Santa Cruz \u201creinaba\u201d <strong>Manuel Hermoso<\/strong> (ATI) mientras que en la de La Laguna \u201ccantaba\u201d <strong>Elfidio Alonso<\/strong> (ATI). A\u00fan no hab\u00eda nacido CC como tal. Vamos con el tres en raya a base de preguntas: \u00bfSi <strong>Jos\u00e9 Berm\u00fadez<\/strong> encabezara la lista de CC al Cabildo, ser\u00eda la lista m\u00e1s votada?&#8230; En ese caso, \u00bfQui\u00e9n sacar\u00eda m\u00e1s votos para CC encabezando la lista de cara a la alcald\u00eda de Santa Cruz, <strong>Rosa D\u00e1vila<\/strong> o <strong>Alfonso Cabello<\/strong>?&#8230; Y en La Laguna, \u00bfse ver\u00eda obligada CC a volver a pedir que repitiera <strong>Jos\u00e9 Alberto D\u00edaz<\/strong> para ganar en votos?&#8230; \u00bfPiensa alguno en CC que solo <strong>Berm\u00fadez<\/strong> garantizar\u00eda otra vez la victoria en Santa Cruz?&#8230; Si eso fuera as\u00ed, \u00bfPondr\u00edan a <strong>Rosa D\u00e1vila<\/strong> encabezar la lista al Cabildo, para lograr su presidencia gracias, no solo al ganar su lista, sino porque ganara <strong>Berm\u00fadez<\/strong> en Santa Cruz y <strong>Jos\u00e9 Alberto<\/strong> en La Laguna?&#8230; Y, encabezando cada uno su respectiva lista electoral\u2026 \u00bfGanar\u00eda <strong>Berm\u00fadez<\/strong> la presidencia al Cabildo; <strong>Alfonso Cabello<\/strong> la alcald\u00eda de Santa Cruz; <strong>Jos\u00e9 Alberto D\u00edaz<\/strong> la de La Laguna\u2026 y dejar\u00edan para <strong>Rosa D\u00e1vila<\/strong> ganar encabezando la lista de Tenerife al Parlamento de Canarias, cuando lleguen las regionales?. La pr\u00f3xima semana pasamos al juego de La Oca\u2026 y la siguiente al Envite.<\/li>\n<\/ul>\n<p style=\"text-align: center\"><a href=\"https:\/\/elcotarro.com\/wp-content\/uploads\/2021\/05\/FOTO-5.-JOSE-ALBERTO-Y-BERMUDEZ.jpg\"><img loading=\"lazy\" decoding=\"async\" class=\"alignnone size-full wp-image-9828\" src=\"https:\/\/elcotarro.com\/wp-content\/uploads\/2021\/05\/FOTO-5.-JOSE-ALBERTO-Y-BERMUDEZ.jpg\" alt=\"\" width=\"720\" height=\"467\" srcset=\"https:\/\/elcotarro.com\/wp-content\/uploads\/2021\/05\/FOTO-5.-JOSE-ALBERTO-Y-BERMUDEZ.jpg 720w, https:\/\/elcotarro.com\/wp-content\/uploads\/2021\/05\/FOTO-5.-JOSE-ALBERTO-Y-BERMUDEZ-300x195.jpg 300w\" sizes=\"auto, (max-width: 720px) 100vw, 720px\" \/><\/a><\/p>\n<p style=\"text-align: center\"><em>Foto 5.- Jos\u00e9 Manuel Berm\u00fadez (delante) y Jos\u00e9 Alberto D\u00edaz, trabajando y pintando juntos en 2016. Ahora falta ver qu\u00e9 pintar\u00e1n cada uno en el pr\u00f3ximo futuro y en d\u00f3nde.<\/em><\/p>\n<p>&nbsp;<\/p>\n<p><span style=\"color: #0000ff\"><strong>\u201cSIN COBERTURA\u201d, PIONERA EN CRIPTOMONEDAS<\/strong><\/span><\/p>\n<ul>\n<li>Cambio de tercio anunci\u00e1ndoles y felicitando a sus protagonistas por ello, que, en el casi desconocido pero cada vez m\u00e1s implantado mundo de las criptomonedas, una empresa tinerfe\u00f1a se ha convertido en la primera de Canarias que ya acepta como m\u00e9todo de pago las susodichas y cada vez m\u00e1s populares criptomonedas, que est\u00e1n llegando para quedarse. Se trata de la empresa <em>Sin Cobertura \u2013 M\u00f3viles y Gadgets<\/em>, que est\u00e1 radicada en Santa Cruz de Tenerife y que lidera como director gerente el joven empresario tinerfe\u00f1o <strong>Idafe Brito Del Castillo<\/strong>, experto en nuevas tecnolog\u00edas. Con esta iniciativa y desde principios de este mes de mayo, esta empresa se une a la nueva ola de los \u201ccriptoactivos\u201d, que manejan monedas tan famosas como lo son el Bitcoin, Ethereum, Litecoin y varias m\u00e1s. Adem\u00e1s, este sistema de pago ya es aceptado por <em>Sin Cobertura \u2013 M\u00f3viles y Gadgets,<\/em> tanto en su web oficial (<a href=\"http:\/\/www.sincobertura.es\">sincobertura.es<\/a>) como en su tienda f\u00edsica, ubicada en la santacrucera Calle del Castillo, N\u00ba77. Con ello, como he dicho, se convierte en la empresa pionera en ofrecer este m\u00e9todo de pago en las Islas Canarias.<\/li>\n<\/ul>\n<p style=\"text-align: center\"><a href=\"https:\/\/elcotarro.com\/wp-content\/uploads\/2021\/05\/FOTO-6.-SIN-COBERTURA-LOGO.png\"><img loading=\"lazy\" decoding=\"async\" class=\"alignnone size-full wp-image-9829\" src=\"https:\/\/elcotarro.com\/wp-content\/uploads\/2021\/05\/FOTO-6.-SIN-COBERTURA-LOGO.png\" alt=\"\" width=\"1148\" height=\"300\" srcset=\"https:\/\/elcotarro.com\/wp-content\/uploads\/2021\/05\/FOTO-6.-SIN-COBERTURA-LOGO.png 1148w, https:\/\/elcotarro.com\/wp-content\/uploads\/2021\/05\/FOTO-6.-SIN-COBERTURA-LOGO-300x78.png 300w, https:\/\/elcotarro.com\/wp-content\/uploads\/2021\/05\/FOTO-6.-SIN-COBERTURA-LOGO-1024x268.png 1024w, https:\/\/elcotarro.com\/wp-content\/uploads\/2021\/05\/FOTO-6.-SIN-COBERTURA-LOGO-768x201.png 768w\" sizes=\"auto, (max-width: 1148px) 100vw, 1148px\" \/><\/a><\/p>\n<p style=\"text-align: center\"><em>Foto 6.- Logo de la empresa Sin Cobertura \u2013 M\u00f3viles y Gadgets (<\/em><a href=\"http:\/\/www.sincobertura.es\"><em>www.sincobertura.es<\/em><\/a><em>)<\/em><\/p>\n<p><span style=\"color: #0000ff\"><strong>IDAFE BRITO SE ADELANTA AL PR\u00d3XIMO FUTURO<\/strong><\/span><\/p>\n<ul>\n<li>Tras varios a\u00f1os buscando la manera de poder aceptar criptomonedas, esta iniciativa es ya una realidad en Canarias. Las criptomonedas, explica <strong>Idafe Brito<\/strong>, <em>\u201cson una forma de pago que est\u00e1 generando adeptos en todo el mundo, y expertos en el sector aseguran que su uso se ir\u00e1 normalizando y extendiendo en los pr\u00f3ximos meses\u201d<\/em>. El m\u00e1ximo responsable de <em>Sin Cobertura <\/em>asegura que <em>\u201cen esta empresa siempre hemos apostado por las nuevas tecnolog\u00edas y, sobre todo, en incorporar aquello que facilite el consumo entre nuestros clientes\u201d<\/em>. Hay que destacar que, <em>Sin Cobertura \u2013 M\u00f3viles y Gadgets<\/em>, liderada por su gerente, <strong>Idafe Brito Del Castillo<\/strong>, es una empresa peque\u00f1a y familiar, nacida el a\u00f1o 2015, que est\u00e1 especializada en ofrecer las marcas m\u00e1s novedosas del mercado tecnol\u00f3gico, primando siempre la filosof\u00eda de calidad\/precio y aprovechando todo el conocimiento y la experiencia en nuevas tecnolog\u00edas.<\/li>\n<\/ul>\n<p><a href=\"https:\/\/elcotarro.com\/wp-content\/uploads\/2021\/05\/FOTO-7.-IDAFE-BRITO-scaled.jpg\"><img loading=\"lazy\" decoding=\"async\" class=\"size-full wp-image-9830 aligncenter\" src=\"https:\/\/elcotarro.com\/wp-content\/uploads\/2021\/05\/FOTO-7.-IDAFE-BRITO-scaled.jpg\" alt=\"\" width=\"2560\" height=\"2560\" srcset=\"https:\/\/elcotarro.com\/wp-content\/uploads\/2021\/05\/FOTO-7.-IDAFE-BRITO-scaled.jpg 2560w, https:\/\/elcotarro.com\/wp-content\/uploads\/2021\/05\/FOTO-7.-IDAFE-BRITO-300x300.jpg 300w, https:\/\/elcotarro.com\/wp-content\/uploads\/2021\/05\/FOTO-7.-IDAFE-BRITO-1024x1024.jpg 1024w, https:\/\/elcotarro.com\/wp-content\/uploads\/2021\/05\/FOTO-7.-IDAFE-BRITO-150x150.jpg 150w, https:\/\/elcotarro.com\/wp-content\/uploads\/2021\/05\/FOTO-7.-IDAFE-BRITO-768x768.jpg 768w, https:\/\/elcotarro.com\/wp-content\/uploads\/2021\/05\/FOTO-7.-IDAFE-BRITO-1536x1536.jpg 1536w, https:\/\/elcotarro.com\/wp-content\/uploads\/2021\/05\/FOTO-7.-IDAFE-BRITO-2048x2048.jpg 2048w\" sizes=\"auto, (max-width: 2560px) 100vw, 2560px\" \/><\/a><\/p>\n<p style=\"text-align: center\"><em>Foto 7.- Idafe Brito Del Castillo, gerente de Sin Cobertura \u2013 M\u00f3viles y Gadgets.<\/em><\/p>\n<p><strong>\u00a0<\/strong><\/p>\n<p><span style=\"color: #0000ff\"><strong>ISLA INFLUENCIA, NOVEDAD CON ACENTO CANARIO<\/strong><\/span><\/p>\n<ul>\n<li>Repito que, en estos tiempos que corren, se agradece, y por ello hay que hacerse eco, reconocer y felicitar p\u00fablicamente, la llegada de cualquier iniciativa que haga realidad una nueva empresa, que cree puestos de trabajo y, en definitiva, genere riqueza para nuestra tierra. En este caso y gracias a la informaci\u00f3n del siempre <em>desinquieto<\/em><strong> amigo, \u00c1lvaro Luis Hern\u00e1ndez<\/strong>, uno de los bloggers m\u00e1s activos y uno de los influencers m\u00e1s importantes de Tenerife y las islas, he tenido conocimiento del nacimiento de \u201cIsla Influencia\u201d, una nueva web (<a href=\"http:\/\/www.islainfluencia.com\">islainfluencia.com<\/a>) que se presenta como \u201cplataforma de referencia y punto de encuentro de influencers, youtubers, bloggers y tiktokeros con acento canario\u201d y, que se sepa, la primera en su modalidad de Canarias\u2026 \u00a1Ah\u00ed es nada!. Me comenta <strong>\u00c1lvaro Luis<\/strong> que se trata de una agencia de representaci\u00f3n y marketing de influencers, formada por una comunidad profesional de estos nuevos expertos en las nuevas tecnolog\u00edas de la informaci\u00f3n y la comunicaci\u00f3n, que ofrecen a las marcas y agencias servicios 360\u00ba en el sector de la publicidad y marketing digital, acciones de relaciones p\u00fablicas, eventos y campa\u00f1as con influencers y gesti\u00f3n de redes sociales. Todo con alma muy canaria. Aqu\u00ed est\u00e1n sus tres co-fundadores\u2026 Entren, pasen y vean\u2026<\/li>\n<\/ul>\n<p style=\"text-align: center\"><a href=\"https:\/\/elcotarro.com\/wp-content\/uploads\/2021\/05\/FOTO-8.-ALVARO-HERNANDEZ.jpg\"><img loading=\"lazy\" decoding=\"async\" class=\"alignnone size-full wp-image-9831\" src=\"https:\/\/elcotarro.com\/wp-content\/uploads\/2021\/05\/FOTO-8.-ALVARO-HERNANDEZ.jpg\" alt=\"\" width=\"295\" height=\"222\" \/><\/a><\/p>\n<p style=\"text-align: center\"><em>Foto 8.- \u00c1lvaro Luis Hern\u00e1ndez, Blogger, influencer y asesor de protocolo. <\/em><\/p>\n<p style=\"text-align: center\"><a href=\"https:\/\/elcotarro.com\/wp-content\/uploads\/2021\/05\/FOTO-9.-ESTEFANIA-GORAYEB.jpg\"><img loading=\"lazy\" decoding=\"async\" class=\"alignnone size-full wp-image-9832\" src=\"https:\/\/elcotarro.com\/wp-content\/uploads\/2021\/05\/FOTO-9.-ESTEFANIA-GORAYEB.jpg\" alt=\"\" width=\"295\" height=\"222\" \/><\/a><\/p>\n<p style=\"text-align: center\"><em>Foto 9.- Estefan\u00eda Gorayeb, especialista en comunicaci\u00f3n, belleza y moda.<\/em><\/p>\n<p style=\"text-align: center\"><a href=\"https:\/\/elcotarro.com\/wp-content\/uploads\/2021\/05\/FOTO-10.-ROBERTO-MARTIN.jpg\"><img loading=\"lazy\" decoding=\"async\" class=\"alignnone size-full wp-image-9833\" src=\"https:\/\/elcotarro.com\/wp-content\/uploads\/2021\/05\/FOTO-10.-ROBERTO-MARTIN.jpg\" alt=\"\" width=\"295\" height=\"222\" \/><\/a><\/p>\n<p style=\"text-align: center\"><em>Foto 10.- Roberto Mart\u00edn, experto en publicidad, marketing y comunicaci\u00f3n<\/em><\/p>\n<p>&nbsp;<\/p>\n<p><span style=\"color: #0000ff\"><strong>INFLUENCERS, YOUTUBERS, BLOGGERS, TIKTOKERS<\/strong><\/span><\/p>\n<ul>\n<li>Los cofundadores de \u201cIsla Influencia\u201d son <strong>Roberto Mart\u00edn<\/strong>, licenciado en Publicidad y Comunicaci\u00f3n, con doble especialidad en Marketing y Administraci\u00f3n de Empresas, en el Instituto Nacional de T\u00e9cnicas Especializadas de Madrid; <strong>Estefan\u00eda Gorayeb<\/strong>, nacida en Gran Canaria y apasionada desde peque\u00f1ita con el mundo de la moda, la comunicaci\u00f3n, la belleza y los cuidados de la mujer en general, que gusta definir su estilo como mujer moderna, con independencia y segura de s\u00ed misma; y, obviamente, el tinerfe\u00f1o <strong>\u00c1lvaro Luis Hern\u00e1ndez<\/strong>, con una ya larga trayectoria en el \u00e1mbito de las relaciones p\u00fablicas, organizador de eventos, asesor de protocolo y \u201cpersonal shopper\u201d, que decidi\u00f3 hace tiempo plasmar en sus redes sociales todas sus vivencias personales y profesionales, haciendo especial hincapi\u00e9 en el mundo de la moda, viajes y el estilo de vida, y d\u00e1ndole preferencia a lo que ocurre en nuestras islas. Como hombre <em>desinquieto<\/em>, <strong>\u00c1lvaro Luis<\/strong> est\u00e1 metido siempre en un mill\u00f3n de cosas: formaci\u00f3n, escribiendo en revistas, en la radio a trav\u00e9s de Radio Club Tenerife \u2013 Cadena Ser y organizando eventos. En estos momentos, adem\u00e1s, ahora <strong>\u00c1lvaro<\/strong> est\u00e1 metido de lleno en un apasionante proyecto del que ya les hablar\u00e9 y que tiene que ver con la historia de la moda en el \u00faltimo siglo. Como peque\u00f1o aperitivo les animo a que disfruten del v\u00eddeo que pueden encontrar y ver en el siguiente enlace:<\/li>\n<\/ul>\n<p><a href=\"https:\/\/www.instagram.com\/tv\/COxtHIFo9_U\/?igshid=19vrn4jxqhg9\">https:\/\/www.instagram.com\/tv\/COxtHIFo9_U\/?igshid=19vrn4jxqhg9<\/a><\/p>\n<p style=\"text-align: center\"><a href=\"https:\/\/elcotarro.com\/wp-content\/uploads\/2021\/05\/FOTO-11.-ALVARO-EN-JAPON.jpg\"><img loading=\"lazy\" decoding=\"async\" class=\"alignnone size-full wp-image-9834\" src=\"https:\/\/elcotarro.com\/wp-content\/uploads\/2021\/05\/FOTO-11.-ALVARO-EN-JAPON.jpg\" alt=\"\" width=\"1024\" height=\"1024\" srcset=\"https:\/\/elcotarro.com\/wp-content\/uploads\/2021\/05\/FOTO-11.-ALVARO-EN-JAPON.jpg 1024w, https:\/\/elcotarro.com\/wp-content\/uploads\/2021\/05\/FOTO-11.-ALVARO-EN-JAPON-300x300.jpg 300w, https:\/\/elcotarro.com\/wp-content\/uploads\/2021\/05\/FOTO-11.-ALVARO-EN-JAPON-150x150.jpg 150w, https:\/\/elcotarro.com\/wp-content\/uploads\/2021\/05\/FOTO-11.-ALVARO-EN-JAPON-768x768.jpg 768w\" sizes=\"auto, (max-width: 1024px) 100vw, 1024px\" \/><\/a><\/p>\n<p style=\"text-align: center\"><em>Foto 11.- \u00c1lvaro Luis Hern\u00e1ndez, trae la historia de la moda del siglo XX a nuestros d\u00edas.<\/em><\/p>\n<p><em>\u00a0<\/em><\/p>\n<p><span style=\"color: #0000ff\"><strong>SIN DECIR NADA DEL HUC\u2026, HASTA EL 6 DE JUNIO<\/strong><\/span><\/p>\n<ul>\n<li>Antes de rematar la faena de hoy, les repito que no nos hemos olvidado de la sentencia ganada por el <strong>Guillermo Burillo Putze<\/strong> al Servicio Canario de la Salud, por su improcedente despido como coordinador del Servicio de Urgencias del HUC. Y les recuerdo que han ocurrido varias cosas (algunas poco presentables) en distintos lugares, en diferentes estamentos y en diversos niveles de cargos y responsabilidades. Han pasado varias cosas y m\u00e1s que van a pasar\u2026 Pero, por prudencia y en aras a un inteligente y pac\u00edfico final del asunto, me voy a mantener en un religioso silencio. Mejor dejar que pasen los quince d\u00edas marcados por la Justicia y, en funci\u00f3n de lo que pase, ya les contar\u00e9 m\u00e1s detalles, Dios mediante, en <strong><em>El Cotarro<\/em><\/strong> del domingo, 6 de junio.<\/li>\n<\/ul>\n<p>&nbsp;<\/p>\n<p><em>\u00a0<\/em><\/p>\n<p><strong>\u00a0* Jos\u00e9 Carlos MARRERO GONZ\u00c1LEZ<\/strong><\/p>\n<p>Periodista y analista de la actualidad.<\/p>\n<p>Director de <strong><em>El Cotarro<\/em><\/strong> (<a href=\"https:\/\/elcotarro.com\">www.elcotarro.com<\/a>)<\/p>\n<p>Director de <strong><em>Canarias en Positivo<\/em><\/strong> (<a href=\"http:\/\/www.canariasenpositivo.com\">www.canariasenpositivo.com<\/a>)<\/p>\n<p>Director de <strong><em>GastroCanarias<\/em><\/strong> (<a href=\"http:\/\/www.gastrocanarias.com\">www.gastrocanarias.com<\/a>)<\/p>\n<p style=\"text-align: center\"><a href=\"http:\/\/www.careca.es\/\" target=\"_blank\" rel=\"noopener noreferrer\"><img loading=\"lazy\" decoding=\"async\" class=\"size-full wp-image-2216 aligncenter\" src=\"https:\/\/elcotarro.com\/wp-content\/uploads\/2016\/07\/InsulacafeElCotarro.jpg\" alt=\"Bnn_Careca\" width=\"750\" height=\"150\" \/><\/a><\/p>\n","protected":false},"excerpt":{"rendered":"<p>LAS 2050 \u201cTOMADURAS DE PELO\u201d CON EL FUTURO Me veo obligado a comenzar El Cotarro de hoy con esta reflexi\u00f3n y me consta que muchos socialistas canarios est\u00e1n pensando lo mismo que yo; que, de igual forma, a otros muchos les va a fastidiar que exprese lo que, sinceramente, hoy siento; y algunos otros, seguramente, &#8230; <a class=\"read-more\" href=\"https:\/\/elcotarro.com\/?p=9823\">Read more<\/a><\/p>\n","protected":false},"author":2,"featured_media":0,"comment_status":"open","ping_status":"open","sticky":false,"template":"","format":"standard","meta":{"_jetpack_memberships_contains_paid_content":false,"footnotes":""},"categories":[1],"tags":[],"class_list":["post-9823","post","type-post","status-publish","format-standard","hentry","category-sin-categoria"],"yoast_head":"<!-- This site is optimized with the Yoast SEO plugin v27.0 - https:\/\/yoast.com\/product\/yoast-seo-wordpress\/ -->\n<title>&quot;EL COTARRO&quot; DIGITAL N\u00ba350 DEL 23 DE MAYO DE 2021 - El Cotarro<\/title>\n<meta name=\"robots\" content=\"index, follow, max-snippet:-1, max-image-preview:large, max-video-preview:-1\" \/>\n<link rel=\"canonical\" href=\"https:\/\/elcotarro.com\/?p=9823\" \/>\n<meta property=\"og:locale\" content=\"es_ES\" \/>\n<meta property=\"og:type\" content=\"article\" \/>\n<meta property=\"og:title\" content=\"&quot;EL COTARRO&quot; DIGITAL N\u00ba350 DEL 23 DE MAYO DE 2021 - El Cotarro\" \/>\n<meta property=\"og:description\" content=\"LAS 2050 \u201cTOMADURAS DE PELO\u201d CON EL FUTURO Me veo obligado a comenzar El Cotarro de hoy con esta reflexi\u00f3n y me consta que muchos socialistas canarios est\u00e1n pensando lo mismo que yo; que, de igual forma, a otros muchos les va a fastidiar que exprese lo que, sinceramente, hoy siento; y algunos otros, seguramente, ... Read more\" \/>\n<meta property=\"og:url\" content=\"https:\/\/elcotarro.com\/?p=9823\" \/>\n<meta property=\"og:site_name\" content=\"El Cotarro\" \/>\n<meta property=\"article:publisher\" content=\"https:\/\/www.facebook.com\/ElCotarro.Tenerife\" \/>\n<meta property=\"article:published_time\" content=\"2021-05-23T06:00:44+00:00\" \/>\n<meta property=\"og:image\" content=\"https:\/\/elcotarro.com\/wp-content\/uploads\/2021\/05\/FOTO-1.-CAROLINA-Y-PEDRO.jpg\" \/>\n<meta name=\"author\" content=\"Jos\u00e9 Carlos Marrero Gonz\u00e1lez\" \/>\n<meta name=\"twitter:label1\" content=\"Escrito por\" \/>\n\t<meta name=\"twitter:data1\" content=\"Jos\u00e9 Carlos Marrero Gonz\u00e1lez\" \/>\n\t<meta name=\"twitter:label2\" content=\"Tiempo de lectura\" \/>\n\t<meta name=\"twitter:data2\" content=\"13 minutos\" \/>\n<script type=\"application\/ld+json\" class=\"yoast-schema-graph\">{\"@context\":\"https:\/\/schema.org\",\"@graph\":[{\"@type\":\"Article\",\"@id\":\"https:\/\/elcotarro.com\/?p=9823#article\",\"isPartOf\":{\"@id\":\"https:\/\/elcotarro.com\/?p=9823\"},\"author\":{\"name\":\"Jos\u00e9 Carlos Marrero Gonz\u00e1lez\",\"@id\":\"https:\/\/elcotarro.com\/#\/schema\/person\/af537ee7d60d15984c7e0affcd8a918b\"},\"headline\":\"\u00abEL COTARRO\u00bb DIGITAL N\u00ba350 DEL 23 DE MAYO DE 2021\",\"datePublished\":\"2021-05-23T06:00:44+00:00\",\"mainEntityOfPage\":{\"@id\":\"https:\/\/elcotarro.com\/?p=9823\"},\"wordCount\":2408,\"commentCount\":0,\"publisher\":{\"@id\":\"https:\/\/elcotarro.com\/#organization\"},\"image\":{\"@id\":\"https:\/\/elcotarro.com\/?p=9823#primaryimage\"},\"thumbnailUrl\":\"https:\/\/elcotarro.com\/wp-content\/uploads\/2021\/05\/FOTO-1.-CAROLINA-Y-PEDRO.jpg\",\"inLanguage\":\"es\",\"potentialAction\":[{\"@type\":\"CommentAction\",\"name\":\"Comment\",\"target\":[\"https:\/\/elcotarro.com\/?p=9823#respond\"]}]},{\"@type\":\"WebPage\",\"@id\":\"https:\/\/elcotarro.com\/?p=9823\",\"url\":\"https:\/\/elcotarro.com\/?p=9823\",\"name\":\"\\\"EL COTARRO\\\" DIGITAL N\u00ba350 DEL 23 DE MAYO DE 2021 - El Cotarro\",\"isPartOf\":{\"@id\":\"https:\/\/elcotarro.com\/#website\"},\"primaryImageOfPage\":{\"@id\":\"https:\/\/elcotarro.com\/?p=9823#primaryimage\"},\"image\":{\"@id\":\"https:\/\/elcotarro.com\/?p=9823#primaryimage\"},\"thumbnailUrl\":\"https:\/\/elcotarro.com\/wp-content\/uploads\/2021\/05\/FOTO-1.-CAROLINA-Y-PEDRO.jpg\",\"datePublished\":\"2021-05-23T06:00:44+00:00\",\"breadcrumb\":{\"@id\":\"https:\/\/elcotarro.com\/?p=9823#breadcrumb\"},\"inLanguage\":\"es\",\"potentialAction\":[{\"@type\":\"ReadAction\",\"target\":[\"https:\/\/elcotarro.com\/?p=9823\"]}]},{\"@type\":\"ImageObject\",\"inLanguage\":\"es\",\"@id\":\"https:\/\/elcotarro.com\/?p=9823#primaryimage\",\"url\":\"https:\/\/elcotarro.com\/wp-content\/uploads\/2021\/05\/FOTO-1.-CAROLINA-Y-PEDRO.jpg\",\"contentUrl\":\"https:\/\/elcotarro.com\/wp-content\/uploads\/2021\/05\/FOTO-1.-CAROLINA-Y-PEDRO.jpg\",\"width\":1200,\"height\":900},{\"@type\":\"BreadcrumbList\",\"@id\":\"https:\/\/elcotarro.com\/?p=9823#breadcrumb\",\"itemListElement\":[{\"@type\":\"ListItem\",\"position\":1,\"name\":\"Portada\",\"item\":\"https:\/\/elcotarro.com\/\"},{\"@type\":\"ListItem\",\"position\":2,\"name\":\"\u00abEL COTARRO\u00bb DIGITAL N\u00ba350 DEL 23 DE MAYO DE 2021\"}]},{\"@type\":\"WebSite\",\"@id\":\"https:\/\/elcotarro.com\/#website\",\"url\":\"https:\/\/elcotarro.com\/\",\"name\":\"El Cotarro\",\"description\":\"Peri\u00f3dico Digital Independiente dirigido por Jos\u00e9 Carlos Marrero\",\"publisher\":{\"@id\":\"https:\/\/elcotarro.com\/#organization\"},\"potentialAction\":[{\"@type\":\"SearchAction\",\"target\":{\"@type\":\"EntryPoint\",\"urlTemplate\":\"https:\/\/elcotarro.com\/?s={search_term_string}\"},\"query-input\":{\"@type\":\"PropertyValueSpecification\",\"valueRequired\":true,\"valueName\":\"search_term_string\"}}],\"inLanguage\":\"es\"},{\"@type\":\"Organization\",\"@id\":\"https:\/\/elcotarro.com\/#organization\",\"name\":\"El Cotarro\",\"url\":\"https:\/\/elcotarro.com\/\",\"logo\":{\"@type\":\"ImageObject\",\"inLanguage\":\"es\",\"@id\":\"https:\/\/elcotarro.com\/#\/schema\/logo\/image\/\",\"url\":\"https:\/\/elcotarro.com\/wp-content\/uploads\/2014\/09\/Cabecera_El_Cotarro_v2.jpg\",\"contentUrl\":\"https:\/\/elcotarro.com\/wp-content\/uploads\/2014\/09\/Cabecera_El_Cotarro_v2.jpg\",\"width\":3540,\"height\":441,\"caption\":\"El Cotarro\"},\"image\":{\"@id\":\"https:\/\/elcotarro.com\/#\/schema\/logo\/image\/\"},\"sameAs\":[\"https:\/\/www.facebook.com\/ElCotarro.Tenerife\"]},{\"@type\":\"Person\",\"@id\":\"https:\/\/elcotarro.com\/#\/schema\/person\/af537ee7d60d15984c7e0affcd8a918b\",\"name\":\"Jos\u00e9 Carlos Marrero Gonz\u00e1lez\",\"image\":{\"@type\":\"ImageObject\",\"inLanguage\":\"es\",\"@id\":\"https:\/\/elcotarro.com\/#\/schema\/person\/image\/\",\"url\":\"https:\/\/secure.gravatar.com\/avatar\/def4da036efb5d32c74d49c351f6dccc064dd69ad9f3aadc295c5a9a5391ca01?s=96&d=mm&r=g\",\"contentUrl\":\"https:\/\/secure.gravatar.com\/avatar\/def4da036efb5d32c74d49c351f6dccc064dd69ad9f3aadc295c5a9a5391ca01?s=96&d=mm&r=g\",\"caption\":\"Jos\u00e9 Carlos Marrero Gonz\u00e1lez\"},\"sameAs\":[\"https:\/\/elcotarro.com\"],\"url\":\"https:\/\/elcotarro.com\/?author=2\"}]}<\/script>\n<!-- \/ Yoast SEO plugin. -->","yoast_head_json":{"title":"\"EL COTARRO\" DIGITAL N\u00ba350 DEL 23 DE MAYO DE 2021 - El Cotarro","robots":{"index":"index","follow":"follow","max-snippet":"max-snippet:-1","max-image-preview":"max-image-preview:large","max-video-preview":"max-video-preview:-1"},"canonical":"https:\/\/elcotarro.com\/?p=9823","og_locale":"es_ES","og_type":"article","og_title":"\"EL COTARRO\" DIGITAL N\u00ba350 DEL 23 DE MAYO DE 2021 - El Cotarro","og_description":"LAS 2050 \u201cTOMADURAS DE PELO\u201d CON EL FUTURO Me veo obligado a comenzar El Cotarro de hoy con esta reflexi\u00f3n y me consta que muchos socialistas canarios est\u00e1n pensando lo mismo que yo; que, de igual forma, a otros muchos les va a fastidiar que exprese lo que, sinceramente, hoy siento; y algunos otros, seguramente, ... Read more","og_url":"https:\/\/elcotarro.com\/?p=9823","og_site_name":"El Cotarro","article_publisher":"https:\/\/www.facebook.com\/ElCotarro.Tenerife","article_published_time":"2021-05-23T06:00:44+00:00","og_image":[{"url":"https:\/\/elcotarro.com\/wp-content\/uploads\/2021\/05\/FOTO-1.-CAROLINA-Y-PEDRO.jpg","type":"","width":"","height":""}],"author":"Jos\u00e9 Carlos Marrero Gonz\u00e1lez","twitter_misc":{"Escrito por":"Jos\u00e9 Carlos Marrero Gonz\u00e1lez","Tiempo de lectura":"13 minutos"},"schema":{"@context":"https:\/\/schema.org","@graph":[{"@type":"Article","@id":"https:\/\/elcotarro.com\/?p=9823#article","isPartOf":{"@id":"https:\/\/elcotarro.com\/?p=9823"},"author":{"name":"Jos\u00e9 Carlos Marrero Gonz\u00e1lez","@id":"https:\/\/elcotarro.com\/#\/schema\/person\/af537ee7d60d15984c7e0affcd8a918b"},"headline":"\u00abEL COTARRO\u00bb DIGITAL N\u00ba350 DEL 23 DE MAYO DE 2021","datePublished":"2021-05-23T06:00:44+00:00","mainEntityOfPage":{"@id":"https:\/\/elcotarro.com\/?p=9823"},"wordCount":2408,"commentCount":0,"publisher":{"@id":"https:\/\/elcotarro.com\/#organization"},"image":{"@id":"https:\/\/elcotarro.com\/?p=9823#primaryimage"},"thumbnailUrl":"https:\/\/elcotarro.com\/wp-content\/uploads\/2021\/05\/FOTO-1.-CAROLINA-Y-PEDRO.jpg","inLanguage":"es","potentialAction":[{"@type":"CommentAction","name":"Comment","target":["https:\/\/elcotarro.com\/?p=9823#respond"]}]},{"@type":"WebPage","@id":"https:\/\/elcotarro.com\/?p=9823","url":"https:\/\/elcotarro.com\/?p=9823","name":"\"EL COTARRO\" DIGITAL N\u00ba350 DEL 23 DE MAYO DE 2021 - El Cotarro","isPartOf":{"@id":"https:\/\/elcotarro.com\/#website"},"primaryImageOfPage":{"@id":"https:\/\/elcotarro.com\/?p=9823#primaryimage"},"image":{"@id":"https:\/\/elcotarro.com\/?p=9823#primaryimage"},"thumbnailUrl":"https:\/\/elcotarro.com\/wp-content\/uploads\/2021\/05\/FOTO-1.-CAROLINA-Y-PEDRO.jpg","datePublished":"2021-05-23T06:00:44+00:00","breadcrumb":{"@id":"https:\/\/elcotarro.com\/?p=9823#breadcrumb"},"inLanguage":"es","potentialAction":[{"@type":"ReadAction","target":["https:\/\/elcotarro.com\/?p=9823"]}]},{"@type":"ImageObject","inLanguage":"es","@id":"https:\/\/elcotarro.com\/?p=9823#primaryimage","url":"https:\/\/elcotarro.com\/wp-content\/uploads\/2021\/05\/FOTO-1.-CAROLINA-Y-PEDRO.jpg","contentUrl":"https:\/\/elcotarro.com\/wp-content\/uploads\/2021\/05\/FOTO-1.-CAROLINA-Y-PEDRO.jpg","width":1200,"height":900},{"@type":"BreadcrumbList","@id":"https:\/\/elcotarro.com\/?p=9823#breadcrumb","itemListElement":[{"@type":"ListItem","position":1,"name":"Portada","item":"https:\/\/elcotarro.com\/"},{"@type":"ListItem","position":2,"name":"\u00abEL COTARRO\u00bb DIGITAL N\u00ba350 DEL 23 DE MAYO DE 2021"}]},{"@type":"WebSite","@id":"https:\/\/elcotarro.com\/#website","url":"https:\/\/elcotarro.com\/","name":"El Cotarro","description":"Peri\u00f3dico Digital Independiente dirigido por Jos\u00e9 Carlos Marrero","publisher":{"@id":"https:\/\/elcotarro.com\/#organization"},"potentialAction":[{"@type":"SearchAction","target":{"@type":"EntryPoint","urlTemplate":"https:\/\/elcotarro.com\/?s={search_term_string}"},"query-input":{"@type":"PropertyValueSpecification","valueRequired":true,"valueName":"search_term_string"}}],"inLanguage":"es"},{"@type":"Organization","@id":"https:\/\/elcotarro.com\/#organization","name":"El Cotarro","url":"https:\/\/elcotarro.com\/","logo":{"@type":"ImageObject","inLanguage":"es","@id":"https:\/\/elcotarro.com\/#\/schema\/logo\/image\/","url":"https:\/\/elcotarro.com\/wp-content\/uploads\/2014\/09\/Cabecera_El_Cotarro_v2.jpg","contentUrl":"https:\/\/elcotarro.com\/wp-content\/uploads\/2014\/09\/Cabecera_El_Cotarro_v2.jpg","width":3540,"height":441,"caption":"El Cotarro"},"image":{"@id":"https:\/\/elcotarro.com\/#\/schema\/logo\/image\/"},"sameAs":["https:\/\/www.facebook.com\/ElCotarro.Tenerife"]},{"@type":"Person","@id":"https:\/\/elcotarro.com\/#\/schema\/person\/af537ee7d60d15984c7e0affcd8a918b","name":"Jos\u00e9 Carlos Marrero Gonz\u00e1lez","image":{"@type":"ImageObject","inLanguage":"es","@id":"https:\/\/elcotarro.com\/#\/schema\/person\/image\/","url":"https:\/\/secure.gravatar.com\/avatar\/def4da036efb5d32c74d49c351f6dccc064dd69ad9f3aadc295c5a9a5391ca01?s=96&d=mm&r=g","contentUrl":"https:\/\/secure.gravatar.com\/avatar\/def4da036efb5d32c74d49c351f6dccc064dd69ad9f3aadc295c5a9a5391ca01?s=96&d=mm&r=g","caption":"Jos\u00e9 Carlos Marrero Gonz\u00e1lez"},"sameAs":["https:\/\/elcotarro.com"],"url":"https:\/\/elcotarro.com\/?author=2"}]}},"jetpack_featured_media_url":"","jetpack_sharing_enabled":true,"_links":{"self":[{"href":"https:\/\/elcotarro.com\/index.php?rest_route=\/wp\/v2\/posts\/9823","targetHints":{"allow":["GET"]}}],"collection":[{"href":"https:\/\/elcotarro.com\/index.php?rest_route=\/wp\/v2\/posts"}],"about":[{"href":"https:\/\/elcotarro.com\/index.php?rest_route=\/wp\/v2\/types\/post"}],"author":[{"embeddable":true,"href":"https:\/\/elcotarro.com\/index.php?rest_route=\/wp\/v2\/users\/2"}],"replies":[{"embeddable":true,"href":"https:\/\/elcotarro.com\/index.php?rest_route=%2Fwp%2Fv2%2Fcomments&post=9823"}],"version-history":[{"count":1,"href":"https:\/\/elcotarro.com\/index.php?rest_route=\/wp\/v2\/posts\/9823\/revisions"}],"predecessor-version":[{"id":9835,"href":"https:\/\/elcotarro.com\/index.php?rest_route=\/wp\/v2\/posts\/9823\/revisions\/9835"}],"wp:attachment":[{"href":"https:\/\/elcotarro.com\/index.php?rest_route=%2Fwp%2Fv2%2Fmedia&parent=9823"}],"wp:term":[{"taxonomy":"category","embeddable":true,"href":"https:\/\/elcotarro.com\/index.php?rest_route=%2Fwp%2Fv2%2Fcategories&post=9823"},{"taxonomy":"post_tag","embeddable":true,"href":"https:\/\/elcotarro.com\/index.php?rest_route=%2Fwp%2Fv2%2Ftags&post=9823"}],"curies":[{"name":"wp","href":"https:\/\/api.w.org\/{rel}","templated":true}]}}