{"id":9837,"date":"2021-05-30T07:00:02","date_gmt":"2021-05-30T06:00:02","guid":{"rendered":"https:\/\/elcotarro.com\/?p=9837"},"modified":"2021-05-30T10:55:50","modified_gmt":"2021-05-30T09:55:50","slug":"el-cotarro-digital-no351-del-30-de-mayo-de-2021","status":"publish","type":"post","link":"https:\/\/elcotarro.com\/?p=9837","title":{"rendered":"\u00abEL COTARRO\u00bb DIGITAL N\u00ba351 DEL 30 DE MAYO DE 2021"},"content":{"rendered":"<p><span style=\"color: #0000ff\"><strong>\u00a1FELIZ D\u00cdA DE CANARIAS!\u2026 CON INCERTIDUMBRES<\/strong><\/span><\/p>\n<ul>\n<li>No puedo por menos que comenzar <strong><em>El Cotarro<\/em><\/strong> de este domingo con un \u00a1\u00a1feliz D\u00eda de Canarias!! y con el deseo de que esta regi\u00f3n nuestra, vaya pronto a mejor en todo. En primer lugar, a mejor en lo que respecta a la maldita pandemia de la COVID; en segundo lugar, en lo referente a la mejor\u00eda de la maltrecha econom\u00eda; y, en tercer lugar, en el aumento del empleo en nuestras islas, especialmente en el \u00e1mbito de nuestra desilusionada juventud. Seguramente, hoy nuestro presidente del Gobierno de Canarias, <strong>\u00c1ngel V\u00edctor Torres<\/strong>, volver\u00e1 a marcarse (como todos sus colegas presidentes anteriores de uno u otro partido) el tradicional discurso triunfalista, optimista y en positivo. En parte, es lo que toca tal d\u00eda como hoy. Pero no me negar\u00e1n que, en gran parte de la ciudadan\u00eda canaria, hoy lo que se siente es una gran incertidumbre por lo que va a pasar en el pr\u00f3ximo futuro. Tampoco me olvido hoy de los m\u00e1s de 3.000 inmigrantes que mantenemos acogidos (por no decir \u201cencarcelados\u201d) en nuestras islas y que, su inmensa mayor\u00eda no ve la hora de salir de aqu\u00ed, van a vivir esta jornada su \u201cpeculiar\u201d D\u00eda de Canarias. Ojal\u00e1 que, tambi\u00e9n para ellos, el futuro sea de esperanza, dignidad y progreso.<\/li>\n<\/ul>\n<p style=\"text-align: center\"><a href=\"https:\/\/elcotarro.com\/wp-content\/uploads\/2021\/05\/FOTO-1.-DIA-DE-CANARIAS.jpg\"><img loading=\"lazy\" decoding=\"async\" class=\"alignnone size-full wp-image-9838\" src=\"https:\/\/elcotarro.com\/wp-content\/uploads\/2021\/05\/FOTO-1.-DIA-DE-CANARIAS.jpg\" alt=\"\" width=\"1656\" height=\"630\" srcset=\"https:\/\/elcotarro.com\/wp-content\/uploads\/2021\/05\/FOTO-1.-DIA-DE-CANARIAS.jpg 1656w, https:\/\/elcotarro.com\/wp-content\/uploads\/2021\/05\/FOTO-1.-DIA-DE-CANARIAS-300x114.jpg 300w, https:\/\/elcotarro.com\/wp-content\/uploads\/2021\/05\/FOTO-1.-DIA-DE-CANARIAS-1024x390.jpg 1024w, https:\/\/elcotarro.com\/wp-content\/uploads\/2021\/05\/FOTO-1.-DIA-DE-CANARIAS-768x292.jpg 768w, https:\/\/elcotarro.com\/wp-content\/uploads\/2021\/05\/FOTO-1.-DIA-DE-CANARIAS-1536x584.jpg 1536w\" sizes=\"auto, (max-width: 1656px) 100vw, 1656px\" \/><\/a><\/p>\n<p style=\"text-align: center\"><em>Foto 1.- Hoy en Canarias es un d\u00eda para celebrar, festejar y para apostar por el futuro.<\/em><\/p>\n<p>&nbsp;<\/p>\n<p><span style=\"color: #0000ff\"><strong>NADIE DEBER\u00cdA ESCUPIR NUNCA PARA ARRIBA<\/strong><\/span><\/p>\n<ul>\n<li>Este domingo creo que viene que ni pintado recordar al gran f\u00edsico <strong>Isaac Newton<\/strong> y lo que demostr\u00f3 en su famos\u00edsima ley de la gravitaci\u00f3n universal. M\u00e1s concretamente, cabr\u00eda recordar que la popular \u201cley de la gravedad\u201d tambi\u00e9n se cumple cuando una persona lanza un escupitajo hacia arriba, bien sea f\u00edsico, verbal o pol\u00edtico. De igual modo, cabr\u00eda pensar en la popular frase que dice <em>\u201cquien siembra vientos, recoger\u00e1 tempestades\u201d<\/em>, que un d\u00eda me record\u00f3 el respetado <strong>Jos\u00e9 Miguel Galv\u00e1n Bello<\/strong>, expresidente del Cabildo de Tenerife, que tambi\u00e9n me record\u00f3 lo de que <em>\u201cde aquellos polvos, vienen estos lodos\u201d<\/em>. Y, por \u00faltimo, cabr\u00eda recordar lo de que <em>con la cuchara que coges, con esa comes\u201d, <\/em>que me repiti\u00f3 una y mil veces <strong>Lolita Gonz\u00e1lez<\/strong>, mi santa madre. Est\u00e1s \u00faltimas semanas, muchos han escupido para arriba, otros han sembrado vientos, y demasiados han cogido algunas cucharas, que, dentro de poco, me temo que van a lamentar haberlas cogido.<\/li>\n<\/ul>\n<p style=\"text-align: center\"><a href=\"https:\/\/elcotarro.com\/wp-content\/uploads\/2021\/05\/FOTO-2.-GALVAN-BELLO.jpeg\"><img loading=\"lazy\" decoding=\"async\" class=\"alignnone size-full wp-image-9839\" src=\"https:\/\/elcotarro.com\/wp-content\/uploads\/2021\/05\/FOTO-2.-GALVAN-BELLO.jpeg\" alt=\"\" width=\"369\" height=\"502\" srcset=\"https:\/\/elcotarro.com\/wp-content\/uploads\/2021\/05\/FOTO-2.-GALVAN-BELLO.jpeg 369w, https:\/\/elcotarro.com\/wp-content\/uploads\/2021\/05\/FOTO-2.-GALVAN-BELLO-221x300.jpeg 221w\" sizes=\"auto, (max-width: 369px) 100vw, 369px\" \/><\/a><\/p>\n<p style=\"text-align: center\"><em>Foto 2.- Jos\u00e9 Miguel Galv\u00e1n Bello, siempre se preocup\u00f3 de no sembrar vientos<\/em><\/p>\n<p>&nbsp;<\/p>\n<p><span style=\"color: #0000ff\"><strong>INCONTROLADA JUNTA DE CONTROL PARA LA RTVC<\/strong><\/span><\/p>\n<ul>\n<li>hay que recordar, para empezar, que esta pasada semana hemos podido ver el resultado de la elecci\u00f3n (o, mejor dicho, no elecci\u00f3n) de la necesaria Junta de Control de la Radiotelevisi\u00f3n Canarias (RTVC), que ha dejado fuera de juego a la lista de siete nombres presentada en su momento, y en la que, al parecer, a m\u00e1s de uno le incomodaba la presencia del periodista <strong>Paco Pomares,<\/strong> propuesto por Coalici\u00f3n Canaria. Al final no sali\u00f3 la Junta, todos, en principio, se quedan fuera de la misma y, el \u00fanico que se ha salvado, es el tambi\u00e9n periodista <strong>Paco Moreno<\/strong>, tocayo de <strong>Pomares<\/strong>, que sale airoso y seguir\u00e1 en su mismo puesto de administrador \u00fanico del ente RTVC durante, al menos, otra buena temporada. Detr\u00e1s de este tema se esconde una \u201cguerra\u201d de personalismos y protagonismos, piques y luchas de poder, y, por supuesto, intereses empresariales y medi\u00e1ticos. El pr\u00f3ximo mes de junio tendr\u00e1n que resolverse o prorrogarse importantes y sustanciosos contratos, cuya gesti\u00f3n deber\u00e1 hacerse con meticulosa precisi\u00f3n, si no queremos m\u00e1s temas en los juzgados.<\/li>\n<\/ul>\n<p style=\"text-align: center\"><a href=\"https:\/\/elcotarro.com\/wp-content\/uploads\/2021\/05\/FOTO-3.-PACO-MORENO.jpg\"><img loading=\"lazy\" decoding=\"async\" class=\"alignnone size-full wp-image-9840\" src=\"https:\/\/elcotarro.com\/wp-content\/uploads\/2021\/05\/FOTO-3.-PACO-MORENO.jpg\" alt=\"\" width=\"643\" height=\"362\" srcset=\"https:\/\/elcotarro.com\/wp-content\/uploads\/2021\/05\/FOTO-3.-PACO-MORENO.jpg 643w, https:\/\/elcotarro.com\/wp-content\/uploads\/2021\/05\/FOTO-3.-PACO-MORENO-300x169.jpg 300w\" sizes=\"auto, (max-width: 643px) 100vw, 643px\" \/><\/a><\/p>\n<p style=\"text-align: center\"><em>Foto 3.- Paco Moreno, \u00fanico que ha salido airoso de la movida en el seno de la RTVC<\/em><\/p>\n<p>&nbsp;<\/p>\n<p><span style=\"color: #0000ff\"><strong>LA TRANSPARENCIA DE ALFREDO G\u00d3MEZ \u00c1LVAREZ<\/strong><\/span><\/p>\n<ul>\n<li>En La Laguna, un hasta ahora casi desconocido concejal, <strong>Alfredo G\u00f3mez \u00c1lvarez<\/strong>, concejal de Ciudadanos y presidente de la Comisi\u00f3n de Transparencia del ayuntamiento lagunero, se ha destapado con una serenidad, solvencia y contundencia, que ha dejado fuera de juego a m\u00e1s de tres. Seguro que ni al alcalde <strong>Luis Yeray Guti\u00e9rrez<\/strong> ni a otros muchos concejales laguneros, se les pas\u00f3 nunca por la cabeza que, al darle el control de la claramente denominada \u201ccomisi\u00f3n de transparencia\u201d, este joven, pero ya experimentado abogado con sangre palmera en sus venas, iba a salirles tan profesional, tan riguroso y, por lo que se ve, tan contundente y seguro. He preguntado y todos me dicen que <strong>Alfredo G\u00f3mez \u00c1lvarez<\/strong> es un inteligente puntal de la abogac\u00eda, un riguroso profesional que se ha ido labrando una trayectoria a base de trabajo y que hoy en d\u00eda es miembro de un solvente bufete. O sea, que no necesita de la pol\u00edtica para vivir, ni much\u00edsimo menos. Quiz\u00e1 por ello, el pasado jueves sorprendi\u00f3 a mucha gente al anunciar la denuncia que, tres d\u00edas antes, hab\u00eda formalizado ante los tribunales de justicia, poni\u00e9ndose como m\u00e1xima \u201cproteger y velar por el inter\u00e9s de la ciudadan\u00eda\u201d<\/li>\n<\/ul>\n<p style=\"text-align: center\"><a href=\"https:\/\/elcotarro.com\/wp-content\/uploads\/2021\/05\/FOTO-4.-ALFREDO-GOMEZ.jpg\"><img loading=\"lazy\" decoding=\"async\" class=\"alignnone size-full wp-image-9841\" src=\"https:\/\/elcotarro.com\/wp-content\/uploads\/2021\/05\/FOTO-4.-ALFREDO-GOMEZ.jpg\" alt=\"\" width=\"478\" height=\"409\" srcset=\"https:\/\/elcotarro.com\/wp-content\/uploads\/2021\/05\/FOTO-4.-ALFREDO-GOMEZ.jpg 478w, https:\/\/elcotarro.com\/wp-content\/uploads\/2021\/05\/FOTO-4.-ALFREDO-GOMEZ-300x257.jpg 300w\" sizes=\"auto, (max-width: 478px) 100vw, 478px\" \/><\/a><\/p>\n<p style=\"text-align: center\"><em>Foto 4.- Alfredo G\u00f3mez \u00c1lvarez, abogado y \u201ctransparente\u201d concejal lagunero de C\u2019s <\/em><\/p>\n<p>&nbsp;<\/p>\n<p><span style=\"color: #0000ff\"><strong>TELEP\u00d3NTER PARA NO EQUIVOCARSE NI UNA COMA<\/strong><\/span><\/p>\n<ul>\n<li>No lo puedo asegurar del todo, pero jurar\u00eda que el v\u00eddeo que <strong>Alfredo G\u00f3mez<\/strong> present\u00f3 y en donde aparece \u00e9l mismo explicando la denuncia y parte de lo denunciado, lo hizo con el conocido en el \u00e1mbito televisivo como \u201c<em>telepr\u00f3nter<\/em>\u201d, un aparato electr\u00f3nico que refleja el texto de lo que se quiere contar (noticia o mensaje) previamente cargado en una computadora, en un cristal transparente que se sit\u00faa en la parte frontal de una c\u00e1mara. Esto hace que quien habla a la c\u00e1mara, en este caso el abogado y concejal <strong>Alfredo G\u00f3mez<\/strong>, lo haga leyendo textualmente lo que ha escrito, y, por tanto, lo que exactamente ha querido decir, con puntos y comas. Ni m\u00e1s ni menos. Si eso, adem\u00e1s, viene avalado por unos cuantos meses de investigaci\u00f3n, de recopilaci\u00f3n de datos y de la verificaci\u00f3n y contrastaci\u00f3n de los mismos, pues imag\u00ednense las tempestades que se pueden generar con esos vientos\u2026 o los lodos que se pueden crear con esos polvos. Porque, no seamos tontos, nadie (y menos un abogado solvente, como parece que es <strong>Alfredo G\u00f3mez \u00c1lvarez<\/strong>) se va a poner delante de una c\u00e1mara y decir todo lo que ha dicho, sin pruebas.<\/li>\n<\/ul>\n<p style=\"text-align: center\"><a href=\"https:\/\/elcotarro.com\/wp-content\/uploads\/2021\/05\/FOTO-5.-TELEPRONTER.jpg\"><img loading=\"lazy\" decoding=\"async\" class=\"alignnone size-full wp-image-9842\" src=\"https:\/\/elcotarro.com\/wp-content\/uploads\/2021\/05\/FOTO-5.-TELEPRONTER.jpg\" alt=\"\" width=\"506\" height=\"336\" srcset=\"https:\/\/elcotarro.com\/wp-content\/uploads\/2021\/05\/FOTO-5.-TELEPRONTER.jpg 506w, https:\/\/elcotarro.com\/wp-content\/uploads\/2021\/05\/FOTO-5.-TELEPRONTER-300x199.jpg 300w\" sizes=\"auto, (max-width: 506px) 100vw, 506px\" \/><\/a><\/p>\n<p style=\"text-align: center\"><em>Foto 5.- Con el telepr\u00f3nter, quien habla lee la pantalla que, detr\u00e1s, tiene la c\u00e1mara.<\/em><\/p>\n<p>&nbsp;<\/p>\n<p><span style=\"color: #0000ff\"><strong>GR\u00daAS, REPAROS, LAYCAS\u2026Y EL TIEMPO PASANDO<\/strong><\/span><\/p>\n<ul>\n<li>El mencionado abogado y \u00fanico concejal de Ciudadanos, <strong>Alfredo G\u00f3mez<\/strong>, se manifest\u00f3 el jueves, no solo como presidente de la Comisi\u00f3n de Transparencia, sino como portavoz de su partido en La Laguna, flanqueado y arropado por el concejal <strong>Manuel G\u00f3mez Padilla<\/strong> (portavoz del Partido Popular) y <strong>Jos\u00e9 Alberto D\u00edaz<\/strong> (portavoz de Coalici\u00f3n Canaria y ex alcalde lagunero). A las pocas horas, el actual alcalde, <strong>Luis Yeray Guti\u00e9rrez<\/strong> (PSOE) emit\u00eda un comunicado desde la alcald\u00eda lagunera donde negaba todo, defend\u00eda a los funcionarios laguneros, reiteraba su respeto a la justicia y anunciaba la creaci\u00f3n de una Comisi\u00f3n de Investigaci\u00f3n. Por su parte, <strong>Gustavo Matos Exp\u00f3sito<\/strong>, presidente del Parlamento de Canarias y aludido de alguna manera en lo denunciado por <strong>Alfredo G\u00f3mez<\/strong> tambi\u00e9n anunciaba que hab\u00eda procedido a interponer una querella penal contra el concejal de C\u2019s lagunero, por un presunto delito de injurias y calumnias. O sea que ahora tenemos en el terreno judicial los casos: \u201cGr\u00faas\u201d, \u201cReparos\u201d, \u201cLaycas\u201d y ahora, adem\u00e1s el \u201cMatos\u201d \u2026 Deseo y espero que todos acaben, de la manera que sea, pero antes del 2023.<\/li>\n<\/ul>\n<p style=\"text-align: center\"><a href=\"https:\/\/elcotarro.com\/wp-content\/uploads\/2021\/05\/FOTO-6.-RUEDA-DE-PRENSA.jpg\"><img loading=\"lazy\" decoding=\"async\" class=\"alignnone size-full wp-image-9843\" src=\"https:\/\/elcotarro.com\/wp-content\/uploads\/2021\/05\/FOTO-6.-RUEDA-DE-PRENSA.jpg\" alt=\"\" width=\"1200\" height=\"675\" srcset=\"https:\/\/elcotarro.com\/wp-content\/uploads\/2021\/05\/FOTO-6.-RUEDA-DE-PRENSA.jpg 1200w, https:\/\/elcotarro.com\/wp-content\/uploads\/2021\/05\/FOTO-6.-RUEDA-DE-PRENSA-300x169.jpg 300w, https:\/\/elcotarro.com\/wp-content\/uploads\/2021\/05\/FOTO-6.-RUEDA-DE-PRENSA-1024x576.jpg 1024w, https:\/\/elcotarro.com\/wp-content\/uploads\/2021\/05\/FOTO-6.-RUEDA-DE-PRENSA-768x432.jpg 768w\" sizes=\"auto, (max-width: 1200px) 100vw, 1200px\" \/><\/a><\/p>\n<p style=\"text-align: center\"><em>Foto 6.- Manuel G\u00f3mez (PP), Alfredo G\u00f3mez (C\u2019s) y Jos\u00e9 Alberto D\u00edaz (CC)<\/em><\/p>\n<p>&nbsp;<\/p>\n<p><span style=\"color: #0000ff\"><strong>DEVICSER, DEVICSERVER, VENCLEAN\u2026 Y OTRAS<\/strong><\/span><\/p>\n<ul>\n<li>Cuesta creer y yo al menos no me creo (porque ser\u00eda \u201csuicida\u201d pol\u00edtica y profesionalmente) que <strong>Alfredo G\u00f3mez<\/strong> haya manifestado todo lo grabado en el primer v\u00eddeo publicado, sin tener pruebas fehacientes, irrefutables y seguras, de todo lo denunciado. Pero hay que presuponer la inocencia de todos aludidos y esperar a lo que digan los tribunales y la comisi\u00f3n de investigaci\u00f3n, pedida por los denunciantes y ya aceptada por <strong>Luis Yeray Guti\u00e9rrez<\/strong> en su escrito de la alcald\u00eda y que, se supone, ser\u00e1 aprobada en el pr\u00f3ximo pleno del ayuntamiento lagunero por unanimidad. Mientras tanto, personas tambi\u00e9n nombradas, como <strong>Mar\u00eda Desire\u00e9 Ad\u00e1n Trujillo<\/strong>, y empresas aludidas como Devicser, Devicserver, Venclean (las tres, por cierto, con <strong>Mar\u00eda Desiree Ad\u00e1n<\/strong> como administradora), estar\u00e1n estudiando qu\u00e9 hacer y c\u00f3mo defenderse de tales acusaciones, como ya lo ha hecho el presidente del Parlamento de Canarias, <strong>Gustavo Matos, <\/strong>quien, por lo que se ve, se ha sentido aludido directa o indirectamente por un qu\u00edtame all\u00e1 esa p\u00e9rgola. \u00a0Por cierto:\u00bfAlguien con despacho oficial en Santa Cruz de Tenerife (no en La Laguna) realiz\u00f3 algunas llamadas el pasado martes o mi\u00e9rcoles, para intentar que no se publicara el v\u00eddeo y para que no se celebrara la rueda de prensa?<\/li>\n<\/ul>\n<p><a href=\"https:\/\/elcotarro.com\/wp-content\/uploads\/2021\/05\/FOTO-7.-GUSTAVO-MATOS.jpg\"><img loading=\"lazy\" decoding=\"async\" class=\"size-full wp-image-9844\" src=\"https:\/\/elcotarro.com\/wp-content\/uploads\/2021\/05\/FOTO-7.-GUSTAVO-MATOS.jpg\" alt=\"\" width=\"2241\" height=\"757\" srcset=\"https:\/\/elcotarro.com\/wp-content\/uploads\/2021\/05\/FOTO-7.-GUSTAVO-MATOS.jpg 2241w, https:\/\/elcotarro.com\/wp-content\/uploads\/2021\/05\/FOTO-7.-GUSTAVO-MATOS-300x101.jpg 300w, https:\/\/elcotarro.com\/wp-content\/uploads\/2021\/05\/FOTO-7.-GUSTAVO-MATOS-1024x346.jpg 1024w, https:\/\/elcotarro.com\/wp-content\/uploads\/2021\/05\/FOTO-7.-GUSTAVO-MATOS-768x259.jpg 768w, https:\/\/elcotarro.com\/wp-content\/uploads\/2021\/05\/FOTO-7.-GUSTAVO-MATOS-1536x519.jpg 1536w, https:\/\/elcotarro.com\/wp-content\/uploads\/2021\/05\/FOTO-7.-GUSTAVO-MATOS-2048x692.jpg 2048w\" sizes=\"auto, (max-width: 2241px) 100vw, 2241px\" \/><\/a><\/p>\n<p style=\"text-align: center\"><em>Foto 7.- Gustavo Matos, presidente del Parlamento, quien ya ha anunciado su querella (Foto: Parlamento \/ Pepe Torres)<\/em><\/p>\n<p>&nbsp;<\/p>\n<p><span style=\"color: #0000ff\"><strong>VEREMOS A VER EN QU\u00c9 ACABAN ESTOS POLVOS\u2026<\/strong><\/span><\/p>\n<ul>\n<li>Cuando se abre una caja de truenos, no se sabe c\u00f3mo acabar\u00e1 la tormenta, pero, en principio, como ya he dicho, todos se presumen inocentes. No obstante, est\u00e1 claro que el denunciante, <strong>Alfredo G\u00f3mez \u00c1lvarez<\/strong>, no ha tenido pelos en la lengua. Ha manifestado, textualmente, haber encontrado <em>\u201cm\u00faltiples contratos (ha dicho que m\u00e1s de 100) adjudicados a dedo a las mismas personas y empresas, y todas ellas con relaciones familiares de v\u00ednculos al partido que gobierna, el PSOE\u201d<\/em> y no se ha cortado un pelo al decir que <em>\u201cel origen de estas contrataciones, nace de la pareja formada por el alcalde, <strong>Luis Yeray Guti\u00e9rrez<\/strong>, y su pareja y concejal de Cultura, <strong>Yaiza L\u00f3pez<\/strong><\/em>\u201d, quien, por cierto, est\u00e1 a punto de dar a luz y a quien yo le deseo que todo salga muy bien y que la criatura nazca sana y de maravilla. Plasmar aqu\u00ed todo lo denunciado en el v\u00eddeo de marras es imposible. Al final del mismo, se habla de desviaciones de unos 140.000 euros, aunque, por lo que al parecer se va a informar en alg\u00fan futuro v\u00eddeo a punto de salir, alg\u00fan medio ya ha dicho que el montante final de dinero puede rondar el mill\u00f3n. Rese\u00f1ar que, curiosamente, el concejal <strong>Alfredo G\u00f3mez<\/strong> no habla (en principio) de \u201cilegalidades\u201d, sino de \u201cinmoralidad vergonzosa\u201d. Pero, lo cierto y verdad es que, en su denuncia en el juzgado, habla de <em>\u201ctemas que pudieran constituir un delito continuado de prevaricaci\u00f3n administrativa, cohecho, malversaci\u00f3n de caudales p\u00fablicos, gesti\u00f3n interesada y falsedad documental\u201d.<\/em> Casi nada, lo del ojo\u2026 Esperemos a ver si llegan los anunciados pr\u00f3ximos videos y, si llegan\u2026, ya veremos.<\/li>\n<\/ul>\n<p style=\"text-align: center\"><a href=\"https:\/\/elcotarro.com\/wp-content\/uploads\/2021\/05\/FOTO-8.-LUIS-YERAY-Y-YAIZA.jpg\"><img loading=\"lazy\" decoding=\"async\" class=\"alignnone size-full wp-image-9845\" src=\"https:\/\/elcotarro.com\/wp-content\/uploads\/2021\/05\/FOTO-8.-LUIS-YERAY-Y-YAIZA.jpg\" alt=\"\" width=\"1236\" height=\"776\" srcset=\"https:\/\/elcotarro.com\/wp-content\/uploads\/2021\/05\/FOTO-8.-LUIS-YERAY-Y-YAIZA.jpg 1236w, https:\/\/elcotarro.com\/wp-content\/uploads\/2021\/05\/FOTO-8.-LUIS-YERAY-Y-YAIZA-300x188.jpg 300w, https:\/\/elcotarro.com\/wp-content\/uploads\/2021\/05\/FOTO-8.-LUIS-YERAY-Y-YAIZA-1024x643.jpg 1024w, https:\/\/elcotarro.com\/wp-content\/uploads\/2021\/05\/FOTO-8.-LUIS-YERAY-Y-YAIZA-768x482.jpg 768w\" sizes=\"auto, (max-width: 1236px) 100vw, 1236px\" \/><\/a><\/p>\n<p style=\"text-align: center\"><em>Foto 8.- Luis Yeray Guti\u00e9rrez (i) y su pareja, Yaiza L\u00f3pez (d) en la inauguraci\u00f3n de la exposici\u00f3n antol\u00f3gica del pintor Manolo S\u00e1nchez (c) abierta en el antiguo convento lagunero de Santo Domingo, y que recomiendo a todos visitar.<\/em><\/p>\n<p>&nbsp;<\/p>\n<p><span style=\"color: #0000ff\"><strong>LUIS YERAY QUIERE INVESTIGAR\u2026 UNA D\u00c9CADA<\/strong><\/span><\/p>\n<ul>\n<li>Termino el lagunero tema (y no solo lagunero) rese\u00f1ando que, por lo pronto y en su leg\u00edtima defensa, el alcalde de La Laguna<strong>, Luis Yeray Guti\u00e9rrez<\/strong>, ya en su comunicado oficial desde la alcald\u00eda, se manifiesta de forma tajante asegurando que <em>\u201c<\/em><em>Ninguno de los contratos menores realizados por este Ayuntamiento desde junio de 2019 cuenta con un informe t\u00e9cnico en contra o que tan siquiera cuestione su idoneidad. Por tanto, todos se han realizado siguiendo los procesos administrativos reglamentarios y conforme a la m\u00e1s estricta legalidad\u201d \u2026<\/em> Tan seguro se siente <strong>Luis Yeray Guti\u00e9rrez<\/strong> que ya avisa: <em>\u201cen el pr\u00f3ximo pleno propondr\u00e9 la constituci\u00f3n de una Comisi\u00f3n Especial de Investigaci\u00f3n, con la participaci\u00f3n de todas las fuerzas pol\u00edticas representadas en el pleno\u201d<\/em>. Y por aquello de que, <em>\u201csi no quieres caldo, toma dos tazas\u201d<\/em> el alcalde lagunero avisa de que la comisi\u00f3n servir\u00e1 <em>\u201cpara analizar de manera rigurosa cu\u00e1les son y han sido hasta ahora los procesos de contrataci\u00f3n de esta administraci\u00f3n, en un marco temporal amplio, que abarque las contrataciones p\u00fablicas realizadas en la \u00faltima d\u00e9cada\u201d<\/em> Y yo me pregunto\u2026 \u00bfterminar\u00e1 su investigaci\u00f3n y dar\u00e1 resultados claros antes del a\u00f1o 2023?<\/li>\n<\/ul>\n<p style=\"text-align: center\"><a href=\"https:\/\/elcotarro.com\/wp-content\/uploads\/2021\/05\/FOTO-9.-LUIS-YERAY-Y-JOSE-ALBERTO.jpeg\"><img loading=\"lazy\" decoding=\"async\" class=\"alignnone size-full wp-image-9846\" src=\"https:\/\/elcotarro.com\/wp-content\/uploads\/2021\/05\/FOTO-9.-LUIS-YERAY-Y-JOSE-ALBERTO.jpeg\" alt=\"\" width=\"1024\" height=\"683\" srcset=\"https:\/\/elcotarro.com\/wp-content\/uploads\/2021\/05\/FOTO-9.-LUIS-YERAY-Y-JOSE-ALBERTO.jpeg 1024w, https:\/\/elcotarro.com\/wp-content\/uploads\/2021\/05\/FOTO-9.-LUIS-YERAY-Y-JOSE-ALBERTO-300x200.jpeg 300w, https:\/\/elcotarro.com\/wp-content\/uploads\/2021\/05\/FOTO-9.-LUIS-YERAY-Y-JOSE-ALBERTO-768x512.jpeg 768w\" sizes=\"auto, (max-width: 1024px) 100vw, 1024px\" \/><\/a><\/p>\n<p style=\"text-align: center\"><em>Foto 9.- Analizando todo lo que est\u00e1 pasando en La Laguna, viendo esta foto y pensando en pre-pactos, lealtades y traiciones, \u00bfSe podr\u00eda pensar que aquellos vientos sembraron estas tempestades y que de aquellos polvos vienen estos lodos?<\/em><\/p>\n<p>&nbsp;<\/p>\n<p><span style=\"color: #0000ff\"><strong>BERM\u00daDEZ RECIBE AL CAMPE\u00d3N DELGADO DEKANY<\/strong><\/span><\/p>\n<ul>\n<li>Mientras en La Laguna, la \u201cvilla de arriba\u201d, se capea la \u201ctormenta\u201d pol\u00edtico-judicial, en Santa Cruz de Tenerife, la co-capital regional (o barrio de pescadores, que dir\u00eda el lagunero profundo) el alcalde <strong>Jos\u00e9 Manuel Berm\u00fadez<\/strong> trabaja sin parar y \u201cen est\u00e9reo\u201d, o sea, en clave municipal y, a la vez, insular. Como buen pol\u00edtico y mejor diplom\u00e1tico, <strong>Berm\u00fadez<\/strong> ha tenido el detallazo de recibir al joven chicharrero <strong>Iv\u00e1n Delgado Dekany<\/strong>, reciente ganador del campeonato de Espa\u00f1a de tenis-playa sub-18, celebrado en Las Palmas de Gran Canaria. El alcalde santacrucero tuvo el gesto (que le honra) de recibir a <strong>Iv\u00e1n Delgado Dekany<\/strong>acompa\u00f1ado por su madre <strong>Cristina Dekany<\/strong> y por el orgulloso abuelo del campe\u00f3n, nuestro querido y siempre honorable <strong>Jean Dekany Weber<\/strong>, ex -c\u00f3nsul honorario de Francia en Tenerife. Junto a ellos fue el presidente de la Federaci\u00f3n Insular de Tenis de Tenerife (FITT), <strong>Miguel del Prado Trallero<\/strong>, tambi\u00e9n m\u00e1s que orgulloso del \u00e9xito nacional del joven <strong>Iv\u00e1n Delgado.<\/strong><\/li>\n<\/ul>\n<p style=\"text-align: center\"><a href=\"https:\/\/elcotarro.com\/wp-content\/uploads\/2021\/05\/FOTO-10.-BERMUDEZ-CON-IVAN.jpg\"><img loading=\"lazy\" decoding=\"async\" class=\"alignnone size-full wp-image-9847\" src=\"https:\/\/elcotarro.com\/wp-content\/uploads\/2021\/05\/FOTO-10.-BERMUDEZ-CON-IVAN.jpg\" alt=\"\" width=\"775\" height=\"516\" srcset=\"https:\/\/elcotarro.com\/wp-content\/uploads\/2021\/05\/FOTO-10.-BERMUDEZ-CON-IVAN.jpg 775w, https:\/\/elcotarro.com\/wp-content\/uploads\/2021\/05\/FOTO-10.-BERMUDEZ-CON-IVAN-300x200.jpg 300w, https:\/\/elcotarro.com\/wp-content\/uploads\/2021\/05\/FOTO-10.-BERMUDEZ-CON-IVAN-768x511.jpg 768w\" sizes=\"auto, (max-width: 775px) 100vw, 775px\" \/><\/a><\/p>\n<p style=\"text-align: center\"><em>Foto 10.- Iv\u00e1n Delgado Dekany (i), campe\u00f3n de Espa\u00f1a de Tenis-Playa Sub-18, regal\u00f3 su camiseta oficial de la FITT al alcalde Jos\u00e9 Manuel Berm\u00fadez.<\/em><\/p>\n<p style=\"text-align: center\"><a href=\"https:\/\/elcotarro.com\/wp-content\/uploads\/2021\/05\/FOTO-11.-AUDIENCIA.jpg\"><img loading=\"lazy\" decoding=\"async\" class=\"alignnone size-full wp-image-9848\" src=\"https:\/\/elcotarro.com\/wp-content\/uploads\/2021\/05\/FOTO-11.-AUDIENCIA.jpg\" alt=\"\" width=\"715\" height=\"600\" srcset=\"https:\/\/elcotarro.com\/wp-content\/uploads\/2021\/05\/FOTO-11.-AUDIENCIA.jpg 715w, https:\/\/elcotarro.com\/wp-content\/uploads\/2021\/05\/FOTO-11.-AUDIENCIA-300x252.jpg 300w\" sizes=\"auto, (max-width: 715px) 100vw, 715px\" \/><\/a><\/p>\n<p style=\"text-align: center\"><em>Foto 11.- De izquierda a derecha: Cristina Dekany Bruno (de espalda), Jean Dekany Weber, <\/em><em>Miguel del Prado Trallero, Iv\u00e1n Delgado Dekany y Jos\u00e9 Manuel Berm\u00fadez.<\/em><\/p>\n<p>&nbsp;<\/p>\n<p style=\"text-align: center\"><strong>ESPECIALIDAD DE URGENCIAS Y EMERGENCIAS \u00a1YA!<\/strong><\/p>\n<ul>\n<li>Antes de terminar no me puedo olvidar de que, el pasado d\u00eda 27 (jueves) se celebr\u00f3 el D\u00eda Internacional de la Medicina de Urgencias y Emergencias, una especialidad, tanto en Medicina como en Enfermer\u00eda, que ya est\u00e1 implantada desde hace a\u00f1os en innumerables naciones de todo el mundo y en 22 de los 27 pa\u00edses que conforman la Uni\u00f3n Europea. Como afirma el doctor <strong>Manuel V\u00e1zquez Lima<\/strong>, presidente de la Sociedad Espa\u00f1ola de Medicina de Urgencias y Emergencias (SEMES) y siempre nos recuerda nuestro paisano, el doctor <strong>Guillermo Burillo Putze<\/strong>, presidente de SEMES en Canarias, Espa\u00f1a es de los pocos pa\u00edses que a\u00fan no tiene reconocida esta necesaria especialidad. Aunque, dicho sea de paso, es curioso que, en el seno de nuestras Fuerzas Armadas espa\u00f1olas, hace tiempo que ya esta Medicina de Urgencias y Emergencias s\u00ed est\u00e1 reconocida, tanto en el \u00e1mbito m\u00e9dico como en el de la Enfermer\u00eda. Una vez m\u00e1s, el Ej\u00e9rcito de Espa\u00f1a en la vanguardia.<\/li>\n<\/ul>\n<p style=\"text-align: center\"><a href=\"https:\/\/elcotarro.com\/wp-content\/uploads\/2021\/05\/FOTO-12.-URGENCIAS.jpeg\"><img loading=\"lazy\" decoding=\"async\" class=\"alignnone size-full wp-image-9849\" src=\"https:\/\/elcotarro.com\/wp-content\/uploads\/2021\/05\/FOTO-12.-URGENCIAS.jpeg\" alt=\"\" width=\"1600\" height=\"1143\" srcset=\"https:\/\/elcotarro.com\/wp-content\/uploads\/2021\/05\/FOTO-12.-URGENCIAS.jpeg 1600w, https:\/\/elcotarro.com\/wp-content\/uploads\/2021\/05\/FOTO-12.-URGENCIAS-300x214.jpeg 300w, https:\/\/elcotarro.com\/wp-content\/uploads\/2021\/05\/FOTO-12.-URGENCIAS-1024x732.jpeg 1024w, https:\/\/elcotarro.com\/wp-content\/uploads\/2021\/05\/FOTO-12.-URGENCIAS-768x549.jpeg 768w, https:\/\/elcotarro.com\/wp-content\/uploads\/2021\/05\/FOTO-12.-URGENCIAS-1536x1097.jpeg 1536w\" sizes=\"auto, (max-width: 1600px) 100vw, 1600px\" \/><\/a><\/p>\n<p style=\"text-align: center\"><em>Foto 12.- Profesionales de la medicina y enfermer\u00eda de Urgencias y Emergencias reivindicando su especialidad en el exterior del Hospital Universitario de Canarias<\/em><\/p>\n<p>&nbsp;<\/p>\n<p><span style=\"color: #0000ff\"><strong>UNANIMIDAD EN EL PARLAMENTO DE CANARIAS<\/strong><\/span><\/p>\n<ul>\n<li>Lo de Espa\u00f1a en una triste, lamentable y vergonzosa realidad, pero, todo hay que decirlo y destacarlo, porque el tema lo merece y es de justicia, hace muy pocas semanas, en el Parlamento de Canarias que preside <strong>Gustavo Matos Exp\u00f3sito<\/strong>, los diputados y diputadas de nuestra c\u00e1mara regional aprobaron en sesi\u00f3n plenaria y por unanimidad, instar al Gobierno de Espa\u00f1a para que, lo antes posible, se haga realidad esa demandada reivindicaci\u00f3n y esa necesaria creaci\u00f3n de la especialidad de Medicina de Urgencias y Emergencias. Hoy por hoy, esos profesionales, m\u00e9dicos y enfermeras de Urgencias y Emergencias son los que est\u00e1n siempre en primera fila. D\u00e1ndolo todo. Ahora en medio de la pandemia, pero tambi\u00e9n antes y, seguro, despu\u00e9s de que pase. Muchas veces desbordados, sin medios, agotados, pero siempre motivados con una profesionalidad que hay que reconocerles con su concreta especialidad. Me uno a la petici\u00f3n y justa reivindicaci\u00f3n del doctor <strong>Manuel V\u00e1zquez Lima, <\/strong>a la de nuestro paisano, el doctor <strong>Guillermo Burillo<\/strong>, y a la de todos los profesionales de la Medicina y la Enfermer\u00eda en Tenerife y Canarias que hoy en d\u00eda, a\u00fan sin reconoc\u00e9rselo oficialmente, est\u00e1n trabajando como aut\u00e9nticos especialistas de Urgencias y Emergencias. Me solidarizo con ellos y digo muy alto: \u00a1especialidad de Medicina de Urgencias y Emergencias, \u00a1YA!<\/li>\n<\/ul>\n<p style=\"text-align: center\"><a href=\"https:\/\/elcotarro.com\/wp-content\/uploads\/2021\/05\/FOTO-13.-AMBULANCIA.jpeg\"><img loading=\"lazy\" decoding=\"async\" class=\"alignnone size-full wp-image-9850\" src=\"https:\/\/elcotarro.com\/wp-content\/uploads\/2021\/05\/FOTO-13.-AMBULANCIA.jpeg\" alt=\"\" width=\"1600\" height=\"1200\" srcset=\"https:\/\/elcotarro.com\/wp-content\/uploads\/2021\/05\/FOTO-13.-AMBULANCIA.jpeg 1600w, https:\/\/elcotarro.com\/wp-content\/uploads\/2021\/05\/FOTO-13.-AMBULANCIA-300x225.jpeg 300w, https:\/\/elcotarro.com\/wp-content\/uploads\/2021\/05\/FOTO-13.-AMBULANCIA-1024x768.jpeg 1024w, https:\/\/elcotarro.com\/wp-content\/uploads\/2021\/05\/FOTO-13.-AMBULANCIA-768x576.jpeg 768w, https:\/\/elcotarro.com\/wp-content\/uploads\/2021\/05\/FOTO-13.-AMBULANCIA-1536x1152.jpeg 1536w\" sizes=\"auto, (max-width: 1600px) 100vw, 1600px\" \/><\/a><\/p>\n<p style=\"text-align: center\"><em>Foto 13.- Cuando vemos una ambulancia a toda velocidad, no debemos olvidar que el personal que va dentro de ella son profesionales de Urgencias y Emergencias.<\/em><\/p>\n<p>&nbsp;<\/p>\n<p><span style=\"color: #0000ff\"><strong>\u00a1POR FIN!&#8230; EL \u2018SIAM PARK\u2019 REABRI\u00d3 SUS PUERTAS<\/strong><\/span><\/p>\n<ul>\n<li>No puedo terminar <strong><em>El Cotarro<\/em><\/strong> de hoy sin recordarles que ayer reabri\u00f3 sus puertas el popular Siam Park, en el sur de Tenerife, tras estar cerrado m\u00e1s de un a\u00f1o por culpa de la maldita pandemia. Durante la jornada de apertura, <strong>Christoph Kiessling<\/strong>, vicepresidente de la Compa\u00f1\u00eda Loro Parque y director de Siam Park, estuvo acompa\u00f1ado de autoridades y amigos, como el alcalde de Adeje, <strong>Jos\u00e9 Miguel Rodr\u00edguez Fraga<\/strong>, as\u00ed como su concejal de Turismo y Deportes, <strong>Adolfo Alonso Ferrera<\/strong> y comparti\u00f3 con los medios de comunicaci\u00f3n todas las novedades, las medidas de seguridad y el nuevo funcionamiento del <em>\u201cReino del Agua\u201d.<\/em> \u00a0A pesar de haber pasado m\u00e1s de un a\u00f1o cerrado, sigue sin haber lugar a dudas: Siam Park es el mejor parque acu\u00e1tico que existe sobre la faz de la tierra, y est\u00e1 en Espa\u00f1a. As\u00ed lo ha confirmado el Travellers\u2019 Choice Award, que Siam Park ha recibido durante siete a\u00f1os consecutivos gracias a las valoraciones positivas de sus visitantes en el prestigioso portal de viajes TripAdvisor. Como recuerda merecidamente orgulloso <strong>Christoph Kiessling,<\/strong>Siam Park es el \u00fanico parque que ha logrado esta distinci\u00f3n tantas veces seguidas, y tambi\u00e9n el \u00fanico que ha recibido este premio desde que TripAdvisor inaugurara la categor\u00eda de \u201cparques acu\u00e1ticos\u201d hace siete a\u00f1os. Un magn\u00edfico lugar, por cierto, para celebrar disfrutando este D\u00eda de Canarias.<\/li>\n<\/ul>\n<p style=\"text-align: center\"><a href=\"https:\/\/elcotarro.com\/wp-content\/uploads\/2021\/05\/FOTO-14.-SIAM-PARK.jpg\"><img loading=\"lazy\" decoding=\"async\" class=\"alignnone size-full wp-image-9851\" src=\"https:\/\/elcotarro.com\/wp-content\/uploads\/2021\/05\/FOTO-14.-SIAM-PARK.jpg\" alt=\"\" width=\"1600\" height=\"1067\" srcset=\"https:\/\/elcotarro.com\/wp-content\/uploads\/2021\/05\/FOTO-14.-SIAM-PARK.jpg 1600w, https:\/\/elcotarro.com\/wp-content\/uploads\/2021\/05\/FOTO-14.-SIAM-PARK-300x200.jpg 300w, https:\/\/elcotarro.com\/wp-content\/uploads\/2021\/05\/FOTO-14.-SIAM-PARK-1024x683.jpg 1024w, https:\/\/elcotarro.com\/wp-content\/uploads\/2021\/05\/FOTO-14.-SIAM-PARK-768x512.jpg 768w, https:\/\/elcotarro.com\/wp-content\/uploads\/2021\/05\/FOTO-14.-SIAM-PARK-1536x1024.jpg 1536w\" sizes=\"auto, (max-width: 1600px) 100vw, 1600px\" \/><\/a><\/p>\n<p style=\"text-align: center\"><em>Foto 14.- Christoph Kiessling (i) Jos\u00e9 Miguel Rodr\u00edguez Fraga (c) y Adolfo Alonso Ferrera, en la playa de Siam Park, tras su esperada reapertura.<\/em><\/p>\n<p>&nbsp;<\/p>\n<p><span style=\"color: #0000ff\"><strong>TENERIFE VA A TRIUNFAR EN MADRIDFUSI\u00d3N\u20192021<\/strong><\/span><\/p>\n<ul>\n<li>Remato <strong><em>El Cotarro<\/em><\/strong> de este <em>D\u00eda de Canarias<\/em>, record\u00e1ndoles que, a partir de ma\u00f1ana lunes, 31 de mayo y hasta el pr\u00f3ximo mi\u00e9rcoles, 2 de junio, Tenerife vuelve con m\u00e1s ilusi\u00f3n y ganas que nunca a presentar todos productos, sabores y buen hacer gastron\u00f3mico en el Congreso Internacional de Gastronom\u00eda, MadridFusi\u00f3n 2021, que, presidido por mi tocayo y amigo, <strong>Jos\u00e9 Carlos Capel<\/strong>, periodista, escritor y cr\u00edtico gastron\u00f3mico de <em>El Pa\u00eds<\/em>, se anuncia como \u201cel primer congreso global de gastronom\u00eda del mundo\u201d. Coordinado por el chef <strong>Juan Carlos Clemente<\/strong>, Tenerife se presentar\u00e1 en un amplio estand de 96 m2, que incluye un innovador restaurante. Adem\u00e1s, Tenerife estar\u00e1 presentando sus vinos en la nueva zona del congreso denominada MF <em>The Wine Edition<\/em>. Y no faltar\u00e1 la presencia de nuestra isla en el espacio destinado al proyecto Saborea Espa\u00f1a, entre cuyos destinos est\u00e1 nuestra isla. El presidente del Cabildo, <strong>Pedro Mart\u00edn<\/strong>, junto con su consejero de Agricultura, <strong>Javier Parrilla<\/strong> y el consejero delegado de Turismo de Tenerife, <strong>David P\u00e9rez<\/strong>, han destacado que, por primera vez, la actividad del congreso podr\u00e1 seguirse en las redes sociales de Visit Tenerife, Tenerife GastroExperience y Cabildo de Tenerife, que emitir\u00e1n en streaming la presentaci\u00f3n de la nueva marca \u2018Carnes Frescas de Tenerife\u2019, el ronqueo de un at\u00fan y una cata de vinos, entre otras muchas actividades, presentaciones y degustaciones. De todo ello le daremos d\u00eda a d\u00eda puntual informaci\u00f3n en www.gastrocanarias.com<\/li>\n<\/ul>\n<p><a href=\"https:\/\/elcotarro.com\/wp-content\/uploads\/2021\/05\/FOTO-15.-STAND-TENERIFE-MF.jpg\"><img loading=\"lazy\" decoding=\"async\" class=\"size-full wp-image-9855 aligncenter\" src=\"https:\/\/elcotarro.com\/wp-content\/uploads\/2021\/05\/FOTO-15.-STAND-TENERIFE-MF.jpg\" alt=\"\" width=\"1600\" height=\"800\" srcset=\"https:\/\/elcotarro.com\/wp-content\/uploads\/2021\/05\/FOTO-15.-STAND-TENERIFE-MF.jpg 1600w, https:\/\/elcotarro.com\/wp-content\/uploads\/2021\/05\/FOTO-15.-STAND-TENERIFE-MF-300x150.jpg 300w, https:\/\/elcotarro.com\/wp-content\/uploads\/2021\/05\/FOTO-15.-STAND-TENERIFE-MF-1024x512.jpg 1024w, https:\/\/elcotarro.com\/wp-content\/uploads\/2021\/05\/FOTO-15.-STAND-TENERIFE-MF-768x384.jpg 768w, https:\/\/elcotarro.com\/wp-content\/uploads\/2021\/05\/FOTO-15.-STAND-TENERIFE-MF-1536x768.jpg 1536w\" sizes=\"auto, (max-width: 1600px) 100vw, 1600px\" \/><\/a><\/p>\n<p style=\"text-align: center\"><em>Foto 15.- Infograf\u00eda del stand de Tenerife en el congreso gastron\u00f3mico MadridFusi\u00f3n.<\/em><\/p>\n<p><strong>\u00a0<\/strong><\/p>\n<p><strong>* Jos\u00e9 Carlos MARRERO GONZ\u00c1LEZ<\/strong><\/p>\n<p>Periodista y analista de la actualidad.<\/p>\n<p>Director de <strong><em>El Cotarro<\/em><\/strong> (<a href=\"https:\/\/elcotarro.com\">www.elcotarro.com<\/a>)<\/p>\n<p>Director de <strong><em>Canarias en Positivo<\/em><\/strong> (<a href=\"http:\/\/www.canariasenpositivo.com\">www.canariasenpositivo.com<\/a>)<\/p>\n<p>Director de <strong><em>GastroCanarias<\/em><\/strong> (<a href=\"http:\/\/www.gastrocanarias.com\">www.gastrocanarias.com<\/a>)<\/p>\n<p style=\"text-align: center\"><a href=\"http:\/\/www.careca.es\/\" target=\"_blank\" rel=\"noopener noreferrer\"><img loading=\"lazy\" decoding=\"async\" class=\"size-full wp-image-2216 aligncenter\" src=\"https:\/\/elcotarro.com\/wp-content\/uploads\/2016\/07\/InsulacafeElCotarro.jpg\" alt=\"Bnn_Careca\" width=\"750\" height=\"150\" \/><\/a><\/p>\n","protected":false},"excerpt":{"rendered":"<p>\u00a1FELIZ D\u00cdA DE CANARIAS!\u2026 CON INCERTIDUMBRES No puedo por menos que comenzar El Cotarro de este domingo con un \u00a1\u00a1feliz D\u00eda de Canarias!! y con el deseo de que esta regi\u00f3n nuestra, vaya pronto a mejor en todo. En primer lugar, a mejor en lo que respecta a la maldita pandemia de la COVID; en &#8230; <a class=\"read-more\" href=\"https:\/\/elcotarro.com\/?p=9837\">Read more<\/a><\/p>\n","protected":false},"author":2,"featured_media":0,"comment_status":"open","ping_status":"open","sticky":false,"template":"","format":"standard","meta":{"_jetpack_memberships_contains_paid_content":false,"footnotes":""},"categories":[1],"tags":[],"class_list":["post-9837","post","type-post","status-publish","format-standard","hentry","category-sin-categoria"],"yoast_head":"<!-- This site is optimized with the Yoast SEO plugin v27.0 - https:\/\/yoast.com\/product\/yoast-seo-wordpress\/ -->\n<title>&quot;EL COTARRO&quot; DIGITAL N\u00ba351 DEL 30 DE MAYO DE 2021 - El Cotarro<\/title>\n<meta name=\"robots\" content=\"index, follow, max-snippet:-1, max-image-preview:large, max-video-preview:-1\" \/>\n<link rel=\"canonical\" href=\"https:\/\/elcotarro.com\/?p=9837\" \/>\n<meta property=\"og:locale\" content=\"es_ES\" \/>\n<meta property=\"og:type\" content=\"article\" \/>\n<meta property=\"og:title\" content=\"&quot;EL COTARRO&quot; DIGITAL N\u00ba351 DEL 30 DE MAYO DE 2021 - El Cotarro\" \/>\n<meta property=\"og:description\" content=\"\u00a1FELIZ D\u00cdA DE CANARIAS!\u2026 CON INCERTIDUMBRES No puedo por menos que comenzar El Cotarro de este domingo con un \u00a1\u00a1feliz D\u00eda de Canarias!! y con el deseo de que esta regi\u00f3n nuestra, vaya pronto a mejor en todo. En primer lugar, a mejor en lo que respecta a la maldita pandemia de la COVID; en ... Read more\" \/>\n<meta property=\"og:url\" content=\"https:\/\/elcotarro.com\/?p=9837\" \/>\n<meta property=\"og:site_name\" content=\"El Cotarro\" \/>\n<meta property=\"article:publisher\" content=\"https:\/\/www.facebook.com\/ElCotarro.Tenerife\" \/>\n<meta property=\"article:published_time\" content=\"2021-05-30T06:00:02+00:00\" \/>\n<meta property=\"article:modified_time\" content=\"2021-05-30T09:55:50+00:00\" \/>\n<meta property=\"og:image\" content=\"https:\/\/elcotarro.com\/wp-content\/uploads\/2021\/05\/FOTO-1.-DIA-DE-CANARIAS.jpg\" \/>\n<meta name=\"author\" content=\"Jos\u00e9 Carlos Marrero Gonz\u00e1lez\" \/>\n<meta name=\"twitter:label1\" content=\"Escrito por\" \/>\n\t<meta name=\"twitter:data1\" content=\"Jos\u00e9 Carlos Marrero Gonz\u00e1lez\" \/>\n\t<meta name=\"twitter:label2\" content=\"Tiempo de lectura\" \/>\n\t<meta name=\"twitter:data2\" content=\"18 minutos\" \/>\n<script type=\"application\/ld+json\" class=\"yoast-schema-graph\">{\"@context\":\"https:\/\/schema.org\",\"@graph\":[{\"@type\":\"Article\",\"@id\":\"https:\/\/elcotarro.com\/?p=9837#article\",\"isPartOf\":{\"@id\":\"https:\/\/elcotarro.com\/?p=9837\"},\"author\":{\"name\":\"Jos\u00e9 Carlos Marrero Gonz\u00e1lez\",\"@id\":\"https:\/\/elcotarro.com\/#\/schema\/person\/af537ee7d60d15984c7e0affcd8a918b\"},\"headline\":\"\u00abEL COTARRO\u00bb DIGITAL N\u00ba351 DEL 30 DE MAYO DE 2021\",\"datePublished\":\"2021-05-30T06:00:02+00:00\",\"dateModified\":\"2021-05-30T09:55:50+00:00\",\"mainEntityOfPage\":{\"@id\":\"https:\/\/elcotarro.com\/?p=9837\"},\"wordCount\":3504,\"commentCount\":0,\"publisher\":{\"@id\":\"https:\/\/elcotarro.com\/#organization\"},\"image\":{\"@id\":\"https:\/\/elcotarro.com\/?p=9837#primaryimage\"},\"thumbnailUrl\":\"https:\/\/elcotarro.com\/wp-content\/uploads\/2021\/05\/FOTO-1.-DIA-DE-CANARIAS.jpg\",\"inLanguage\":\"es\",\"potentialAction\":[{\"@type\":\"CommentAction\",\"name\":\"Comment\",\"target\":[\"https:\/\/elcotarro.com\/?p=9837#respond\"]}]},{\"@type\":\"WebPage\",\"@id\":\"https:\/\/elcotarro.com\/?p=9837\",\"url\":\"https:\/\/elcotarro.com\/?p=9837\",\"name\":\"\\\"EL COTARRO\\\" DIGITAL N\u00ba351 DEL 30 DE MAYO DE 2021 - El Cotarro\",\"isPartOf\":{\"@id\":\"https:\/\/elcotarro.com\/#website\"},\"primaryImageOfPage\":{\"@id\":\"https:\/\/elcotarro.com\/?p=9837#primaryimage\"},\"image\":{\"@id\":\"https:\/\/elcotarro.com\/?p=9837#primaryimage\"},\"thumbnailUrl\":\"https:\/\/elcotarro.com\/wp-content\/uploads\/2021\/05\/FOTO-1.-DIA-DE-CANARIAS.jpg\",\"datePublished\":\"2021-05-30T06:00:02+00:00\",\"dateModified\":\"2021-05-30T09:55:50+00:00\",\"breadcrumb\":{\"@id\":\"https:\/\/elcotarro.com\/?p=9837#breadcrumb\"},\"inLanguage\":\"es\",\"potentialAction\":[{\"@type\":\"ReadAction\",\"target\":[\"https:\/\/elcotarro.com\/?p=9837\"]}]},{\"@type\":\"ImageObject\",\"inLanguage\":\"es\",\"@id\":\"https:\/\/elcotarro.com\/?p=9837#primaryimage\",\"url\":\"https:\/\/elcotarro.com\/wp-content\/uploads\/2021\/05\/FOTO-1.-DIA-DE-CANARIAS.jpg\",\"contentUrl\":\"https:\/\/elcotarro.com\/wp-content\/uploads\/2021\/05\/FOTO-1.-DIA-DE-CANARIAS.jpg\",\"width\":1656,\"height\":630},{\"@type\":\"BreadcrumbList\",\"@id\":\"https:\/\/elcotarro.com\/?p=9837#breadcrumb\",\"itemListElement\":[{\"@type\":\"ListItem\",\"position\":1,\"name\":\"Portada\",\"item\":\"https:\/\/elcotarro.com\/\"},{\"@type\":\"ListItem\",\"position\":2,\"name\":\"\u00abEL COTARRO\u00bb DIGITAL N\u00ba351 DEL 30 DE MAYO DE 2021\"}]},{\"@type\":\"WebSite\",\"@id\":\"https:\/\/elcotarro.com\/#website\",\"url\":\"https:\/\/elcotarro.com\/\",\"name\":\"El Cotarro\",\"description\":\"Peri\u00f3dico Digital Independiente dirigido por Jos\u00e9 Carlos Marrero\",\"publisher\":{\"@id\":\"https:\/\/elcotarro.com\/#organization\"},\"potentialAction\":[{\"@type\":\"SearchAction\",\"target\":{\"@type\":\"EntryPoint\",\"urlTemplate\":\"https:\/\/elcotarro.com\/?s={search_term_string}\"},\"query-input\":{\"@type\":\"PropertyValueSpecification\",\"valueRequired\":true,\"valueName\":\"search_term_string\"}}],\"inLanguage\":\"es\"},{\"@type\":\"Organization\",\"@id\":\"https:\/\/elcotarro.com\/#organization\",\"name\":\"El Cotarro\",\"url\":\"https:\/\/elcotarro.com\/\",\"logo\":{\"@type\":\"ImageObject\",\"inLanguage\":\"es\",\"@id\":\"https:\/\/elcotarro.com\/#\/schema\/logo\/image\/\",\"url\":\"https:\/\/elcotarro.com\/wp-content\/uploads\/2014\/09\/Cabecera_El_Cotarro_v2.jpg\",\"contentUrl\":\"https:\/\/elcotarro.com\/wp-content\/uploads\/2014\/09\/Cabecera_El_Cotarro_v2.jpg\",\"width\":3540,\"height\":441,\"caption\":\"El Cotarro\"},\"image\":{\"@id\":\"https:\/\/elcotarro.com\/#\/schema\/logo\/image\/\"},\"sameAs\":[\"https:\/\/www.facebook.com\/ElCotarro.Tenerife\"]},{\"@type\":\"Person\",\"@id\":\"https:\/\/elcotarro.com\/#\/schema\/person\/af537ee7d60d15984c7e0affcd8a918b\",\"name\":\"Jos\u00e9 Carlos Marrero Gonz\u00e1lez\",\"image\":{\"@type\":\"ImageObject\",\"inLanguage\":\"es\",\"@id\":\"https:\/\/elcotarro.com\/#\/schema\/person\/image\/\",\"url\":\"https:\/\/secure.gravatar.com\/avatar\/def4da036efb5d32c74d49c351f6dccc064dd69ad9f3aadc295c5a9a5391ca01?s=96&d=mm&r=g\",\"contentUrl\":\"https:\/\/secure.gravatar.com\/avatar\/def4da036efb5d32c74d49c351f6dccc064dd69ad9f3aadc295c5a9a5391ca01?s=96&d=mm&r=g\",\"caption\":\"Jos\u00e9 Carlos Marrero Gonz\u00e1lez\"},\"sameAs\":[\"https:\/\/elcotarro.com\"],\"url\":\"https:\/\/elcotarro.com\/?author=2\"}]}<\/script>\n<!-- \/ Yoast SEO plugin. -->","yoast_head_json":{"title":"\"EL COTARRO\" DIGITAL N\u00ba351 DEL 30 DE MAYO DE 2021 - El Cotarro","robots":{"index":"index","follow":"follow","max-snippet":"max-snippet:-1","max-image-preview":"max-image-preview:large","max-video-preview":"max-video-preview:-1"},"canonical":"https:\/\/elcotarro.com\/?p=9837","og_locale":"es_ES","og_type":"article","og_title":"\"EL COTARRO\" DIGITAL N\u00ba351 DEL 30 DE MAYO DE 2021 - El Cotarro","og_description":"\u00a1FELIZ D\u00cdA DE CANARIAS!\u2026 CON INCERTIDUMBRES No puedo por menos que comenzar El Cotarro de este domingo con un \u00a1\u00a1feliz D\u00eda de Canarias!! y con el deseo de que esta regi\u00f3n nuestra, vaya pronto a mejor en todo. En primer lugar, a mejor en lo que respecta a la maldita pandemia de la COVID; en ... Read more","og_url":"https:\/\/elcotarro.com\/?p=9837","og_site_name":"El Cotarro","article_publisher":"https:\/\/www.facebook.com\/ElCotarro.Tenerife","article_published_time":"2021-05-30T06:00:02+00:00","article_modified_time":"2021-05-30T09:55:50+00:00","og_image":[{"url":"https:\/\/elcotarro.com\/wp-content\/uploads\/2021\/05\/FOTO-1.-DIA-DE-CANARIAS.jpg","type":"","width":"","height":""}],"author":"Jos\u00e9 Carlos Marrero Gonz\u00e1lez","twitter_misc":{"Escrito por":"Jos\u00e9 Carlos Marrero Gonz\u00e1lez","Tiempo de lectura":"18 minutos"},"schema":{"@context":"https:\/\/schema.org","@graph":[{"@type":"Article","@id":"https:\/\/elcotarro.com\/?p=9837#article","isPartOf":{"@id":"https:\/\/elcotarro.com\/?p=9837"},"author":{"name":"Jos\u00e9 Carlos Marrero Gonz\u00e1lez","@id":"https:\/\/elcotarro.com\/#\/schema\/person\/af537ee7d60d15984c7e0affcd8a918b"},"headline":"\u00abEL COTARRO\u00bb DIGITAL N\u00ba351 DEL 30 DE MAYO DE 2021","datePublished":"2021-05-30T06:00:02+00:00","dateModified":"2021-05-30T09:55:50+00:00","mainEntityOfPage":{"@id":"https:\/\/elcotarro.com\/?p=9837"},"wordCount":3504,"commentCount":0,"publisher":{"@id":"https:\/\/elcotarro.com\/#organization"},"image":{"@id":"https:\/\/elcotarro.com\/?p=9837#primaryimage"},"thumbnailUrl":"https:\/\/elcotarro.com\/wp-content\/uploads\/2021\/05\/FOTO-1.-DIA-DE-CANARIAS.jpg","inLanguage":"es","potentialAction":[{"@type":"CommentAction","name":"Comment","target":["https:\/\/elcotarro.com\/?p=9837#respond"]}]},{"@type":"WebPage","@id":"https:\/\/elcotarro.com\/?p=9837","url":"https:\/\/elcotarro.com\/?p=9837","name":"\"EL COTARRO\" DIGITAL N\u00ba351 DEL 30 DE MAYO DE 2021 - El Cotarro","isPartOf":{"@id":"https:\/\/elcotarro.com\/#website"},"primaryImageOfPage":{"@id":"https:\/\/elcotarro.com\/?p=9837#primaryimage"},"image":{"@id":"https:\/\/elcotarro.com\/?p=9837#primaryimage"},"thumbnailUrl":"https:\/\/elcotarro.com\/wp-content\/uploads\/2021\/05\/FOTO-1.-DIA-DE-CANARIAS.jpg","datePublished":"2021-05-30T06:00:02+00:00","dateModified":"2021-05-30T09:55:50+00:00","breadcrumb":{"@id":"https:\/\/elcotarro.com\/?p=9837#breadcrumb"},"inLanguage":"es","potentialAction":[{"@type":"ReadAction","target":["https:\/\/elcotarro.com\/?p=9837"]}]},{"@type":"ImageObject","inLanguage":"es","@id":"https:\/\/elcotarro.com\/?p=9837#primaryimage","url":"https:\/\/elcotarro.com\/wp-content\/uploads\/2021\/05\/FOTO-1.-DIA-DE-CANARIAS.jpg","contentUrl":"https:\/\/elcotarro.com\/wp-content\/uploads\/2021\/05\/FOTO-1.-DIA-DE-CANARIAS.jpg","width":1656,"height":630},{"@type":"BreadcrumbList","@id":"https:\/\/elcotarro.com\/?p=9837#breadcrumb","itemListElement":[{"@type":"ListItem","position":1,"name":"Portada","item":"https:\/\/elcotarro.com\/"},{"@type":"ListItem","position":2,"name":"\u00abEL COTARRO\u00bb DIGITAL N\u00ba351 DEL 30 DE MAYO DE 2021"}]},{"@type":"WebSite","@id":"https:\/\/elcotarro.com\/#website","url":"https:\/\/elcotarro.com\/","name":"El Cotarro","description":"Peri\u00f3dico Digital Independiente dirigido por Jos\u00e9 Carlos Marrero","publisher":{"@id":"https:\/\/elcotarro.com\/#organization"},"potentialAction":[{"@type":"SearchAction","target":{"@type":"EntryPoint","urlTemplate":"https:\/\/elcotarro.com\/?s={search_term_string}"},"query-input":{"@type":"PropertyValueSpecification","valueRequired":true,"valueName":"search_term_string"}}],"inLanguage":"es"},{"@type":"Organization","@id":"https:\/\/elcotarro.com\/#organization","name":"El Cotarro","url":"https:\/\/elcotarro.com\/","logo":{"@type":"ImageObject","inLanguage":"es","@id":"https:\/\/elcotarro.com\/#\/schema\/logo\/image\/","url":"https:\/\/elcotarro.com\/wp-content\/uploads\/2014\/09\/Cabecera_El_Cotarro_v2.jpg","contentUrl":"https:\/\/elcotarro.com\/wp-content\/uploads\/2014\/09\/Cabecera_El_Cotarro_v2.jpg","width":3540,"height":441,"caption":"El Cotarro"},"image":{"@id":"https:\/\/elcotarro.com\/#\/schema\/logo\/image\/"},"sameAs":["https:\/\/www.facebook.com\/ElCotarro.Tenerife"]},{"@type":"Person","@id":"https:\/\/elcotarro.com\/#\/schema\/person\/af537ee7d60d15984c7e0affcd8a918b","name":"Jos\u00e9 Carlos Marrero Gonz\u00e1lez","image":{"@type":"ImageObject","inLanguage":"es","@id":"https:\/\/elcotarro.com\/#\/schema\/person\/image\/","url":"https:\/\/secure.gravatar.com\/avatar\/def4da036efb5d32c74d49c351f6dccc064dd69ad9f3aadc295c5a9a5391ca01?s=96&d=mm&r=g","contentUrl":"https:\/\/secure.gravatar.com\/avatar\/def4da036efb5d32c74d49c351f6dccc064dd69ad9f3aadc295c5a9a5391ca01?s=96&d=mm&r=g","caption":"Jos\u00e9 Carlos Marrero Gonz\u00e1lez"},"sameAs":["https:\/\/elcotarro.com"],"url":"https:\/\/elcotarro.com\/?author=2"}]}},"jetpack_featured_media_url":"","jetpack_sharing_enabled":true,"_links":{"self":[{"href":"https:\/\/elcotarro.com\/index.php?rest_route=\/wp\/v2\/posts\/9837","targetHints":{"allow":["GET"]}}],"collection":[{"href":"https:\/\/elcotarro.com\/index.php?rest_route=\/wp\/v2\/posts"}],"about":[{"href":"https:\/\/elcotarro.com\/index.php?rest_route=\/wp\/v2\/types\/post"}],"author":[{"embeddable":true,"href":"https:\/\/elcotarro.com\/index.php?rest_route=\/wp\/v2\/users\/2"}],"replies":[{"embeddable":true,"href":"https:\/\/elcotarro.com\/index.php?rest_route=%2Fwp%2Fv2%2Fcomments&post=9837"}],"version-history":[{"count":5,"href":"https:\/\/elcotarro.com\/index.php?rest_route=\/wp\/v2\/posts\/9837\/revisions"}],"predecessor-version":[{"id":9858,"href":"https:\/\/elcotarro.com\/index.php?rest_route=\/wp\/v2\/posts\/9837\/revisions\/9858"}],"wp:attachment":[{"href":"https:\/\/elcotarro.com\/index.php?rest_route=%2Fwp%2Fv2%2Fmedia&parent=9837"}],"wp:term":[{"taxonomy":"category","embeddable":true,"href":"https:\/\/elcotarro.com\/index.php?rest_route=%2Fwp%2Fv2%2Fcategories&post=9837"},{"taxonomy":"post_tag","embeddable":true,"href":"https:\/\/elcotarro.com\/index.php?rest_route=%2Fwp%2Fv2%2Ftags&post=9837"}],"curies":[{"name":"wp","href":"https:\/\/api.w.org\/{rel}","templated":true}]}}