{"id":9859,"date":"2021-06-06T07:00:30","date_gmt":"2021-06-06T06:00:30","guid":{"rendered":"https:\/\/elcotarro.com\/?p=9859"},"modified":"2021-06-05T22:26:11","modified_gmt":"2021-06-05T21:26:11","slug":"el-cotarro-digital-no352-del-06-de-junio-de-2021","status":"publish","type":"post","link":"https:\/\/elcotarro.com\/?p=9859","title":{"rendered":"\u00abEL COTARRO\u00bb DIGITAL N\u00ba352 DEL 06 DE JUNIO DE 2021"},"content":{"rendered":"<p><span style=\"color: #0000ff\"><strong>LA LAGUNA, ENTRE LA INCERTIDUMBRE Y EL MIEDO<\/strong><\/span><\/p>\n<ul>\n<li>Comienzo <strong><em>El Cotarro<\/em><\/strong> de esta semana recordando que, un domingo como hoy, tres d\u00edas despu\u00e9s de la celebraci\u00f3n lit\u00fargica del Corpus Christi, La Laguna amanec\u00eda con las principales calles de su casco hist\u00f3rico cubiertas con un casi sin fin de alfombras de flores. Hoy, por motivos de la pandemia, no ser\u00e1 as\u00ed. Pero La Laguna sigue teniendo \u201calfombras\u201d (de otro tipo) y muchos est\u00e1n empe\u00f1ados a sacar toda la \u201cbasura\u201d acumulada debajo de ellas. La Laguna (casco y municipio) est\u00e1 en la actualidad en un curioso estado en el que se siente, pol\u00edticamente hablando, una \u201csensaci\u00f3n clim\u00e1tica\u201d en la que se entremezcla incertidumbre y nerviosismo, con acojono y temor, por no decir miedo. Ahora el ojo del hurac\u00e1n se centra en lo denunciado por el concejal de Ciudadanos, <strong>Alfredo G\u00f3mez \u00c1lvarez<\/strong>, presidente de la Comisi\u00f3n de Transparencia, su anunciada serie de 10 v\u00eddeos (del que solo ha salido el \u201cepisodio 1\u201d, que yo sepa) y que tiene que ver con los derroteros del llamado \u201cCaso Laykas\u201d (ya tristemente popular) y los posibles efectos \u201ccolaterales\u201d del mismo y sus derivadas<\/li>\n<\/ul>\n<p style=\"text-align: center\"><a href=\"https:\/\/elcotarro.com\/wp-content\/uploads\/2021\/06\/FOTO-1.-ALFREDO-Y-LUIS-YERAY.jpg\"><img loading=\"lazy\" decoding=\"async\" class=\"alignnone size-full wp-image-9860\" src=\"https:\/\/elcotarro.com\/wp-content\/uploads\/2021\/06\/FOTO-1.-ALFREDO-Y-LUIS-YERAY.jpg\" alt=\"\" width=\"1200\" height=\"675\" srcset=\"https:\/\/elcotarro.com\/wp-content\/uploads\/2021\/06\/FOTO-1.-ALFREDO-Y-LUIS-YERAY.jpg 1200w, https:\/\/elcotarro.com\/wp-content\/uploads\/2021\/06\/FOTO-1.-ALFREDO-Y-LUIS-YERAY-300x169.jpg 300w, https:\/\/elcotarro.com\/wp-content\/uploads\/2021\/06\/FOTO-1.-ALFREDO-Y-LUIS-YERAY-1024x576.jpg 1024w, https:\/\/elcotarro.com\/wp-content\/uploads\/2021\/06\/FOTO-1.-ALFREDO-Y-LUIS-YERAY-768x432.jpg 768w\" sizes=\"auto, (max-width: 1200px) 100vw, 1200px\" \/><\/a><\/p>\n<p style=\"text-align: center\"><em>Foto 1.- Alfredo G\u00f3mez (i) y Luis Yeray Guti\u00e9rrez\u2026 \u00bfhablando de transparencia?<\/em><\/p>\n<p>&nbsp;<\/p>\n<p><span style=\"color: #0000ff\"><strong>TODOS INVESTIG\u00c1NDOSE, LOS UNOS A LOS OTROS<\/strong><\/span><\/p>\n<ul>\n<li>El alcalde de La Laguna, <strong>Luis Yeray Guti\u00e9rrez<\/strong> (PSOE) hace de tripas coraz\u00f3n y se encomienda a la Comisi\u00f3n de Investigaci\u00f3n que quiere montar como idea suya, pero que ya hab\u00eda solicitado la oposici\u00f3n por parte de <strong>Jos\u00e9 Alberto D\u00edaz <\/strong>(CC), <strong>Manuel G\u00f3mez<\/strong> (PP) y el propio <strong>Alfredo G\u00f3mez<\/strong> (C\u2019s). Los compa\u00f1eros de <strong>Luis Yeray<\/strong> en el grupo de Gobierno Municipal, <strong>Rubens Ascanio<\/strong> (USP) y <strong>Santiago P\u00e9rez<\/strong> (ALL) tendr\u00e1n que retratarse y votar en el pleno que, necesariamente, deber\u00e1 aprobar la creaci\u00f3n de la mencionada comisi\u00f3n y que, me imagino, lo har\u00e1 por unanimidad. Qu\u00e9 menos. Lo que pasa es que el alcalde de La Laguna, <strong>Luis Yeray Guti\u00e9rrez<\/strong>, parece que sigue firme en lo de su creaci\u00f3n, pero, como ya dije el pasado domingo, pretende que se investigue todo lo ocurrido y gestionado en el ayuntamiento lagunero durante los \u00faltimos diez a\u00f1os. O sea, desde que <strong>Fernando Clavijo<\/strong> lleg\u00f3 por segunda vez (tras las elecciones del 2011) a la alcald\u00eda lagunera y se sent\u00f3 en el sill\u00f3n que hoy ocupa <strong>Luis Yeray<\/strong>. Llevar\u00e1 mucho tiempo levantar y revisar tantas alfombras, pero, en cualquier caso, ojal\u00e1 sirva para que resplandezca la verdad<\/li>\n<\/ul>\n<p style=\"text-align: center\"><a href=\"https:\/\/elcotarro.com\/wp-content\/uploads\/2021\/06\/FOTO-2.-GRUPO-DE-GOBIERNO.jpg\"><img loading=\"lazy\" decoding=\"async\" class=\"alignnone size-full wp-image-9861\" src=\"https:\/\/elcotarro.com\/wp-content\/uploads\/2021\/06\/FOTO-2.-GRUPO-DE-GOBIERNO.jpg\" alt=\"\" width=\"1200\" height=\"800\" srcset=\"https:\/\/elcotarro.com\/wp-content\/uploads\/2021\/06\/FOTO-2.-GRUPO-DE-GOBIERNO.jpg 1200w, https:\/\/elcotarro.com\/wp-content\/uploads\/2021\/06\/FOTO-2.-GRUPO-DE-GOBIERNO-300x200.jpg 300w, https:\/\/elcotarro.com\/wp-content\/uploads\/2021\/06\/FOTO-2.-GRUPO-DE-GOBIERNO-1024x683.jpg 1024w, https:\/\/elcotarro.com\/wp-content\/uploads\/2021\/06\/FOTO-2.-GRUPO-DE-GOBIERNO-768x512.jpg 768w\" sizes=\"auto, (max-width: 1200px) 100vw, 1200px\" \/><\/a><\/p>\n<p style=\"text-align: center\"><em>Foto 2.- Rubens Ascanio (i), Luis Yeray Guti\u00e9rrez (c) y Santiago P\u00e9rez.<\/em><\/p>\n<p>&nbsp;<\/p>\n<p><span style=\"color: #0000ff\"><strong>LA INQUIETUD (Y ALGO M\u00c1S) YA PRODUCE LLANTOS<\/strong><\/span><\/p>\n<ul>\n<li>Algunas de las personas que no son pol\u00edticas ni ejercen profesionalmente la pol\u00edtica, pero que est\u00e1n supuestamente implicadas en el mencionado \u201cCaso Laykas\u201d y ya han sido aludidas en las ruedas de prensa y publicados sus nombres en los medios (todas presuntamente inocentes) han manifestado en m\u00e1s de una reuni\u00f3n su profunda preocupaci\u00f3n por lo que ha salido (y por lo que al parecer falta por salir) y alguna de ellas, me consta, no ha podido contener el llanto. En una reuni\u00f3n de empresarios, en el que uno de los supuestamente implicados (presuntamente inocente, repito) negaba todo lo denunciado y publicado. Alguno de los presentes (incluido alg\u00fan pol\u00edtico) le anim\u00f3 a que, en vez de negarlo y punto, procediese a sacar datos que demostraran su inocencia o, en su caso, que procediera a denunciar a los otros denunciantes, presuntamente difamadores o calumniadores. Mientras tanto, el exconcejal <strong>Javier Abreu<\/strong>, persona clave en todo esto, calla inteligente y muy h\u00e1bilmente. Y, entre tanto, todos esperando las pr\u00f3ximas entregas de la serie de v\u00eddeos anunciada por <strong>Alfredo G\u00f3mez \u00c1lvarez<\/strong>\u2026 <em>\u201cGambito de damas\u201d<\/em> a lo lagunero\u2026 O quiz\u00e1 <em>\u201cEl ala oeste de la calle La Carrera\u201d<\/em> \u2026 Se\u00f1or, Se\u00f1or\u2026<\/li>\n<\/ul>\n<p style=\"text-align: center\"><a href=\"https:\/\/elcotarro.com\/wp-content\/uploads\/2021\/06\/FOTO-3.-JAVIER-ABREU.jpg\"><img loading=\"lazy\" decoding=\"async\" class=\"alignnone size-full wp-image-9862\" src=\"https:\/\/elcotarro.com\/wp-content\/uploads\/2021\/06\/FOTO-3.-JAVIER-ABREU.jpg\" alt=\"\" width=\"970\" height=\"738\" srcset=\"https:\/\/elcotarro.com\/wp-content\/uploads\/2021\/06\/FOTO-3.-JAVIER-ABREU.jpg 970w, https:\/\/elcotarro.com\/wp-content\/uploads\/2021\/06\/FOTO-3.-JAVIER-ABREU-300x228.jpg 300w, https:\/\/elcotarro.com\/wp-content\/uploads\/2021\/06\/FOTO-3.-JAVIER-ABREU-768x584.jpg 768w\" sizes=\"auto, (max-width: 970px) 100vw, 970px\" \/><\/a><\/p>\n<p style=\"text-align: center\"><em>Foto 3.- Javier Abreu cuando era concejal. Ahora est\u00e1 callado\u2026 por el momento.<\/em><\/p>\n<p>&nbsp;<\/p>\n<p><span style=\"color: #0000ff\"><strong>PARA PEPE MORENO: LA LAGUNA, ANQUILOSADA<\/strong><\/span><\/p>\n<ul>\n<li>Una vez m\u00e1s merece la pena rematar estas reflexiones sobre las cuitas pol\u00edticas laguneras, yendo al magn\u00edfico art\u00edculo que, precisamente ayer, ha escrito nuestro compa\u00f1ero y amigo, <strong>Pepe Moreno<\/strong>, en su ya reconocida secci\u00f3n <strong><em>El Mon\u00f3logo<\/em><\/strong> que \u00e9l publica semanalmente, cada s\u00e1bado, en la plataforma de pensamiento, reflexi\u00f3n y debate <strong>\u201cCanarias en Positivo\u201d <\/strong>(<a href=\"http:\/\/www.canariasenpositivo.com\/\">canariasenpositivo.com<\/a>). Esta semana, un agudo e incisivo <strong>Pepe Moreno<\/strong>, se emplea a fondo analizado la cruda realidad lagunera en un art\u00edculo que ha titulado <em>\u201cLa Laguna, anquilosada\u201d<\/em> y que pueden leer directamente pinchando en el siguiente enlace: <a href=\"https:\/\/canariasenpositivo.com\/el-monologo-no061-la-laguna-anquilosada\/\">https:\/\/canariasenpositivo.com\/el-monologo-no061-la-laguna-anquilosada\/<\/a>. Con su peculiar sentido de lo positivo, Pepe Moreno demuestra que, mientras los pol\u00edticos que gobiernan y los de la oposici\u00f3n, de los de uno u otro partido, est\u00e1n en sus piques y cuitas, las necesidades reales de la ciudadan\u00eda laguneras no est\u00e1n atendidas, los proyectos se eternizan y, como titula <strong>Pepe<\/strong>, La Laguna est\u00e1 anquilosada.<\/li>\n<\/ul>\n<p style=\"text-align: center\"><a href=\"https:\/\/elcotarro.com\/wp-content\/uploads\/2021\/06\/FOTO-4.-PEPE-MORENO.jpg\"><img loading=\"lazy\" decoding=\"async\" class=\"alignnone size-full wp-image-9863\" src=\"https:\/\/elcotarro.com\/wp-content\/uploads\/2021\/06\/FOTO-4.-PEPE-MORENO.jpg\" alt=\"\" width=\"349\" height=\"272\" srcset=\"https:\/\/elcotarro.com\/wp-content\/uploads\/2021\/06\/FOTO-4.-PEPE-MORENO.jpg 349w, https:\/\/elcotarro.com\/wp-content\/uploads\/2021\/06\/FOTO-4.-PEPE-MORENO-300x234.jpg 300w\" sizes=\"auto, (max-width: 349px) 100vw, 349px\" \/><\/a><\/p>\n<p style=\"text-align: center\"><em>Foto 4.- Pepe Moreno. No se pierdan su art\u00edculo en <\/em><a href=\"http:\/\/www.canariasenpositivo.com\/\"><em>www.canariasenpositivo.com<\/em><\/a><\/p>\n<p>&nbsp;<\/p>\n<p><span style=\"color: #0000ff\"><strong>GUILLERMO R\u00cdOS Y SU PRIMER LARGOMETRAJE<\/strong><\/span><\/p>\n<ul>\n<li>Bien es verdad que no todo es negativo y que, por ello, me congratulo y anuncio aqu\u00ed p\u00fablicamente la feliz llegada a las pantallas de cine de toda Espa\u00f1a del primer largometraje de un joven, pero ya experimentado profesional de la cinematograf\u00eda que es tinerfe\u00f1o y, para m\u00e1s se\u00f1as, lagunero. Me refiero al bueno de <strong>Guillermo R\u00edos<\/strong>, un inquieto director que, como muchos apasionados del s\u00e9ptimo arte, se march\u00f3 a Madrid a desarrollar sus estudios, pero que, muy inteligentemente, volvi\u00f3 a su tierra a desarrollarse profesionalmente. Ya <strong>Willy R\u00edos<\/strong> cosecha m\u00e1s de 60 premios nacionales e internacionales con sus cortometrajes y, el a\u00f1o 2007, consigui\u00f3, nada m\u00e1s y nada menos, que colarse entre los preseleccionados para los Premios Oscar, as\u00ed como fue finalista de los Premios Goya, con su corto \u201cNasija\u201d. Ya todo un carrer\u00f3n. Ahora <strong>Willy<\/strong>, como le llaman en su c\u00edrculo cercano y en el profesional, estrena esta semana su primer largometraje, en el que, adem\u00e1s, se ha rodeado de talento de la tierra.<\/li>\n<\/ul>\n<p style=\"text-align: center\"><a href=\"https:\/\/elcotarro.com\/wp-content\/uploads\/2021\/06\/FOTO-5.-ARIADNA-Y-WILLY.jpg\"><img loading=\"lazy\" decoding=\"async\" class=\"alignnone size-full wp-image-9864\" src=\"https:\/\/elcotarro.com\/wp-content\/uploads\/2021\/06\/FOTO-5.-ARIADNA-Y-WILLY.jpg\" alt=\"\" width=\"972\" height=\"563\" srcset=\"https:\/\/elcotarro.com\/wp-content\/uploads\/2021\/06\/FOTO-5.-ARIADNA-Y-WILLY.jpg 972w, https:\/\/elcotarro.com\/wp-content\/uploads\/2021\/06\/FOTO-5.-ARIADNA-Y-WILLY-300x174.jpg 300w, https:\/\/elcotarro.com\/wp-content\/uploads\/2021\/06\/FOTO-5.-ARIADNA-Y-WILLY-768x445.jpg 768w\" sizes=\"auto, (max-width: 972px) 100vw, 972px\" \/><\/a><\/p>\n<p style=\"text-align: center\"><em>Foto 5.- Guillermo R\u00edos junto con la actriz Ariadna Gil, protagonista de \u201cSolo Una vez\u201d<\/em><\/p>\n<p>&nbsp;<\/p>\n<p><span style=\"color: #0000ff\"><strong>WILLY R\u00cdOS\u2026 HIJO DE GATO CAZA RATONES<\/strong><\/span><\/p>\n<ul>\n<li>Este pr\u00f3ximo viernes, 11 de junio, en salas de toda Espa\u00f1a, <strong>Guillermo R\u00edos<\/strong> estrenar\u00e1 como director, su nuevo trabajo cinematogr\u00e1fico titulado \u201c<em>Solo una vez\u201d.<\/em> El film, est\u00e1 protagonizada por <strong>Ariadna Gil<\/strong> y cuenta en el reparto con otro gran lagunero, <strong>Alex Garc\u00eda<\/strong>, que est\u00e1 acompa\u00f1ado, adem\u00e1s por la impecable <strong>Silvia Alonso<\/strong>, en una pel\u00edcula que aborda un tema de absoluta actualidad: el maltrato. El largometraje, con guion de <strong>Marta Buchaca<\/strong>, ha contado con un equipo de altos vuelos, en el que, me consta, ha habido mucho acento canario, cuesti\u00f3n que demuestra, una vez m\u00e1s, el alt\u00edsimo potencial y talento de la gente de nuestra tierra. No me cabe duda de que, con el apoyo necesario por parte de nuestras instituciones, empezar\u00e1n a cosechar premios pronto. Hay que rese\u00f1ar, porque es de justicia, que lo de <strong>Guillermo R\u00edos<\/strong> viene de familia y le viene que ni pintado lo de \u201chijo de gatos, caza ratones\u201d. <strong>Willy R\u00edos<\/strong> sigue la zaga porque es hijo del veterano cineasta y tambi\u00e9n director de cine, <strong>Teodoro R\u00edos<\/strong> (y de <strong>Cristina Bord\u00f3n<\/strong>, su madre). El gran <strong>Teodoro R\u00edos<\/strong>, junto a su hermano <strong>Santiago<\/strong> son los directores de pel\u00edculas tan emblem\u00e1ticas como \u201cGuarapo\u201d, \u201cMamb\u00ed\u201d y \u201cEl Vuelo del Guirre\u201d. Desde <strong><em>El Cotarro<\/em><\/strong> deseo a <strong>Willy R\u00edos<\/strong> toda la suerte que se merece. los mayores \u00e9xitos del mundo y que, m\u00e1s pronto que tarde le veamos en los Goya y, \u00bfpor qu\u00e9 no?, en los \u00d3scar.<\/li>\n<\/ul>\n<p style=\"text-align: center\"><strong>\u00a0<a href=\"https:\/\/elcotarro.com\/wp-content\/uploads\/2021\/06\/FOTO-6.-SANTIAGO-Y-WILLY.jpg\"><img loading=\"lazy\" decoding=\"async\" class=\"alignnone size-full wp-image-9865\" src=\"https:\/\/elcotarro.com\/wp-content\/uploads\/2021\/06\/FOTO-6.-SANTIAGO-Y-WILLY.jpg\" alt=\"\" width=\"1280\" height=\"853\" srcset=\"https:\/\/elcotarro.com\/wp-content\/uploads\/2021\/06\/FOTO-6.-SANTIAGO-Y-WILLY.jpg 1280w, https:\/\/elcotarro.com\/wp-content\/uploads\/2021\/06\/FOTO-6.-SANTIAGO-Y-WILLY-300x200.jpg 300w, https:\/\/elcotarro.com\/wp-content\/uploads\/2021\/06\/FOTO-6.-SANTIAGO-Y-WILLY-1024x682.jpg 1024w, https:\/\/elcotarro.com\/wp-content\/uploads\/2021\/06\/FOTO-6.-SANTIAGO-Y-WILLY-768x512.jpg 768w\" sizes=\"auto, (max-width: 1280px) 100vw, 1280px\" \/><\/a><\/strong><\/p>\n<p style=\"text-align: center\"><em>Foto 6.- Willy R\u00edos (d) junto a su t\u00edo y tambi\u00e9n director de cine, Santiago R\u00edos.<\/em><\/p>\n<p><strong>\u00a0<\/strong><\/p>\n<p><span style=\"color: #0000ff\"><strong>TRISTE DESAIRE A NUESTRAS FUERZAS ARMADA<\/strong><\/span><\/p>\n<ul>\n<li>Remato <strong><em>El Cotarro<\/em><\/strong> de esta semana con una personal indignaci\u00f3n por lo que, entiendo, ha sido todo un desaire a nuestras Fuerzas Armadas, a la vez que una falta de educaci\u00f3n y respeto en toda regla. Me refiero al hecho de que, el pasado s\u00e1bado (d\u00eda 29 de mayo) algunas personalidades brillaron por su ausencia en el acto, que, con motivo del D\u00eda de las Fuerzas Armadas 2021, se celebr\u00f3 en la santacrucera Plaza de Espa\u00f1a, bajo la presidencia del teniente general <strong>Carlos Palacios Zaforteza<\/strong>, jefe del Mando de Canarias (o sea, utilizando su tradicional nombre, nuestro Capit\u00e1n General de Canarias). Se ech\u00f3 de menos, muy especialmente, la representaci\u00f3n del Cabildo Insular de Tenerife, frente a cuya fachada principal se celebr\u00f3 el acto. Se dijo que el presidente insular, <strong>Pedro Mart\u00edn<\/strong>, estaba de viaje (supongo que camino del congreso MadridFusi\u00f3n) y que su vicepresidente, <strong>Enrique Arriaga<\/strong>, hab\u00eda llamado comunicando que estaba indispuesto. Admitiendo esas dos \u201cbajas\u201d, \u00bfno podr\u00eda haber ido al menos un representante del grupo de Gobierno de la primera corporaci\u00f3n insular? \u00a0Son detalles que, creo, hay que cuidar y mucho.<\/li>\n<\/ul>\n<p style=\"text-align: center\"><a href=\"https:\/\/elcotarro.com\/wp-content\/uploads\/2021\/06\/FOTO-7.-VIGILANCIA.jpg\"><img loading=\"lazy\" decoding=\"async\" class=\"alignnone size-full wp-image-9866\" src=\"https:\/\/elcotarro.com\/wp-content\/uploads\/2021\/06\/FOTO-7.-VIGILANCIA.jpg\" alt=\"\" width=\"749\" height=\"848\" srcset=\"https:\/\/elcotarro.com\/wp-content\/uploads\/2021\/06\/FOTO-7.-VIGILANCIA.jpg 749w, https:\/\/elcotarro.com\/wp-content\/uploads\/2021\/06\/FOTO-7.-VIGILANCIA-265x300.jpg 265w\" sizes=\"auto, (max-width: 749px) 100vw, 749px\" \/><\/a><\/p>\n<p style=\"text-align: center\"><em>Foto 7.- Hay que rese\u00f1ar y destacar que, mientras el acto se celebraba, unidades del de la Brigada \u201cCanarias XVI\u201d se desplegaban en las siete islas dentro del marco del Mando Operativo Terrestre de las Operaciones Permanentes de las Fuerzas Armadas, para vigilar y defender nuestras islas.<\/em><\/p>\n<p>&nbsp;<\/p>\n<p style=\"text-align: left\"><span style=\"color: #0000ff\"><strong>RECONOCIDAS PRESENCIAS Y TRISTES AUSENCIAS<\/strong><\/span><\/p>\n<ul>\n<li>Hay que reconocer que el acto estuvo poco arropado por la ciudadan\u00eda porque, por expreso deseo de las propias Fuerzas Armadas, no se hizo mucha publicidad del mismo, para prevenir posibles aglomeraciones y respetar la normativa anti COVID. Pero eso no quita para rese\u00f1ar que mucha de la representaci\u00f3n institucional, no deber\u00eda haber faltado y, por tanto, fallado. Hay que rese\u00f1ar, no obstante, que asisti\u00f3 y encabez\u00f3 la representaci\u00f3n institucional civil <strong>Jos\u00e9 Manuel Berm\u00fadez<\/strong>, (alcalde de Santa Cruz de Tenerife) al que por protocolo sigui\u00f3, representando al Gobierno de Canarias, <strong>Julio P\u00e9rez Hern\u00e1ndez <\/strong>(consejero de Administraciones P\u00fablicas, Justicia y Seguridad) y que, me consta, tiene en muy alta estima a las Fuerzas Armadas y la importante misi\u00f3n que desempe\u00f1an actualmente en nuestra sociedad. No falt\u00f3 (como nunca falta) el decano del Cuerpo Consular Acreditado en nuestra provincia, <strong>Francisco Perera Molinero<\/strong> (c\u00f3nsul honorario de Eslovaquia). Pero, por el contrario, no se vio absolutamente a nadie del Parlamento de Canarias (con sede en la capital tinerfe\u00f1a), ni a una representaci\u00f3n de la Polic\u00eda Auton\u00f3mica (la \u201cGuanchancha\u201d) ni se vio a ning\u00fan miembro del Congreso de los Diputados o del Senado de Espa\u00f1a en representaci\u00f3n de nuestras islas. Triste.<\/li>\n<\/ul>\n<p style=\"text-align: center\"><a href=\"https:\/\/elcotarro.com\/wp-content\/uploads\/2021\/06\/FOTO-8.-IZADO-DE-LA-BANDERA.jpg\"><img loading=\"lazy\" decoding=\"async\" class=\"alignnone size-full wp-image-9867\" src=\"https:\/\/elcotarro.com\/wp-content\/uploads\/2021\/06\/FOTO-8.-IZADO-DE-LA-BANDERA.jpg\" alt=\"\" width=\"1008\" height=\"567\" srcset=\"https:\/\/elcotarro.com\/wp-content\/uploads\/2021\/06\/FOTO-8.-IZADO-DE-LA-BANDERA.jpg 1008w, https:\/\/elcotarro.com\/wp-content\/uploads\/2021\/06\/FOTO-8.-IZADO-DE-LA-BANDERA-300x169.jpg 300w, https:\/\/elcotarro.com\/wp-content\/uploads\/2021\/06\/FOTO-8.-IZADO-DE-LA-BANDERA-768x432.jpg 768w\" sizes=\"auto, (max-width: 1008px) 100vw, 1008px\" \/><\/a><\/p>\n<p style=\"text-align: center\"><em>Foto 8.- Momento en que la bandera de Espa\u00f1a es trasladada para ser izada. A la derecha se puede apreciar la poca presencia de autoridades arropando el acto.<\/em><\/p>\n<p>&nbsp;<\/p>\n<p><span style=\"color: #0000ff\"><strong>ES MUY BUENO TENER MEMORIA Y REFRESCARLA<\/strong><\/span><\/p>\n<ul>\n<li>En medio de todo esto, es bueno, justo y necesario tener memoria hist\u00f3rica y refrescarla cada a\u00f1o. No hay que olvidar la operaci\u00f3n \u201cBalmis\u201d, desarrollada del 15 de marzo al 15 de junio de 2020 para el control de la COVID-19, con el despliegue de m\u00e1s 1<em>000 militares durante 98 d\u00edas en<\/em> 172 ciudades de toda Espa\u00f1a (incluidas las ocho Islas Canarias) pertenecientes a los tres Ej\u00e9rcitos. Precisamente, el teniente general <strong>Carlos Palacios Zaforteza,<\/strong> fue el responsable de la actuaci\u00f3n de las unidades del Ej\u00e9rcito de Tierra en la operaci\u00f3n \u201cBalmis. Tampoco hay que olvidar que, seguidamente, comenz\u00f3 la operaci\u00f3n Baluarte (que no descansa y contin\u00faa en la actualidad) y en la que un buen n\u00famero de militares trabajan como rastreadores (un grupo de ellos en el centro montado en el Recinto Ferial de Tenerife) para hacer el seguimiento de brotes de coronavirus y de personas contagiadas. Y, por no ir m\u00e1s atr\u00e1s en el tiempo, hay que recordar que, no hace ni un mes, los militares profesionales la Unidad Militar de Emergencias (U.M.E.) estuvieron luchando contra el fuego en el incendio declarado en los montes de Arico. Una vez m\u00e1s.<\/li>\n<\/ul>\n<p style=\"text-align: center\"><a href=\"https:\/\/elcotarro.com\/wp-content\/uploads\/2021\/06\/FOTO-9.-RASTREADORES.jpg\"><img loading=\"lazy\" decoding=\"async\" class=\"alignnone size-full wp-image-9868\" src=\"https:\/\/elcotarro.com\/wp-content\/uploads\/2021\/06\/FOTO-9.-RASTREADORES.jpg\" alt=\"\" width=\"1000\" height=\"750\" srcset=\"https:\/\/elcotarro.com\/wp-content\/uploads\/2021\/06\/FOTO-9.-RASTREADORES.jpg 1000w, https:\/\/elcotarro.com\/wp-content\/uploads\/2021\/06\/FOTO-9.-RASTREADORES-300x225.jpg 300w, https:\/\/elcotarro.com\/wp-content\/uploads\/2021\/06\/FOTO-9.-RASTREADORES-768x576.jpg 768w\" sizes=\"auto, (max-width: 1000px) 100vw, 1000px\" \/><\/a><\/p>\n<p style=\"text-align: center\"><em>Foto 9.- Militares ejerciendo de \u201crastreadores\u201d en las instalaciones del Recinto Ferial.<\/em><\/p>\n<p>&nbsp;<\/p>\n<p><span style=\"color: #0000ff\"><strong>GESTO A LOS EMBAJADORES DE \u2018MARCA EJ\u00c9RCITO\u2019<\/strong><\/span><\/p>\n<ul>\n<li>Porque se lo merece y porque es de justicia, hay que destacar y agradecer dos gestos protagonizados por el teniente general <strong>Carlos Palacios<\/strong>, que le honran como militar y como persona. Por un lado, tuvo el gesto de invitar a <strong>Jos\u00e9 Manuel Berm\u00fadez<\/strong> a que subiera a su propia tribuna y, conjuntamente con \u00e9l, presidiera el desfile de las unidades (de los tres ej\u00e9rcitos y de la Guardia Civil) que rindieron honores en el acto. Antes del desfile, <strong>Carlos Palacios<\/strong> tambi\u00e9n tuvo el detalle de invitar a los dos embajadores de la Marca Ej\u00e9rcito en Tenerife que estaban en el acto, la periodista <strong>Eva Cervera<\/strong> y un servidor, para que particip\u00e1ramos activamente en el solemne y siempre emotivo momento del homenaje a todos los ca\u00eddos por Espa\u00f1a, acompa\u00f1\u00e1ndole y ayud\u00e1ndole a portar y colocar la tradicional corona de flores en el monolito dispuesto en memoria de todos los que, a lo largo de la historia, han dado su vida por nuestra Patria. Un \u00faltimo detalle, protagonizado en este caso por la banda de m\u00fasica, al mando del comandante director m\u00fasico <strong>Miguel \u00c1ngel Mateo<\/strong>, quien, una vez m\u00e1s, eligi\u00f3 nuestro pasodoble \u201cIslas Canarias\u201d para marchar en el desfile final.<\/li>\n<\/ul>\n<p style=\"text-align: center\"><a href=\"https:\/\/elcotarro.com\/wp-content\/uploads\/2021\/06\/FOTO-10-OFRENDA.jpg\"><img loading=\"lazy\" decoding=\"async\" class=\"alignnone size-full wp-image-9869\" src=\"https:\/\/elcotarro.com\/wp-content\/uploads\/2021\/06\/FOTO-10-OFRENDA.jpg\" alt=\"\" width=\"1008\" height=\"567\" srcset=\"https:\/\/elcotarro.com\/wp-content\/uploads\/2021\/06\/FOTO-10-OFRENDA.jpg 1008w, https:\/\/elcotarro.com\/wp-content\/uploads\/2021\/06\/FOTO-10-OFRENDA-300x169.jpg 300w, https:\/\/elcotarro.com\/wp-content\/uploads\/2021\/06\/FOTO-10-OFRENDA-768x432.jpg 768w\" sizes=\"auto, (max-width: 1008px) 100vw, 1008px\" \/><\/a><\/p>\n<p style=\"text-align: center\"><em>Foto 10.- Honores a los ca\u00eddos por Espa\u00f1a. Carlos Palacios (c) flanqueado por Eva Cervera y Jos\u00e9 Carlos Marrero, embajadores de Marca Ej\u00e9rcito.<\/em><\/p>\n<p>&nbsp;<\/p>\n<p><span style=\"color: #0000ff\"><strong>SIEMPRE ES DE BIEN NACIDOS SER AGRADECIDOS<\/strong><\/span><\/p>\n<ul>\n<li>Concluyo esta referencia a la pasada celebraci\u00f3n del D\u00eda de las Fuerzas Armadas, recordando la conocida sentencia popular de que \u201ces de bien nacidos el ser agradecidos\u201d. Al margen de que algunos no terminen de entender lo que representan hoy en d\u00eda nuestras Fuerzas Armadas, as\u00ed como la importante y necesaria misi\u00f3n que ellas desempe\u00f1an en la actualidad, especialmente en el \u00e1mbito de las Islas Canarias y su ubicaci\u00f3n geoestrat\u00e9gica, tanto en labores de disuasi\u00f3n y defensa, como de ayuda en situaciones de crisis y cat\u00e1strofes, hay que agradecer sincera y profundamente que est\u00e9n permanentemente preparadas y listas para actuar, pero, ojal\u00e1 que, por siempre, \u201cen pie de paz\u201d. Reitero desde aqu\u00ed el general cari\u00f1o, respeto y agradecimiento de la inmensa mayor\u00eda de la ciudadan\u00eda canaria a nuestras Fuerzas Armadas, a treves del jefe del Mando de Canarias, <strong>Carlos Palacios Zaforteza<\/strong>, y a su jefe de Estado Mayor, el general <strong>Fernando Mat\u00e9 S\u00e1nchez<\/strong> quien, por cierto, no pudo asistir por haberse contagiado del coronavirus y estar pasando la enfermedad. Desde aqu\u00ed a <strong>Fernando Mat\u00e9<\/strong> nuestro deseo de pronta y total recuperaci\u00f3n.<\/li>\n<\/ul>\n<p style=\"text-align: center\"><a href=\"https:\/\/elcotarro.com\/wp-content\/uploads\/2021\/06\/FOTO-11.-DESFILE.jpg\"><img loading=\"lazy\" decoding=\"async\" class=\"alignnone size-full wp-image-9870\" src=\"https:\/\/elcotarro.com\/wp-content\/uploads\/2021\/06\/FOTO-11.-DESFILE.jpg\" alt=\"\" width=\"1008\" height=\"567\" srcset=\"https:\/\/elcotarro.com\/wp-content\/uploads\/2021\/06\/FOTO-11.-DESFILE.jpg 1008w, https:\/\/elcotarro.com\/wp-content\/uploads\/2021\/06\/FOTO-11.-DESFILE-300x169.jpg 300w, https:\/\/elcotarro.com\/wp-content\/uploads\/2021\/06\/FOTO-11.-DESFILE-768x432.jpg 768w\" sizes=\"auto, (max-width: 1008px) 100vw, 1008px\" \/><\/a><\/p>\n<p style=\"text-align: center\">Foto 13.- En el fondo se puede ver a Carlos Palacios junto a Jos\u00e9 Manuel Berm\u00fadez, presidiendo conjuntamente el desfile de las unidades al son del \u201cIslas Canarias\u201d<\/p>\n<p>&nbsp;<\/p>\n<p><strong>* Jos\u00e9 Carlos MARRERO GONZ\u00c1LEZ<\/strong><\/p>\n<p>Periodista y analista de la actualidad.<\/p>\n<p>Director de <strong><em>El Cotarro<\/em><\/strong> (<a href=\"https:\/\/elcotarro.com\">www.elcotarro.com<\/a>)<\/p>\n<p>Director de <strong><em>Canarias en Positivo<\/em><\/strong> (<a href=\"http:\/\/www.canariasenpositivo.com\">www.canariasenpositivo.com<\/a>)<\/p>\n<p>Director de <strong><em>GastroCanarias<\/em><\/strong> (<a href=\"http:\/\/www.gastrocanarias.com\">www.gastrocanarias.com<\/a>)<\/p>\n<p style=\"text-align: center\"><a href=\"http:\/\/www.careca.es\/\" target=\"_blank\" rel=\"noopener noreferrer\"><img loading=\"lazy\" decoding=\"async\" class=\"size-full wp-image-2216 aligncenter\" src=\"https:\/\/elcotarro.com\/wp-content\/uploads\/2016\/07\/InsulacafeElCotarro.jpg\" alt=\"Bnn_Careca\" width=\"750\" height=\"150\" \/><\/a><\/p>\n","protected":false},"excerpt":{"rendered":"<p>LA LAGUNA, ENTRE LA INCERTIDUMBRE Y EL MIEDO Comienzo El Cotarro de esta semana recordando que, un domingo como hoy, tres d\u00edas despu\u00e9s de la celebraci\u00f3n lit\u00fargica del Corpus Christi, La Laguna amanec\u00eda con las principales calles de su casco hist\u00f3rico cubiertas con un casi sin fin de alfombras de flores. Hoy, por motivos de &#8230; <a class=\"read-more\" href=\"https:\/\/elcotarro.com\/?p=9859\">Read more<\/a><\/p>\n","protected":false},"author":2,"featured_media":0,"comment_status":"open","ping_status":"open","sticky":false,"template":"","format":"standard","meta":{"_jetpack_memberships_contains_paid_content":false,"footnotes":""},"categories":[1],"tags":[],"class_list":["post-9859","post","type-post","status-publish","format-standard","hentry","category-sin-categoria"],"yoast_head":"<!-- This site is optimized with the Yoast SEO plugin v27.0 - https:\/\/yoast.com\/product\/yoast-seo-wordpress\/ -->\n<title>&quot;EL COTARRO&quot; DIGITAL N\u00ba352 DEL 06 DE JUNIO DE 2021 - El Cotarro<\/title>\n<meta name=\"robots\" content=\"index, follow, max-snippet:-1, max-image-preview:large, max-video-preview:-1\" \/>\n<link rel=\"canonical\" href=\"https:\/\/elcotarro.com\/?p=9859\" \/>\n<meta property=\"og:locale\" content=\"es_ES\" \/>\n<meta property=\"og:type\" content=\"article\" \/>\n<meta property=\"og:title\" content=\"&quot;EL COTARRO&quot; DIGITAL N\u00ba352 DEL 06 DE JUNIO DE 2021 - El Cotarro\" \/>\n<meta property=\"og:description\" content=\"LA LAGUNA, ENTRE LA INCERTIDUMBRE Y EL MIEDO Comienzo El Cotarro de esta semana recordando que, un domingo como hoy, tres d\u00edas despu\u00e9s de la celebraci\u00f3n lit\u00fargica del Corpus Christi, La Laguna amanec\u00eda con las principales calles de su casco hist\u00f3rico cubiertas con un casi sin fin de alfombras de flores. Hoy, por motivos de ... Read more\" \/>\n<meta property=\"og:url\" content=\"https:\/\/elcotarro.com\/?p=9859\" \/>\n<meta property=\"og:site_name\" content=\"El Cotarro\" \/>\n<meta property=\"article:publisher\" content=\"https:\/\/www.facebook.com\/ElCotarro.Tenerife\" \/>\n<meta property=\"article:published_time\" content=\"2021-06-06T06:00:30+00:00\" \/>\n<meta property=\"og:image\" content=\"https:\/\/elcotarro.com\/wp-content\/uploads\/2021\/06\/FOTO-1.-ALFREDO-Y-LUIS-YERAY.jpg\" \/>\n<meta name=\"author\" content=\"Jos\u00e9 Carlos Marrero Gonz\u00e1lez\" \/>\n<meta name=\"twitter:label1\" content=\"Escrito por\" \/>\n\t<meta name=\"twitter:data1\" content=\"Jos\u00e9 Carlos Marrero Gonz\u00e1lez\" \/>\n\t<meta name=\"twitter:label2\" content=\"Tiempo de lectura\" \/>\n\t<meta name=\"twitter:data2\" content=\"13 minutos\" \/>\n<script type=\"application\/ld+json\" class=\"yoast-schema-graph\">{\"@context\":\"https:\/\/schema.org\",\"@graph\":[{\"@type\":\"Article\",\"@id\":\"https:\/\/elcotarro.com\/?p=9859#article\",\"isPartOf\":{\"@id\":\"https:\/\/elcotarro.com\/?p=9859\"},\"author\":{\"name\":\"Jos\u00e9 Carlos Marrero Gonz\u00e1lez\",\"@id\":\"https:\/\/elcotarro.com\/#\/schema\/person\/af537ee7d60d15984c7e0affcd8a918b\"},\"headline\":\"\u00abEL COTARRO\u00bb DIGITAL N\u00ba352 DEL 06 DE JUNIO DE 2021\",\"datePublished\":\"2021-06-06T06:00:30+00:00\",\"mainEntityOfPage\":{\"@id\":\"https:\/\/elcotarro.com\/?p=9859\"},\"wordCount\":2599,\"commentCount\":0,\"publisher\":{\"@id\":\"https:\/\/elcotarro.com\/#organization\"},\"image\":{\"@id\":\"https:\/\/elcotarro.com\/?p=9859#primaryimage\"},\"thumbnailUrl\":\"https:\/\/elcotarro.com\/wp-content\/uploads\/2021\/06\/FOTO-1.-ALFREDO-Y-LUIS-YERAY.jpg\",\"inLanguage\":\"es\",\"potentialAction\":[{\"@type\":\"CommentAction\",\"name\":\"Comment\",\"target\":[\"https:\/\/elcotarro.com\/?p=9859#respond\"]}]},{\"@type\":\"WebPage\",\"@id\":\"https:\/\/elcotarro.com\/?p=9859\",\"url\":\"https:\/\/elcotarro.com\/?p=9859\",\"name\":\"\\\"EL COTARRO\\\" DIGITAL N\u00ba352 DEL 06 DE JUNIO DE 2021 - El Cotarro\",\"isPartOf\":{\"@id\":\"https:\/\/elcotarro.com\/#website\"},\"primaryImageOfPage\":{\"@id\":\"https:\/\/elcotarro.com\/?p=9859#primaryimage\"},\"image\":{\"@id\":\"https:\/\/elcotarro.com\/?p=9859#primaryimage\"},\"thumbnailUrl\":\"https:\/\/elcotarro.com\/wp-content\/uploads\/2021\/06\/FOTO-1.-ALFREDO-Y-LUIS-YERAY.jpg\",\"datePublished\":\"2021-06-06T06:00:30+00:00\",\"breadcrumb\":{\"@id\":\"https:\/\/elcotarro.com\/?p=9859#breadcrumb\"},\"inLanguage\":\"es\",\"potentialAction\":[{\"@type\":\"ReadAction\",\"target\":[\"https:\/\/elcotarro.com\/?p=9859\"]}]},{\"@type\":\"ImageObject\",\"inLanguage\":\"es\",\"@id\":\"https:\/\/elcotarro.com\/?p=9859#primaryimage\",\"url\":\"https:\/\/elcotarro.com\/wp-content\/uploads\/2021\/06\/FOTO-1.-ALFREDO-Y-LUIS-YERAY.jpg\",\"contentUrl\":\"https:\/\/elcotarro.com\/wp-content\/uploads\/2021\/06\/FOTO-1.-ALFREDO-Y-LUIS-YERAY.jpg\",\"width\":1200,\"height\":675},{\"@type\":\"BreadcrumbList\",\"@id\":\"https:\/\/elcotarro.com\/?p=9859#breadcrumb\",\"itemListElement\":[{\"@type\":\"ListItem\",\"position\":1,\"name\":\"Portada\",\"item\":\"https:\/\/elcotarro.com\/\"},{\"@type\":\"ListItem\",\"position\":2,\"name\":\"\u00abEL COTARRO\u00bb DIGITAL N\u00ba352 DEL 06 DE JUNIO DE 2021\"}]},{\"@type\":\"WebSite\",\"@id\":\"https:\/\/elcotarro.com\/#website\",\"url\":\"https:\/\/elcotarro.com\/\",\"name\":\"El Cotarro\",\"description\":\"Peri\u00f3dico Digital Independiente dirigido por Jos\u00e9 Carlos Marrero\",\"publisher\":{\"@id\":\"https:\/\/elcotarro.com\/#organization\"},\"potentialAction\":[{\"@type\":\"SearchAction\",\"target\":{\"@type\":\"EntryPoint\",\"urlTemplate\":\"https:\/\/elcotarro.com\/?s={search_term_string}\"},\"query-input\":{\"@type\":\"PropertyValueSpecification\",\"valueRequired\":true,\"valueName\":\"search_term_string\"}}],\"inLanguage\":\"es\"},{\"@type\":\"Organization\",\"@id\":\"https:\/\/elcotarro.com\/#organization\",\"name\":\"El Cotarro\",\"url\":\"https:\/\/elcotarro.com\/\",\"logo\":{\"@type\":\"ImageObject\",\"inLanguage\":\"es\",\"@id\":\"https:\/\/elcotarro.com\/#\/schema\/logo\/image\/\",\"url\":\"https:\/\/elcotarro.com\/wp-content\/uploads\/2014\/09\/Cabecera_El_Cotarro_v2.jpg\",\"contentUrl\":\"https:\/\/elcotarro.com\/wp-content\/uploads\/2014\/09\/Cabecera_El_Cotarro_v2.jpg\",\"width\":3540,\"height\":441,\"caption\":\"El Cotarro\"},\"image\":{\"@id\":\"https:\/\/elcotarro.com\/#\/schema\/logo\/image\/\"},\"sameAs\":[\"https:\/\/www.facebook.com\/ElCotarro.Tenerife\"]},{\"@type\":\"Person\",\"@id\":\"https:\/\/elcotarro.com\/#\/schema\/person\/af537ee7d60d15984c7e0affcd8a918b\",\"name\":\"Jos\u00e9 Carlos Marrero Gonz\u00e1lez\",\"image\":{\"@type\":\"ImageObject\",\"inLanguage\":\"es\",\"@id\":\"https:\/\/elcotarro.com\/#\/schema\/person\/image\/\",\"url\":\"https:\/\/secure.gravatar.com\/avatar\/def4da036efb5d32c74d49c351f6dccc064dd69ad9f3aadc295c5a9a5391ca01?s=96&d=mm&r=g\",\"contentUrl\":\"https:\/\/secure.gravatar.com\/avatar\/def4da036efb5d32c74d49c351f6dccc064dd69ad9f3aadc295c5a9a5391ca01?s=96&d=mm&r=g\",\"caption\":\"Jos\u00e9 Carlos Marrero Gonz\u00e1lez\"},\"sameAs\":[\"https:\/\/elcotarro.com\"],\"url\":\"https:\/\/elcotarro.com\/?author=2\"}]}<\/script>\n<!-- \/ Yoast SEO plugin. -->","yoast_head_json":{"title":"\"EL COTARRO\" DIGITAL N\u00ba352 DEL 06 DE JUNIO DE 2021 - El Cotarro","robots":{"index":"index","follow":"follow","max-snippet":"max-snippet:-1","max-image-preview":"max-image-preview:large","max-video-preview":"max-video-preview:-1"},"canonical":"https:\/\/elcotarro.com\/?p=9859","og_locale":"es_ES","og_type":"article","og_title":"\"EL COTARRO\" DIGITAL N\u00ba352 DEL 06 DE JUNIO DE 2021 - El Cotarro","og_description":"LA LAGUNA, ENTRE LA INCERTIDUMBRE Y EL MIEDO Comienzo El Cotarro de esta semana recordando que, un domingo como hoy, tres d\u00edas despu\u00e9s de la celebraci\u00f3n lit\u00fargica del Corpus Christi, La Laguna amanec\u00eda con las principales calles de su casco hist\u00f3rico cubiertas con un casi sin fin de alfombras de flores. Hoy, por motivos de ... Read more","og_url":"https:\/\/elcotarro.com\/?p=9859","og_site_name":"El Cotarro","article_publisher":"https:\/\/www.facebook.com\/ElCotarro.Tenerife","article_published_time":"2021-06-06T06:00:30+00:00","og_image":[{"url":"https:\/\/elcotarro.com\/wp-content\/uploads\/2021\/06\/FOTO-1.-ALFREDO-Y-LUIS-YERAY.jpg","type":"","width":"","height":""}],"author":"Jos\u00e9 Carlos Marrero Gonz\u00e1lez","twitter_misc":{"Escrito por":"Jos\u00e9 Carlos Marrero Gonz\u00e1lez","Tiempo de lectura":"13 minutos"},"schema":{"@context":"https:\/\/schema.org","@graph":[{"@type":"Article","@id":"https:\/\/elcotarro.com\/?p=9859#article","isPartOf":{"@id":"https:\/\/elcotarro.com\/?p=9859"},"author":{"name":"Jos\u00e9 Carlos Marrero Gonz\u00e1lez","@id":"https:\/\/elcotarro.com\/#\/schema\/person\/af537ee7d60d15984c7e0affcd8a918b"},"headline":"\u00abEL COTARRO\u00bb DIGITAL N\u00ba352 DEL 06 DE JUNIO DE 2021","datePublished":"2021-06-06T06:00:30+00:00","mainEntityOfPage":{"@id":"https:\/\/elcotarro.com\/?p=9859"},"wordCount":2599,"commentCount":0,"publisher":{"@id":"https:\/\/elcotarro.com\/#organization"},"image":{"@id":"https:\/\/elcotarro.com\/?p=9859#primaryimage"},"thumbnailUrl":"https:\/\/elcotarro.com\/wp-content\/uploads\/2021\/06\/FOTO-1.-ALFREDO-Y-LUIS-YERAY.jpg","inLanguage":"es","potentialAction":[{"@type":"CommentAction","name":"Comment","target":["https:\/\/elcotarro.com\/?p=9859#respond"]}]},{"@type":"WebPage","@id":"https:\/\/elcotarro.com\/?p=9859","url":"https:\/\/elcotarro.com\/?p=9859","name":"\"EL COTARRO\" DIGITAL N\u00ba352 DEL 06 DE JUNIO DE 2021 - El Cotarro","isPartOf":{"@id":"https:\/\/elcotarro.com\/#website"},"primaryImageOfPage":{"@id":"https:\/\/elcotarro.com\/?p=9859#primaryimage"},"image":{"@id":"https:\/\/elcotarro.com\/?p=9859#primaryimage"},"thumbnailUrl":"https:\/\/elcotarro.com\/wp-content\/uploads\/2021\/06\/FOTO-1.-ALFREDO-Y-LUIS-YERAY.jpg","datePublished":"2021-06-06T06:00:30+00:00","breadcrumb":{"@id":"https:\/\/elcotarro.com\/?p=9859#breadcrumb"},"inLanguage":"es","potentialAction":[{"@type":"ReadAction","target":["https:\/\/elcotarro.com\/?p=9859"]}]},{"@type":"ImageObject","inLanguage":"es","@id":"https:\/\/elcotarro.com\/?p=9859#primaryimage","url":"https:\/\/elcotarro.com\/wp-content\/uploads\/2021\/06\/FOTO-1.-ALFREDO-Y-LUIS-YERAY.jpg","contentUrl":"https:\/\/elcotarro.com\/wp-content\/uploads\/2021\/06\/FOTO-1.-ALFREDO-Y-LUIS-YERAY.jpg","width":1200,"height":675},{"@type":"BreadcrumbList","@id":"https:\/\/elcotarro.com\/?p=9859#breadcrumb","itemListElement":[{"@type":"ListItem","position":1,"name":"Portada","item":"https:\/\/elcotarro.com\/"},{"@type":"ListItem","position":2,"name":"\u00abEL COTARRO\u00bb DIGITAL N\u00ba352 DEL 06 DE JUNIO DE 2021"}]},{"@type":"WebSite","@id":"https:\/\/elcotarro.com\/#website","url":"https:\/\/elcotarro.com\/","name":"El Cotarro","description":"Peri\u00f3dico Digital Independiente dirigido por Jos\u00e9 Carlos Marrero","publisher":{"@id":"https:\/\/elcotarro.com\/#organization"},"potentialAction":[{"@type":"SearchAction","target":{"@type":"EntryPoint","urlTemplate":"https:\/\/elcotarro.com\/?s={search_term_string}"},"query-input":{"@type":"PropertyValueSpecification","valueRequired":true,"valueName":"search_term_string"}}],"inLanguage":"es"},{"@type":"Organization","@id":"https:\/\/elcotarro.com\/#organization","name":"El Cotarro","url":"https:\/\/elcotarro.com\/","logo":{"@type":"ImageObject","inLanguage":"es","@id":"https:\/\/elcotarro.com\/#\/schema\/logo\/image\/","url":"https:\/\/elcotarro.com\/wp-content\/uploads\/2014\/09\/Cabecera_El_Cotarro_v2.jpg","contentUrl":"https:\/\/elcotarro.com\/wp-content\/uploads\/2014\/09\/Cabecera_El_Cotarro_v2.jpg","width":3540,"height":441,"caption":"El Cotarro"},"image":{"@id":"https:\/\/elcotarro.com\/#\/schema\/logo\/image\/"},"sameAs":["https:\/\/www.facebook.com\/ElCotarro.Tenerife"]},{"@type":"Person","@id":"https:\/\/elcotarro.com\/#\/schema\/person\/af537ee7d60d15984c7e0affcd8a918b","name":"Jos\u00e9 Carlos Marrero Gonz\u00e1lez","image":{"@type":"ImageObject","inLanguage":"es","@id":"https:\/\/elcotarro.com\/#\/schema\/person\/image\/","url":"https:\/\/secure.gravatar.com\/avatar\/def4da036efb5d32c74d49c351f6dccc064dd69ad9f3aadc295c5a9a5391ca01?s=96&d=mm&r=g","contentUrl":"https:\/\/secure.gravatar.com\/avatar\/def4da036efb5d32c74d49c351f6dccc064dd69ad9f3aadc295c5a9a5391ca01?s=96&d=mm&r=g","caption":"Jos\u00e9 Carlos Marrero Gonz\u00e1lez"},"sameAs":["https:\/\/elcotarro.com"],"url":"https:\/\/elcotarro.com\/?author=2"}]}},"jetpack_featured_media_url":"","jetpack_sharing_enabled":true,"_links":{"self":[{"href":"https:\/\/elcotarro.com\/index.php?rest_route=\/wp\/v2\/posts\/9859","targetHints":{"allow":["GET"]}}],"collection":[{"href":"https:\/\/elcotarro.com\/index.php?rest_route=\/wp\/v2\/posts"}],"about":[{"href":"https:\/\/elcotarro.com\/index.php?rest_route=\/wp\/v2\/types\/post"}],"author":[{"embeddable":true,"href":"https:\/\/elcotarro.com\/index.php?rest_route=\/wp\/v2\/users\/2"}],"replies":[{"embeddable":true,"href":"https:\/\/elcotarro.com\/index.php?rest_route=%2Fwp%2Fv2%2Fcomments&post=9859"}],"version-history":[{"count":1,"href":"https:\/\/elcotarro.com\/index.php?rest_route=\/wp\/v2\/posts\/9859\/revisions"}],"predecessor-version":[{"id":9871,"href":"https:\/\/elcotarro.com\/index.php?rest_route=\/wp\/v2\/posts\/9859\/revisions\/9871"}],"wp:attachment":[{"href":"https:\/\/elcotarro.com\/index.php?rest_route=%2Fwp%2Fv2%2Fmedia&parent=9859"}],"wp:term":[{"taxonomy":"category","embeddable":true,"href":"https:\/\/elcotarro.com\/index.php?rest_route=%2Fwp%2Fv2%2Fcategories&post=9859"},{"taxonomy":"post_tag","embeddable":true,"href":"https:\/\/elcotarro.com\/index.php?rest_route=%2Fwp%2Fv2%2Ftags&post=9859"}],"curies":[{"name":"wp","href":"https:\/\/api.w.org\/{rel}","templated":true}]}}