{"id":9873,"date":"2021-06-13T07:00:43","date_gmt":"2021-06-13T06:00:43","guid":{"rendered":"https:\/\/elcotarro.com\/?p=9873"},"modified":"2021-06-12T11:41:57","modified_gmt":"2021-06-12T10:41:57","slug":"el-cotarro-digital-no353-del-13-de-junio-de-2021","status":"publish","type":"post","link":"https:\/\/elcotarro.com\/?p=9873","title":{"rendered":"\u00abEL COTARRO\u00bb DIGITAL N\u00ba353 DEL 13 DE JUNIO DE 2021"},"content":{"rendered":"<p><span style=\"color: #0000ff\"><strong>PERDER A UNAS HIJAS\u2026 NO TIENE NOMBRE<\/strong><\/span><\/p>\n<ul>\n<li>Comienzo <strong><em>El Cotarro<\/em><\/strong> de este domingo con una infinita tristeza en el alma, unida a otra inmensa rabia contenida, por el fallecimiento de la peque\u00f1a <strong>Olivia<\/strong>, de solo seis a\u00f1os, y lamentablemente, casi tambi\u00e9n con total seguridad, el de su hermanita <strong>Anna<\/strong>, de poco m\u00e1s de un a\u00f1o. Hace ahora casi 25 a\u00f1os, en una situaci\u00f3n luctuosa igualmente dura (un matrimonio ganadero perdi\u00f3 el a\u00f1o 1997 a dos de sus hijos mayores de edad en un fatal accidente de tr\u00e1fico en la autopista del sur), el querido y recordado amigo, <strong>Pedro Molina Ramos<\/strong>, l\u00edder por siempre de los ganaderos, me hizo un comentario que nunca olvidar\u00e9\u2026 <em>\u201cperder un hijo no tiene nombre\u201d \u2026<\/em> Yo le respond\u00ed espont\u00e1neamente y sin pensar que, efectivamente, as\u00ed era. Pero el bueno de <strong>Pedro Molina<\/strong> me coment\u00f3: <em>\u201cno tiene nombre porque, si lo piensas, no lo tiene\u201d<\/em> \u2026 Se dio cuenta de que yo no hab\u00eda terminado de entender lo que me quer\u00eda hacer ver y me remarc\u00f3: <em>\u201cDate cuenta de que si pierdes a tu padre eres hu\u00e9rfano o hu\u00e9rfana; igualmente lo eres si pierdes a tu madre; si pierdes a tu marido, eres viuda; o eres viudo, si pierdes a tu esposa\u2026 Pero, si te fijas, perder a un hijo o a una hija\u2026 no tiene nombre\u201d<\/em> \u2026<\/li>\n<\/ul>\n<p style=\"text-align: center\"><a href=\"https:\/\/elcotarro.com\/wp-content\/uploads\/2021\/06\/FOTO-1.-NO-HAY-PALABRAS.jpeg\"><img loading=\"lazy\" decoding=\"async\" class=\"alignnone size-full wp-image-9874\" src=\"https:\/\/elcotarro.com\/wp-content\/uploads\/2021\/06\/FOTO-1.-NO-HAY-PALABRAS.jpeg\" alt=\"\" width=\"355\" height=\"355\" srcset=\"https:\/\/elcotarro.com\/wp-content\/uploads\/2021\/06\/FOTO-1.-NO-HAY-PALABRAS.jpeg 355w, https:\/\/elcotarro.com\/wp-content\/uploads\/2021\/06\/FOTO-1.-NO-HAY-PALABRAS-300x300.jpeg 300w, https:\/\/elcotarro.com\/wp-content\/uploads\/2021\/06\/FOTO-1.-NO-HAY-PALABRAS-150x150.jpeg 150w\" sizes=\"auto, (max-width: 355px) 100vw, 355px\" \/><\/a><\/p>\n<p style=\"text-align: center\">Foto 1.- Vi\u00f1eta que se ha hecho viral en redes recordando esta cruda y triste realidad.<\/p>\n<p>&nbsp;<\/p>\n<p><span style=\"color: #0000ff\"><strong>NI EN ESPA\u00d1OL, NI EN NING\u00daN IDIOMA DEL MUNDO<\/strong><\/span><\/p>\n<ul>\n<li>Si ustedes tambi\u00e9n lo piensan un momento, se dar\u00e1n cuenta de la profundidad de la sentencia. Y es que, asombrosamente, en el diccionario de la Real Academia Espa\u00f1ola, que hoy dirige <strong>Santiago Mu\u00f1oz Machado<\/strong>, no aparece ese nombre, porque, simplemente, no existe. Nunca se ha creado, ni parece que se haya planteado, y nunca se ha definido un vocablo, un t\u00e9rmino o una palabra que defina a una persona que ha tenido la triste fatalidad de perder a un hijo o una hija. Una verdad tan impresionante como cierta. Pero es que, adem\u00e1s, a\u00fan hay que a\u00f1adir que, lo a\u00fan m\u00e1s impresionante y curioso, es que esto pasa igualmente en todo el mundo. No hay un solo idioma en nuestro planeta que cuente en su diccionario con una palabra que defina a una persona que ha perdido un hijo\u2026. Amigos, efectivamente, perder un hijo no tiene nombre y hoy que todos nos acordamos de <strong>Anna<\/strong> y <strong>Olivia<\/strong>, no podemos por menos que estar todos unidos con esa gran familia tinerfe\u00f1a que est\u00e1 pasando por un inmenso dolor que dif\u00edcilmente se pueda explicar y curar. Desde aqu\u00ed todo mi afecto para su triste y desolada madre, <strong>Beatriz Zimmermann<\/strong> y para sus apenados abuelos y abuelas de <strong>Anna<\/strong> y <strong>Olivia<\/strong>, sus t\u00edas y todo su querida y respetada familia. Que las peque\u00f1as <strong>Anna<\/strong> y <strong>Olivia\u00a0<\/strong>descansen en paz.<\/li>\n<\/ul>\n<p style=\"text-align: center\"><a href=\"https:\/\/elcotarro.com\/wp-content\/uploads\/2021\/06\/FOTO-2.-ANNA-Y-OLIVIA.jpeg\"><img loading=\"lazy\" decoding=\"async\" class=\"alignnone size-full wp-image-9875\" src=\"https:\/\/elcotarro.com\/wp-content\/uploads\/2021\/06\/FOTO-2.-ANNA-Y-OLIVIA.jpeg\" alt=\"\" width=\"1024\" height=\"1024\" srcset=\"https:\/\/elcotarro.com\/wp-content\/uploads\/2021\/06\/FOTO-2.-ANNA-Y-OLIVIA.jpeg 1024w, https:\/\/elcotarro.com\/wp-content\/uploads\/2021\/06\/FOTO-2.-ANNA-Y-OLIVIA-300x300.jpeg 300w, https:\/\/elcotarro.com\/wp-content\/uploads\/2021\/06\/FOTO-2.-ANNA-Y-OLIVIA-150x150.jpeg 150w, https:\/\/elcotarro.com\/wp-content\/uploads\/2021\/06\/FOTO-2.-ANNA-Y-OLIVIA-768x768.jpeg 768w\" sizes=\"auto, (max-width: 1024px) 100vw, 1024px\" \/><\/a><\/p>\n<p style=\"text-align: center\"><em>Foto 2.- Dibujo en memoria de Anna y Olivia, que tambi\u00e9n se ha hecho viral en redes<\/em><\/p>\n<p>&nbsp;<\/p>\n<p><span style=\"color: #0000ff\"><strong>CURIOSA \u201cDESCONVOCATORIA\u201d EN LA LAGUNA<\/strong><\/span><\/p>\n<ul>\n<li>El pasado lunes (7 de junio) todas las redacciones de los principales medios de comunicaci\u00f3n de Tenerife recibieron un e-mail donde, remitido por Coalici\u00f3n Canaria, dec\u00eda textualmente: <em>\u201cSe convoca a su medio a la rueda de prensa que se ofrecer\u00e1 ma\u00f1ana martes, 08 de junio, en la que el grupo municipal de Coalici\u00f3n Canaria-PNC expresar\u00e1\u00a0su\u00a0posicionamiento sobre los recientes ceses efectuados por el alcalde, de los presidentes de las comisiones de Sugerencias y Reclamaciones y de la Ciudadan\u00eda para la Convivencia.<\/em><\/li>\n<\/ul>\n<p><em>Estar\u00e1n presentes el portavoz de CC-PNC, <strong>Jos\u00e9 Alberto D\u00edaz<\/strong>, y concejales del grupo municipal nacionalista.\u201d<\/em>Curiosamente, unas dos horas despu\u00e9s (a las 19.47, para ser exactos) en las mismas redacciones se recib\u00eda otro e-mail, en este caso, con el siguiente texto: <em>\u201c<\/em><em>Desconvocatoria: Se informa de que\u00a0la convocatoria de la rueda de prensa prevista para ma\u00f1ana martes, a las 10.00 horas, por el grupo municipal de Coalici\u00f3n Canaria-PNC, se suspende por dificultades de agenda. Lamentamos las molestias que hayamos podido ocasionar.\u201d<\/em> A partir de ah\u00ed, nada de nada. No hay m\u00e1s convocatorias, nadie dice nada al respecto, ni desde CC, ni desde el ayuntamiento. Muy curioso.<\/p>\n<p style=\"text-align: center\"><a href=\"https:\/\/elcotarro.com\/wp-content\/uploads\/2021\/06\/FOTO-3.-JOSE-ALBERTO-DIAZ.jpg\"><img loading=\"lazy\" decoding=\"async\" class=\"alignnone size-full wp-image-9876\" src=\"https:\/\/elcotarro.com\/wp-content\/uploads\/2021\/06\/FOTO-3.-JOSE-ALBERTO-DIAZ.jpg\" alt=\"\" width=\"800\" height=\"533\" srcset=\"https:\/\/elcotarro.com\/wp-content\/uploads\/2021\/06\/FOTO-3.-JOSE-ALBERTO-DIAZ.jpg 800w, https:\/\/elcotarro.com\/wp-content\/uploads\/2021\/06\/FOTO-3.-JOSE-ALBERTO-DIAZ-300x200.jpg 300w, https:\/\/elcotarro.com\/wp-content\/uploads\/2021\/06\/FOTO-3.-JOSE-ALBERTO-DIAZ-768x512.jpg 768w\" sizes=\"auto, (max-width: 800px) 100vw, 800px\" \/><\/a><\/p>\n<p style=\"text-align: center\"><em>Foto 3.- Concejal lagunero (y ex alcalde), l\u00edder de Coalici\u00f3n Canaria en La Laguna.<\/em><\/p>\n<p>&nbsp;<\/p>\n<p><span style=\"color: #0000ff\"><strong>LO QUE HAY DETR\u00c1S DE UNA \u2018REESTRUCTURACI\u00d3N\u2019<\/strong><\/span><\/p>\n<ul>\n<li>Para entender la \u201cmovida\u201d que ha pasado y que no ha trascendido del todo (por el momento) hay que rese\u00f1ar que la Oposici\u00f3n en el ayuntamiento lagunero ten\u00eda delegadas por parte del alcalde <strong>Luis Yeray Guti\u00e9rrez<\/strong> tres comisiones. La de Sugerencias y Reclamaciones, cedida al Partido Popular y presidida por la concejala <strong>Elsa Mar\u00eda \u00c1vila Garc\u00eda<\/strong>; la de Ciudadan\u00eda para la Convivencia, cedida a Coalici\u00f3n Canaria y presidida por el concejal <strong>Francisco Jos\u00e9 Hern\u00e1ndez Rodr\u00edguez<\/strong>; y la tercera y \u00faltima, la de Transparencia, cedida a Ciudadanos y presidida por <strong>Alfredo G\u00f3mez \u00c1lvarez<\/strong>. En su decreto de cese de <strong>Elsa \u00c1vila<\/strong> (PP) y de <strong>Fran Hern\u00e1ndez<\/strong> (CC) parece que se alude a una \u201crestructuraci\u00f3n administrativa\u201d, pero, curiosamente, la reestructuraci\u00f3n de <strong>Luis Yeray <\/strong>no afectaba a la Comisi\u00f3n de Transparencia cedida a C\u2019s, ni a la presidencia de la misma ostentada por <strong>Alfredo G\u00f3mez<\/strong>, el portavoz de C\u2019s que hace d\u00edas destap\u00f3 la \u201ccaja de los truenos\u201d en la rueda de prensa donde anunci\u00f3 denuncias, avis\u00f3 de presuntas irregularidades y public\u00f3 un v\u00eddeo de esc\u00e1ndalo.<\/li>\n<\/ul>\n<p style=\"text-align: center\"><a href=\"https:\/\/elcotarro.com\/wp-content\/uploads\/2021\/06\/foto.jpg\"><img loading=\"lazy\" decoding=\"async\" class=\"alignnone size-full wp-image-9884\" src=\"https:\/\/elcotarro.com\/wp-content\/uploads\/2021\/06\/foto.jpg\" alt=\"\" width=\"1949\" height=\"639\" srcset=\"https:\/\/elcotarro.com\/wp-content\/uploads\/2021\/06\/foto.jpg 1949w, https:\/\/elcotarro.com\/wp-content\/uploads\/2021\/06\/foto-300x98.jpg 300w, https:\/\/elcotarro.com\/wp-content\/uploads\/2021\/06\/foto-1024x336.jpg 1024w, https:\/\/elcotarro.com\/wp-content\/uploads\/2021\/06\/foto-768x252.jpg 768w, https:\/\/elcotarro.com\/wp-content\/uploads\/2021\/06\/foto-1536x504.jpg 1536w\" sizes=\"auto, (max-width: 1949px) 100vw, 1949px\" \/><\/a><\/p>\n<p style=\"text-align: center\">Foto 4.- Elsa \u00c1vila Garc\u00eda (PP) y Foto 5.- Francisco Hern\u00e1ndez (CC)<\/p>\n<p>&nbsp;<\/p>\n<p><strong><span style=\"color: #0000ff\">RECULO Y AQU\u00cd NO HA PASADO NADA\u2026 \u00bfO S\u00cd?<\/span> <\/strong><\/p>\n<ul>\n<li>Dos de los partidos de la oposici\u00f3n se quedan compuestos y sin sus comisiones y la presidencia de las mismas (con la consiguiente p\u00e9rdida econ\u00f3mica que ello conllevaba, por cierto, para liberar y remunerar a los titulares de ellas, <strong>Elsa<\/strong> y <strong>Fran<\/strong>). Muy curioso. Ante la situaci\u00f3n planteada, parece que se producen tres reacciones: los del PP se van a la alcald\u00eda a preguntar a <strong>Luis Yeray<\/strong> qu\u00e9 es lo que est\u00e1 pasando; los del CC se re\u00fanen y, tras pens\u00e1rselo, deciden convocar la rueda de prensa, que m\u00e1s tarde desconvocan; y <strong>Alfredo G\u00f3mez<\/strong> (C\u2019s) no hace nada y, en principio, sigue tan campante. Lo que de verdad ha pasado con esto en La Laguna, lo sabremos m\u00e1s pronto que tarde con todo detalle. Mientras tanto, qued\u00e9monos con saber que, por razones que tambi\u00e9n se conocer\u00e1n, el alcalde <strong>Luis Yeray Guti\u00e9rrez<\/strong> ha terminado reculando y, al parecer, ha firmado un nuevo decreto anulando el anterior y, por tanto, dando marcha atr\u00e1s a la pretendida y comentada \u201crestructuraci\u00f3n administrativa\u201d. Lo dicho, muy curioso.<\/li>\n<\/ul>\n<p style=\"text-align: center\"><a href=\"https:\/\/elcotarro.com\/wp-content\/uploads\/2021\/06\/FOTO-6.-ALFREDO-Y-LUIS-YERAY.jpg\"><img loading=\"lazy\" decoding=\"async\" class=\"alignnone wp-image-9879 size-full\" src=\"https:\/\/elcotarro.com\/wp-content\/uploads\/2021\/06\/FOTO-6.-ALFREDO-Y-LUIS-YERAY.jpg\" alt=\"\" width=\"1200\" height=\"675\" srcset=\"https:\/\/elcotarro.com\/wp-content\/uploads\/2021\/06\/FOTO-6.-ALFREDO-Y-LUIS-YERAY.jpg 1200w, https:\/\/elcotarro.com\/wp-content\/uploads\/2021\/06\/FOTO-6.-ALFREDO-Y-LUIS-YERAY-300x169.jpg 300w, https:\/\/elcotarro.com\/wp-content\/uploads\/2021\/06\/FOTO-6.-ALFREDO-Y-LUIS-YERAY-1024x576.jpg 1024w, https:\/\/elcotarro.com\/wp-content\/uploads\/2021\/06\/FOTO-6.-ALFREDO-Y-LUIS-YERAY-768x432.jpg 768w\" sizes=\"auto, (max-width: 1200px) 100vw, 1200px\" \/><\/a><\/p>\n<p style=\"text-align: center\"><em>Foto 6.- De nuevo la imagen de Alfredo G\u00f3mez (i) junto a Luis Yeray Guti\u00e9rrez<\/em><\/p>\n<p>&nbsp;<\/p>\n<p><span style=\"color: #0000ff\"><strong>TODO MUY CURIOSO Y\u2026 RARO, RARO, RARO\u2026<\/strong><\/span><\/p>\n<ul>\n<li>O sea, que, a d\u00eda de hoy, y si no estoy mal informado, <strong>Elsa \u00c1vila<\/strong> (PP) y <strong>Fran Hern\u00e1ndez<\/strong> (CC) han recuperado la presidencia de sus respectivas comisiones (y su remuneraci\u00f3n a fin de mes, claro). Por su parte, <strong>Alfredo G\u00f3mez \u00c1lvarez<\/strong> (C\u2019s) contin\u00faa presidiendo la Comisi\u00f3n de Transparencia (no s\u00e9 si ahora tan transparente) y, tambi\u00e9n, por cierto, sigue sin publicar m\u00e1s cap\u00edtulos de la prometida serie de v\u00eddeos sobre su denuncia y las presuntas irregularidades en el seno del Grupo de Gobierno que preside <strong>Luis Yeray Guti\u00e9rrez,<\/strong> y que el propio <strong>Alfredo G\u00f3mez<\/strong> anunci\u00f3 en su momento a bombo y platillo en rueda de prensa, arropado por los portavoces en la corporaci\u00f3n lagunera <strong>Jos\u00e9 Alberto D\u00edaz<\/strong> (CC) y por <strong>Manuel G\u00f3mez<\/strong> (PP). Lo dicho, todo muy curioso\u2026. y raro. Pero como todos sabemos, siempre al final resplandece la verdad y, en La Laguna siempre se termina sabiendo con todo detalle lo que pas\u00f3 y, sobre todo, por qu\u00e9 paso. Y en ese momento (ahora no toca, todav\u00eda) contaremos aqu\u00ed la verdad, y solo la verdad.<\/li>\n<\/ul>\n<p><a href=\"https:\/\/elcotarro.com\/wp-content\/uploads\/2021\/06\/FOTO-7.-RUEDA-DE-PRENSA.jpg\"><img loading=\"lazy\" decoding=\"async\" class=\"wp-image-9880 size-full aligncenter\" src=\"https:\/\/elcotarro.com\/wp-content\/uploads\/2021\/06\/FOTO-7.-RUEDA-DE-PRENSA.jpg\" alt=\"\" width=\"440\" height=\"248\" srcset=\"https:\/\/elcotarro.com\/wp-content\/uploads\/2021\/06\/FOTO-7.-RUEDA-DE-PRENSA.jpg 440w, https:\/\/elcotarro.com\/wp-content\/uploads\/2021\/06\/FOTO-7.-RUEDA-DE-PRENSA-300x169.jpg 300w\" sizes=\"auto, (max-width: 440px) 100vw, 440px\" \/><\/a><\/p>\n<p style=\"text-align: center\"><em>Foto 7.- \u00bfQu\u00e9 fue de lo anunciado en la rueda de prensa de la imagen, por parte de Alfredo G\u00f3mez (c) arropado por Manuel G\u00f3mez (i) y Jos\u00e9 Alberto D\u00edaz?<\/em><\/p>\n<p><strong>\u00a0<\/strong><\/p>\n<p><span style=\"color: #0000ff\"><strong>DIJE QUE NO HABLAR\u00cdA DEL H.U.C. Y HE CUMPLIDO<\/strong><\/span><\/p>\n<ul>\n<li>Dije que no volver\u00eda a hablar de la problem\u00e1tica que rodea al Complejo Hospitalario Universitario de Canarias (CHUC) hasta que pasara el domingo d\u00eda 6 de junio, y lo he cumplido. No quer\u00eda opinar durante un concreto periodo de tiempo y que se pudiera malentender o utilizar (mal\u00e9vola o interesadamente) mis posibles comentarios. Y es que la justicia hab\u00eda dictado sentencia a favor del doctor <strong>Guillermo Burillo Putze<\/strong>, injustamente (y hoy tambi\u00e9n ilegalmente) apartado de su puesto como coordinador del Servicio de Urgencias del HUC, y, por tanto, sentencia en contra del Servicio Canario de la Salud (SCS) que dirige <strong>Conrado Dom\u00ednguez Trujillo<\/strong> y que depende de la consejer\u00eda de Sanidad del Gobierno de Canarias, de la que es titular <strong>Blas Trujillo<\/strong> <strong>Oramas<\/strong>. En este punto hay que recordar, porque es clave, que el cese sin motivo justificado del<strong> Burillo<\/strong> fue firmado en su momento por la actual gerente del HUC, <strong>Mercedes Cueto<\/strong> <strong>Serrano<\/strong> y que, cuando <strong>Guillermo Burillo<\/strong> recurri\u00f3 dicho cese presentando un recurso de alzada ante el Servicio Canario de Salud, \u00e9ste no lo acept\u00f3, supuestamente, en base a algunas informaciones y datos muy discutibles que <strong>Conrado Dom\u00ednguez<\/strong> debi\u00f3 recibir del propio HUC, seguramente, de <strong>Mercedes Cueto. <\/strong><\/li>\n<\/ul>\n<p style=\"text-align: center\"><a href=\"https:\/\/elcotarro.com\/wp-content\/uploads\/2021\/06\/FOTO-8.-GUILLERMO-BURILLO.jpg\"><img loading=\"lazy\" decoding=\"async\" class=\"alignnone wp-image-9881 size-full\" src=\"https:\/\/elcotarro.com\/wp-content\/uploads\/2021\/06\/FOTO-8.-GUILLERMO-BURILLO.jpg\" alt=\"\" width=\"400\" height=\"400\" srcset=\"https:\/\/elcotarro.com\/wp-content\/uploads\/2021\/06\/FOTO-8.-GUILLERMO-BURILLO.jpg 400w, https:\/\/elcotarro.com\/wp-content\/uploads\/2021\/06\/FOTO-8.-GUILLERMO-BURILLO-300x300.jpg 300w, https:\/\/elcotarro.com\/wp-content\/uploads\/2021\/06\/FOTO-8.-GUILLERMO-BURILLO-150x150.jpg 150w\" sizes=\"auto, (max-width: 400px) 100vw, 400px\" \/><\/a><\/p>\n<p style=\"text-align: center\">Foto 8.- Guillermo Burillo Putze volver\u00e1 a ser coordinador de Urgencias del HUC<\/p>\n<p><span style=\"color: #0000ff\"><strong>SENTENCIA, YA FIRME, A FAVOR DEL DR. BURILLO<\/strong><\/span><\/p>\n<ul>\n<li>La no aceptaci\u00f3n de su recurso de alzada, llev\u00f3 a <strong>Guillermo Burillo<\/strong> (muy bien asesorado por el abogado <strong>Antonio Dom\u00ednguez Vila<\/strong>) a poner el asunto en manos de los tribunales de justicia, donde se le dio la raz\u00f3n con una clara y contundente sentencia, que, no obstante, el SCS podr\u00eda recurrir en un plazo de 20 d\u00edas, los mismos que yo he permanecido callado y sin opinar. Durante esos 20 d\u00edas (y desde bastantes d\u00edas antes) creo que <strong>Blas Trujillo<\/strong> (el consejero de Sanidad) y tambi\u00e9n <strong>Conrado Dom\u00ednguez<\/strong> (director gerente del SCS) han ido recopilando mucha (y verdadera) informaci\u00f3n (datos ciertos, opiniones contrastadas, etc.) en torno a este inc\u00f3modo y desagradable tema. Y supongo que, fruto de ello, ha emanado la orden (creo que inteligente y oportuna) dada a los servicios jur\u00eddicos de nuestra Comunidad, en el sentido de no recurrir la sentencia que, pasado el tiempo reglamentario, se ha hecho firme en favor del <strong> Guillermo.<\/strong><\/li>\n<\/ul>\n<p style=\"text-align: center\"><a href=\"https:\/\/elcotarro.com\/wp-content\/uploads\/2021\/06\/FOTO-9.-BLAS-Y-CONRADO.jpeg\"><img loading=\"lazy\" decoding=\"async\" class=\"alignnone wp-image-9882 size-full\" src=\"https:\/\/elcotarro.com\/wp-content\/uploads\/2021\/06\/FOTO-9.-BLAS-Y-CONRADO.jpeg\" alt=\"\" width=\"393\" height=\"244\" srcset=\"https:\/\/elcotarro.com\/wp-content\/uploads\/2021\/06\/FOTO-9.-BLAS-Y-CONRADO.jpeg 393w, https:\/\/elcotarro.com\/wp-content\/uploads\/2021\/06\/FOTO-9.-BLAS-Y-CONRADO-300x186.jpeg 300w\" sizes=\"auto, (max-width: 393px) 100vw, 393px\" \/><\/a><\/p>\n<p style=\"text-align: center\"><em>Foto 9.- Blas Trujillo (consejero de Sanidad) y Conrado Dom\u00ednguez (director del SCS)<\/em><\/p>\n<p><strong>\u00a0<\/strong><\/p>\n<p><span style=\"color: #0000ff\"><strong>APOYO DEL PRESIDENTE DE SEMES, TATO V\u00c1ZQUEZ<\/strong><\/span><\/p>\n<ul>\n<li>Poco tiempo le falt\u00f3 al doctor <strong>Manuel Jos\u00e9 V\u00e1zquez Lima<\/strong>, presidente de la Sociedad Espa\u00f1ola de Medicina de Urgencias y Emergencias (SEMES), conocido amigablemente por todos como <strong>Tato V\u00e1zquez<\/strong><strong>Lima<\/strong>, para pronunciarse en su perfil de Twitter, mostrando su total solidaridad con el doctor <strong>Guillermo Burillo<\/strong><strong>Putze<\/strong> y tambi\u00e9n, de alguna manera, celebrando que el Servicio Canario de la Salud (SCS), que dirige <strong>Conrado Dom\u00ednguez<\/strong>, hubiera tomado la decisi\u00f3n (para mi inteligente, oportuna y conveniente) de no recurrir la contundente sentencia dictada por la justicia en favor de <strong>Guillermo Burillo<\/strong>, reconociendo en ella que su cese como coordinador del Servicio de Urgencias de nuestro Hospital Universitario de Canarias (HUC) hab\u00eda sido improcedente y reconoc\u00eda textualmente \u201cel derecho de don <strong>Guillermo E. Burillo Putze<\/strong> a ser reintegrado en el puesto de Coordinador de Urgencias del HUC, con el abono de las diferencias retributivas dejadas de percibir\u201d.<\/li>\n<\/ul>\n<p style=\"text-align: center\"><a href=\"https:\/\/elcotarro.com\/wp-content\/uploads\/2021\/06\/FOTO-10.-TATO-VAZQUEZ.jpg\"><img loading=\"lazy\" decoding=\"async\" class=\"alignnone wp-image-9883 size-full\" src=\"https:\/\/elcotarro.com\/wp-content\/uploads\/2021\/06\/FOTO-10.-TATO-VAZQUEZ.jpg\" alt=\"\" width=\"400\" height=\"400\" srcset=\"https:\/\/elcotarro.com\/wp-content\/uploads\/2021\/06\/FOTO-10.-TATO-VAZQUEZ.jpg 400w, https:\/\/elcotarro.com\/wp-content\/uploads\/2021\/06\/FOTO-10.-TATO-VAZQUEZ-300x300.jpg 300w, https:\/\/elcotarro.com\/wp-content\/uploads\/2021\/06\/FOTO-10.-TATO-VAZQUEZ-150x150.jpg 150w\" sizes=\"auto, (max-width: 400px) 100vw, 400px\" \/><\/a><\/p>\n<p style=\"text-align: center\"><em>Foto 10.- Manuel Jos\u00e9 \u201cTato\u201d V\u00e1zquez Lima, presidente nacional de SEMES<\/em><\/p>\n<p>&nbsp;<\/p>\n<p><span style=\"color: #0000ff\"><strong>LOS CONTUNDENTES \u2018TUITS\u2019 DE TATO V\u00c1ZQUEZ<\/strong><\/span><\/p>\n<ul>\n<li>Como les dec\u00eda, nada m\u00e1s confirmarse que el SCS no hab\u00eda recurrido la sentencia, <strong>Tato V\u00e1zquez<\/strong>publicaba en su perfil de Twitter (Tato#EspecialidadMUE) un primer tuit que dec\u00eda textualmente: <em>\u201cTriunfo de la justicia. Triunfo de un SERVICIO. Sanidad renuncia a recurrir la sentencia de @gburill para que el HUC lo readmita\u201d<\/em> y remataba seguidamente en un segundo tuit manifestando literalmente: <em>\u201cPues parece que se confirma una evidencia. Los urgenci\u00f3logos celebramos el triunfo de la justicia con @gburill. Sra. Gerente @serrano_cueto, tiene Vd. algo de dignidad? Pues, ya sabe qu\u00e9 hacer; o es necesario que @SanidadGobCan muestre que no tiene farsantes en sus direcciones?\u201d<\/em> Ahora, de nuevo, lo que pase de aqu\u00ed a dos meses depender\u00e1 de la inteligencia (que la tienen) y el saber hacer (que est\u00e1 en sus manos) del consejero de Sanidad del Gobierno de Canarias, <strong>Blas Trujillo<\/strong>, y del director del Servicio Canario de la Salud, <strong>Conrado Dom\u00ednguez<\/strong>.<\/li>\n<\/ul>\n<p style=\"text-align: center\"><a href=\"https:\/\/elcotarro.com\/wp-content\/uploads\/2021\/06\/FOTO-11.-URGENCIAS-EN-LUCHA.jpg\"><img loading=\"lazy\" decoding=\"async\" class=\"wp-image-9885 size-full aligncenter\" src=\"https:\/\/elcotarro.com\/wp-content\/uploads\/2021\/06\/FOTO-11.-URGENCIAS-EN-LUCHA.jpg\" alt=\"\" width=\"1698\" height=\"2048\" srcset=\"https:\/\/elcotarro.com\/wp-content\/uploads\/2021\/06\/FOTO-11.-URGENCIAS-EN-LUCHA.jpg 1698w, https:\/\/elcotarro.com\/wp-content\/uploads\/2021\/06\/FOTO-11.-URGENCIAS-EN-LUCHA-249x300.jpg 249w, https:\/\/elcotarro.com\/wp-content\/uploads\/2021\/06\/FOTO-11.-URGENCIAS-EN-LUCHA-849x1024.jpg 849w, https:\/\/elcotarro.com\/wp-content\/uploads\/2021\/06\/FOTO-11.-URGENCIAS-EN-LUCHA-768x926.jpg 768w, https:\/\/elcotarro.com\/wp-content\/uploads\/2021\/06\/FOTO-11.-URGENCIAS-EN-LUCHA-1274x1536.jpg 1274w\" sizes=\"auto, (max-width: 1698px) 100vw, 1698px\" \/><\/a><\/p>\n<p style=\"text-align: center\"><em>Foto 11.- Vi\u00f1eta de SEMES reflejando la lucha que est\u00e1 llevando a cabo para que se cree en Espa\u00f1a la especialidad m\u00e9dica de Medicina de Urgencias y Emergencias<\/em><\/p>\n<p>&nbsp;<\/p>\n<p><span style=\"color: #0000ff\"><strong>\u00bfQU\u00c9 PASAR\u00c1 EN LOS PR\u00d3XIMOS DOS MESES?<\/strong><\/span><\/p>\n<ul>\n<li>Hoy termino este tema del HUC recordando una realidad que nadie (o casi nadie) que sea realmente sincero, puede negar o discutir. En el seno de nuestro querido HUC no est\u00e1 todo resuelto, ni mucho menos. Al margen de la obligada ejecuci\u00f3n de la sentencia favorable al <strong> Guillermo Burillo<\/strong> (para lo que hay un plazo de dos meses) lo cierto es que el ambiente en el HUC est\u00e1 un tanto enrarecido, hay aguas revueltas en varios departamentos y servicios y, sobre todo, est\u00e1 en cuesti\u00f3n su imagen. Hace menos de un mes sali\u00f3 un ranking de la reputaci\u00f3n de los hospitales de Espa\u00f1a, seg\u00fan el llamado por el Monitor de Reputaci\u00f3n Sanitaria (MRS0), realizado por el Monitor Empresarial de Reputaci\u00f3n Corporativa.\u00a0 En Canarias, se detect\u00f3 un importante baj\u00f3n en los centros de Tenerife. En cualquier caso, el centro con mejor reputaci\u00f3n de Canarias sigue siendo el Hospital Universitario Nuestra Se\u00f1ora de La Candelaria (HUNSC), pero, tristemente, el HUC pasa del puesto 49 en el a\u00f1o 2018, al puesto 90 durante el a\u00f1o de pandemia, y se ha convertido en el peor certificado de nuestra comunidad aut\u00f3noma. En menos de dos meses, el <strong>Dr. Burillo<\/strong> deber\u00e1 ser reincorporado a su puesto de coordinador de Urgencias. Un momento oportuno para que <strong>Blas Trujillo<\/strong> y <strong>Conrado Dom\u00ednguez<\/strong>, encarrilen todo y pongan paz en un enrarecido escenario que nuestro HUC no se merece.<\/li>\n<\/ul>\n<p style=\"text-align: center\"><a href=\"https:\/\/elcotarro.com\/wp-content\/uploads\/2021\/06\/FOTO-12.-HOSPITAL--scaled.jpg\"><img loading=\"lazy\" decoding=\"async\" class=\"size-full wp-image-9886 aligncenter\" src=\"https:\/\/elcotarro.com\/wp-content\/uploads\/2021\/06\/FOTO-12.-HOSPITAL--scaled.jpg\" alt=\"\" width=\"2560\" height=\"1482\" srcset=\"https:\/\/elcotarro.com\/wp-content\/uploads\/2021\/06\/FOTO-12.-HOSPITAL--scaled.jpg 2560w, https:\/\/elcotarro.com\/wp-content\/uploads\/2021\/06\/FOTO-12.-HOSPITAL--300x174.jpg 300w, https:\/\/elcotarro.com\/wp-content\/uploads\/2021\/06\/FOTO-12.-HOSPITAL--1024x593.jpg 1024w, https:\/\/elcotarro.com\/wp-content\/uploads\/2021\/06\/FOTO-12.-HOSPITAL--768x445.jpg 768w, https:\/\/elcotarro.com\/wp-content\/uploads\/2021\/06\/FOTO-12.-HOSPITAL--1536x889.jpg 1536w, https:\/\/elcotarro.com\/wp-content\/uploads\/2021\/06\/FOTO-12.-HOSPITAL--2048x1185.jpg 2048w\" sizes=\"auto, (max-width: 2560px) 100vw, 2560px\" \/><\/a><\/p>\n<p style=\"text-align: center\"><em>Foto 12.- Nuestro HUC necesita apoyo, buen clima de trabajo y confianza en su futuro.<\/em><\/p>\n<p>&nbsp;<\/p>\n<p><span style=\"color: #0000ff\"><strong>EL EJ\u00c9RCITO VACUNA LOS OL\u00cdMPICOS DE CANARIAS<\/strong><\/span><\/p>\n<ul>\n<li>Remato la faena de hoy con algo que me qued\u00f3 en el tintero de <strong><em>El Cotarro<\/em><\/strong> el domingo pasado. Me falt\u00f3 decirles que, tambi\u00e9n en Canarias, nuestras Fuerzas Armadas, adem\u00e1s de facilitar rastreadores anti COVID-19, han prestado su servicio realizando en distintos acuartelamientos de Tenerife y Gran Canaria con la vacunaci\u00f3n de los deportistas espa\u00f1oles que participar\u00e1n en los pr\u00f3ximos Juegos Ol\u00edmpicos de Tokio, para que est\u00e9n debidamente vacunados, con el fin de evitar cualquier posible contagio. En un acuartelamiento del Ej\u00e9rcito de Tierra en Tenerife, por ejemplo, ha sido vacunado el alero <strong>Santiago \u201cSanti\u201d Yusta<\/strong>, de nuestro querido y aurinegro Club Baloncesto Canarias, hoy comercialmente Lenovo-Tenerife. De igual modo, en otra dependencia militar en Gran Canaria. fue vacunado <strong>Nicol\u00e1s \u201cNico\u201d Boissier<\/strong>, el nadador grancanario del Club Metropole. Sin duda alguna, como intento transmitir y explicar siempre, nuestro Ej\u00e9rcito de Tierra, y en general nuestras Fuerzas Armadas de Espa\u00f1a, desarrollan una amplia labor en nuestra tierra, que la ciudadan\u00eda debe conocer, valorar y agradecer. Am\u00e9n.<\/li>\n<\/ul>\n<p style=\"text-align: center\"><a href=\"https:\/\/elcotarro.com\/wp-content\/uploads\/2021\/06\/FOTO-13.-SANTI-YUSTA-scaled.jpg\"><img loading=\"lazy\" decoding=\"async\" class=\"alignnone size-full wp-image-9887\" src=\"https:\/\/elcotarro.com\/wp-content\/uploads\/2021\/06\/FOTO-13.-SANTI-YUSTA-scaled.jpg\" alt=\"\" width=\"2560\" height=\"1707\" srcset=\"https:\/\/elcotarro.com\/wp-content\/uploads\/2021\/06\/FOTO-13.-SANTI-YUSTA-scaled.jpg 2560w, https:\/\/elcotarro.com\/wp-content\/uploads\/2021\/06\/FOTO-13.-SANTI-YUSTA-300x200.jpg 300w, https:\/\/elcotarro.com\/wp-content\/uploads\/2021\/06\/FOTO-13.-SANTI-YUSTA-1024x683.jpg 1024w, https:\/\/elcotarro.com\/wp-content\/uploads\/2021\/06\/FOTO-13.-SANTI-YUSTA-768x512.jpg 768w, https:\/\/elcotarro.com\/wp-content\/uploads\/2021\/06\/FOTO-13.-SANTI-YUSTA-1536x1024.jpg 1536w, https:\/\/elcotarro.com\/wp-content\/uploads\/2021\/06\/FOTO-13.-SANTI-YUSTA-2048x1365.jpg 2048w\" sizes=\"auto, (max-width: 2560px) 100vw, 2560px\" \/><\/a><\/p>\n<p style=\"text-align: center\"><em>Foto 13.- La capit\u00e1n Ruiz, acompa\u00f1ada por la sargento Arteaga, tras vacunar a un sonriente (bajo la mascarilla) Santi Yusta, uno de los puntales del C.B. Canarias.<\/em><\/p>\n<p>&nbsp;<\/p>\n<p><strong>* Jos\u00e9 Carlos MARRERO GONZ\u00c1LEZ<\/strong><\/p>\n<p>Periodista y analista de la actualidad.<\/p>\n<p>Director de <strong><em>El Cotarro<\/em><\/strong> (<a href=\"https:\/\/elcotarro.com\">www.elcotarro.com<\/a>)<\/p>\n<p>Director de <strong><em>Canarias en Positivo<\/em><\/strong> (<a href=\"http:\/\/www.canariasenpositivo.com\">www.canariasenpositivo.com<\/a>)<\/p>\n<p>Director de <strong><em>GastroCanarias<\/em><\/strong> (<a href=\"http:\/\/www.gastrocanarias.com\">www.gastrocanarias.com<\/a>)<\/p>\n<p style=\"text-align: center\"><a href=\"http:\/\/www.careca.es\/\" target=\"_blank\" rel=\"noopener noreferrer\"><img loading=\"lazy\" decoding=\"async\" class=\"size-full wp-image-2216 aligncenter\" src=\"https:\/\/elcotarro.com\/wp-content\/uploads\/2016\/07\/InsulacafeElCotarro.jpg\" alt=\"Bnn_Careca\" width=\"750\" height=\"150\" \/><\/a><\/p>\n","protected":false},"excerpt":{"rendered":"<p>PERDER A UNAS HIJAS\u2026 NO TIENE NOMBRE Comienzo El Cotarro de este domingo con una infinita tristeza en el alma, unida a otra inmensa rabia contenida, por el fallecimiento de la peque\u00f1a Olivia, de solo seis a\u00f1os, y lamentablemente, casi tambi\u00e9n con total seguridad, el de su hermanita Anna, de poco m\u00e1s de un a\u00f1o. &#8230; <a class=\"read-more\" href=\"https:\/\/elcotarro.com\/?p=9873\">Read more<\/a><\/p>\n","protected":false},"author":2,"featured_media":0,"comment_status":"open","ping_status":"open","sticky":false,"template":"","format":"standard","meta":{"_jetpack_memberships_contains_paid_content":false,"footnotes":""},"categories":[1],"tags":[],"class_list":["post-9873","post","type-post","status-publish","format-standard","hentry","category-sin-categoria"],"yoast_head":"<!-- This site is optimized with the Yoast SEO plugin v27.0 - https:\/\/yoast.com\/product\/yoast-seo-wordpress\/ -->\n<title>&quot;EL COTARRO&quot; DIGITAL N\u00ba353 DEL 13 DE JUNIO DE 2021 - El Cotarro<\/title>\n<meta name=\"robots\" content=\"index, follow, max-snippet:-1, max-image-preview:large, max-video-preview:-1\" \/>\n<link rel=\"canonical\" href=\"https:\/\/elcotarro.com\/?p=9873\" \/>\n<meta property=\"og:locale\" content=\"es_ES\" \/>\n<meta property=\"og:type\" content=\"article\" \/>\n<meta property=\"og:title\" content=\"&quot;EL COTARRO&quot; DIGITAL N\u00ba353 DEL 13 DE JUNIO DE 2021 - El Cotarro\" \/>\n<meta property=\"og:description\" content=\"PERDER A UNAS HIJAS\u2026 NO TIENE NOMBRE Comienzo El Cotarro de este domingo con una infinita tristeza en el alma, unida a otra inmensa rabia contenida, por el fallecimiento de la peque\u00f1a Olivia, de solo seis a\u00f1os, y lamentablemente, casi tambi\u00e9n con total seguridad, el de su hermanita Anna, de poco m\u00e1s de un a\u00f1o. ... Read more\" \/>\n<meta property=\"og:url\" content=\"https:\/\/elcotarro.com\/?p=9873\" \/>\n<meta property=\"og:site_name\" content=\"El Cotarro\" \/>\n<meta property=\"article:publisher\" content=\"https:\/\/www.facebook.com\/ElCotarro.Tenerife\" \/>\n<meta property=\"article:published_time\" content=\"2021-06-13T06:00:43+00:00\" \/>\n<meta property=\"og:image\" content=\"https:\/\/elcotarro.com\/wp-content\/uploads\/2021\/06\/FOTO-1.-NO-HAY-PALABRAS.jpeg\" \/>\n<meta name=\"author\" content=\"Jos\u00e9 Carlos Marrero Gonz\u00e1lez\" \/>\n<meta name=\"twitter:label1\" content=\"Escrito por\" \/>\n\t<meta name=\"twitter:data1\" content=\"Jos\u00e9 Carlos Marrero Gonz\u00e1lez\" \/>\n\t<meta name=\"twitter:label2\" content=\"Tiempo de lectura\" \/>\n\t<meta name=\"twitter:data2\" content=\"14 minutos\" \/>\n<script type=\"application\/ld+json\" class=\"yoast-schema-graph\">{\"@context\":\"https:\/\/schema.org\",\"@graph\":[{\"@type\":\"Article\",\"@id\":\"https:\/\/elcotarro.com\/?p=9873#article\",\"isPartOf\":{\"@id\":\"https:\/\/elcotarro.com\/?p=9873\"},\"author\":{\"name\":\"Jos\u00e9 Carlos Marrero Gonz\u00e1lez\",\"@id\":\"https:\/\/elcotarro.com\/#\/schema\/person\/af537ee7d60d15984c7e0affcd8a918b\"},\"headline\":\"\u00abEL COTARRO\u00bb DIGITAL N\u00ba353 DEL 13 DE JUNIO DE 2021\",\"datePublished\":\"2021-06-13T06:00:43+00:00\",\"mainEntityOfPage\":{\"@id\":\"https:\/\/elcotarro.com\/?p=9873\"},\"wordCount\":2723,\"commentCount\":0,\"publisher\":{\"@id\":\"https:\/\/elcotarro.com\/#organization\"},\"image\":{\"@id\":\"https:\/\/elcotarro.com\/?p=9873#primaryimage\"},\"thumbnailUrl\":\"https:\/\/elcotarro.com\/wp-content\/uploads\/2021\/06\/FOTO-1.-NO-HAY-PALABRAS.jpeg\",\"inLanguage\":\"es\",\"potentialAction\":[{\"@type\":\"CommentAction\",\"name\":\"Comment\",\"target\":[\"https:\/\/elcotarro.com\/?p=9873#respond\"]}]},{\"@type\":\"WebPage\",\"@id\":\"https:\/\/elcotarro.com\/?p=9873\",\"url\":\"https:\/\/elcotarro.com\/?p=9873\",\"name\":\"\\\"EL COTARRO\\\" DIGITAL N\u00ba353 DEL 13 DE JUNIO DE 2021 - El Cotarro\",\"isPartOf\":{\"@id\":\"https:\/\/elcotarro.com\/#website\"},\"primaryImageOfPage\":{\"@id\":\"https:\/\/elcotarro.com\/?p=9873#primaryimage\"},\"image\":{\"@id\":\"https:\/\/elcotarro.com\/?p=9873#primaryimage\"},\"thumbnailUrl\":\"https:\/\/elcotarro.com\/wp-content\/uploads\/2021\/06\/FOTO-1.-NO-HAY-PALABRAS.jpeg\",\"datePublished\":\"2021-06-13T06:00:43+00:00\",\"breadcrumb\":{\"@id\":\"https:\/\/elcotarro.com\/?p=9873#breadcrumb\"},\"inLanguage\":\"es\",\"potentialAction\":[{\"@type\":\"ReadAction\",\"target\":[\"https:\/\/elcotarro.com\/?p=9873\"]}]},{\"@type\":\"ImageObject\",\"inLanguage\":\"es\",\"@id\":\"https:\/\/elcotarro.com\/?p=9873#primaryimage\",\"url\":\"https:\/\/elcotarro.com\/wp-content\/uploads\/2021\/06\/FOTO-1.-NO-HAY-PALABRAS.jpeg\",\"contentUrl\":\"https:\/\/elcotarro.com\/wp-content\/uploads\/2021\/06\/FOTO-1.-NO-HAY-PALABRAS.jpeg\",\"width\":355,\"height\":355},{\"@type\":\"BreadcrumbList\",\"@id\":\"https:\/\/elcotarro.com\/?p=9873#breadcrumb\",\"itemListElement\":[{\"@type\":\"ListItem\",\"position\":1,\"name\":\"Portada\",\"item\":\"https:\/\/elcotarro.com\/\"},{\"@type\":\"ListItem\",\"position\":2,\"name\":\"\u00abEL COTARRO\u00bb DIGITAL N\u00ba353 DEL 13 DE JUNIO DE 2021\"}]},{\"@type\":\"WebSite\",\"@id\":\"https:\/\/elcotarro.com\/#website\",\"url\":\"https:\/\/elcotarro.com\/\",\"name\":\"El Cotarro\",\"description\":\"Peri\u00f3dico Digital Independiente dirigido por Jos\u00e9 Carlos Marrero\",\"publisher\":{\"@id\":\"https:\/\/elcotarro.com\/#organization\"},\"potentialAction\":[{\"@type\":\"SearchAction\",\"target\":{\"@type\":\"EntryPoint\",\"urlTemplate\":\"https:\/\/elcotarro.com\/?s={search_term_string}\"},\"query-input\":{\"@type\":\"PropertyValueSpecification\",\"valueRequired\":true,\"valueName\":\"search_term_string\"}}],\"inLanguage\":\"es\"},{\"@type\":\"Organization\",\"@id\":\"https:\/\/elcotarro.com\/#organization\",\"name\":\"El Cotarro\",\"url\":\"https:\/\/elcotarro.com\/\",\"logo\":{\"@type\":\"ImageObject\",\"inLanguage\":\"es\",\"@id\":\"https:\/\/elcotarro.com\/#\/schema\/logo\/image\/\",\"url\":\"https:\/\/elcotarro.com\/wp-content\/uploads\/2014\/09\/Cabecera_El_Cotarro_v2.jpg\",\"contentUrl\":\"https:\/\/elcotarro.com\/wp-content\/uploads\/2014\/09\/Cabecera_El_Cotarro_v2.jpg\",\"width\":3540,\"height\":441,\"caption\":\"El Cotarro\"},\"image\":{\"@id\":\"https:\/\/elcotarro.com\/#\/schema\/logo\/image\/\"},\"sameAs\":[\"https:\/\/www.facebook.com\/ElCotarro.Tenerife\"]},{\"@type\":\"Person\",\"@id\":\"https:\/\/elcotarro.com\/#\/schema\/person\/af537ee7d60d15984c7e0affcd8a918b\",\"name\":\"Jos\u00e9 Carlos Marrero Gonz\u00e1lez\",\"image\":{\"@type\":\"ImageObject\",\"inLanguage\":\"es\",\"@id\":\"https:\/\/elcotarro.com\/#\/schema\/person\/image\/\",\"url\":\"https:\/\/secure.gravatar.com\/avatar\/def4da036efb5d32c74d49c351f6dccc064dd69ad9f3aadc295c5a9a5391ca01?s=96&d=mm&r=g\",\"contentUrl\":\"https:\/\/secure.gravatar.com\/avatar\/def4da036efb5d32c74d49c351f6dccc064dd69ad9f3aadc295c5a9a5391ca01?s=96&d=mm&r=g\",\"caption\":\"Jos\u00e9 Carlos Marrero Gonz\u00e1lez\"},\"sameAs\":[\"https:\/\/elcotarro.com\"],\"url\":\"https:\/\/elcotarro.com\/?author=2\"}]}<\/script>\n<!-- \/ Yoast SEO plugin. -->","yoast_head_json":{"title":"\"EL COTARRO\" DIGITAL N\u00ba353 DEL 13 DE JUNIO DE 2021 - El Cotarro","robots":{"index":"index","follow":"follow","max-snippet":"max-snippet:-1","max-image-preview":"max-image-preview:large","max-video-preview":"max-video-preview:-1"},"canonical":"https:\/\/elcotarro.com\/?p=9873","og_locale":"es_ES","og_type":"article","og_title":"\"EL COTARRO\" DIGITAL N\u00ba353 DEL 13 DE JUNIO DE 2021 - El Cotarro","og_description":"PERDER A UNAS HIJAS\u2026 NO TIENE NOMBRE Comienzo El Cotarro de este domingo con una infinita tristeza en el alma, unida a otra inmensa rabia contenida, por el fallecimiento de la peque\u00f1a Olivia, de solo seis a\u00f1os, y lamentablemente, casi tambi\u00e9n con total seguridad, el de su hermanita Anna, de poco m\u00e1s de un a\u00f1o. ... Read more","og_url":"https:\/\/elcotarro.com\/?p=9873","og_site_name":"El Cotarro","article_publisher":"https:\/\/www.facebook.com\/ElCotarro.Tenerife","article_published_time":"2021-06-13T06:00:43+00:00","og_image":[{"url":"https:\/\/elcotarro.com\/wp-content\/uploads\/2021\/06\/FOTO-1.-NO-HAY-PALABRAS.jpeg","type":"","width":"","height":""}],"author":"Jos\u00e9 Carlos Marrero Gonz\u00e1lez","twitter_misc":{"Escrito por":"Jos\u00e9 Carlos Marrero Gonz\u00e1lez","Tiempo de lectura":"14 minutos"},"schema":{"@context":"https:\/\/schema.org","@graph":[{"@type":"Article","@id":"https:\/\/elcotarro.com\/?p=9873#article","isPartOf":{"@id":"https:\/\/elcotarro.com\/?p=9873"},"author":{"name":"Jos\u00e9 Carlos Marrero Gonz\u00e1lez","@id":"https:\/\/elcotarro.com\/#\/schema\/person\/af537ee7d60d15984c7e0affcd8a918b"},"headline":"\u00abEL COTARRO\u00bb DIGITAL N\u00ba353 DEL 13 DE JUNIO DE 2021","datePublished":"2021-06-13T06:00:43+00:00","mainEntityOfPage":{"@id":"https:\/\/elcotarro.com\/?p=9873"},"wordCount":2723,"commentCount":0,"publisher":{"@id":"https:\/\/elcotarro.com\/#organization"},"image":{"@id":"https:\/\/elcotarro.com\/?p=9873#primaryimage"},"thumbnailUrl":"https:\/\/elcotarro.com\/wp-content\/uploads\/2021\/06\/FOTO-1.-NO-HAY-PALABRAS.jpeg","inLanguage":"es","potentialAction":[{"@type":"CommentAction","name":"Comment","target":["https:\/\/elcotarro.com\/?p=9873#respond"]}]},{"@type":"WebPage","@id":"https:\/\/elcotarro.com\/?p=9873","url":"https:\/\/elcotarro.com\/?p=9873","name":"\"EL COTARRO\" DIGITAL N\u00ba353 DEL 13 DE JUNIO DE 2021 - El Cotarro","isPartOf":{"@id":"https:\/\/elcotarro.com\/#website"},"primaryImageOfPage":{"@id":"https:\/\/elcotarro.com\/?p=9873#primaryimage"},"image":{"@id":"https:\/\/elcotarro.com\/?p=9873#primaryimage"},"thumbnailUrl":"https:\/\/elcotarro.com\/wp-content\/uploads\/2021\/06\/FOTO-1.-NO-HAY-PALABRAS.jpeg","datePublished":"2021-06-13T06:00:43+00:00","breadcrumb":{"@id":"https:\/\/elcotarro.com\/?p=9873#breadcrumb"},"inLanguage":"es","potentialAction":[{"@type":"ReadAction","target":["https:\/\/elcotarro.com\/?p=9873"]}]},{"@type":"ImageObject","inLanguage":"es","@id":"https:\/\/elcotarro.com\/?p=9873#primaryimage","url":"https:\/\/elcotarro.com\/wp-content\/uploads\/2021\/06\/FOTO-1.-NO-HAY-PALABRAS.jpeg","contentUrl":"https:\/\/elcotarro.com\/wp-content\/uploads\/2021\/06\/FOTO-1.-NO-HAY-PALABRAS.jpeg","width":355,"height":355},{"@type":"BreadcrumbList","@id":"https:\/\/elcotarro.com\/?p=9873#breadcrumb","itemListElement":[{"@type":"ListItem","position":1,"name":"Portada","item":"https:\/\/elcotarro.com\/"},{"@type":"ListItem","position":2,"name":"\u00abEL COTARRO\u00bb DIGITAL N\u00ba353 DEL 13 DE JUNIO DE 2021"}]},{"@type":"WebSite","@id":"https:\/\/elcotarro.com\/#website","url":"https:\/\/elcotarro.com\/","name":"El Cotarro","description":"Peri\u00f3dico Digital Independiente dirigido por Jos\u00e9 Carlos Marrero","publisher":{"@id":"https:\/\/elcotarro.com\/#organization"},"potentialAction":[{"@type":"SearchAction","target":{"@type":"EntryPoint","urlTemplate":"https:\/\/elcotarro.com\/?s={search_term_string}"},"query-input":{"@type":"PropertyValueSpecification","valueRequired":true,"valueName":"search_term_string"}}],"inLanguage":"es"},{"@type":"Organization","@id":"https:\/\/elcotarro.com\/#organization","name":"El Cotarro","url":"https:\/\/elcotarro.com\/","logo":{"@type":"ImageObject","inLanguage":"es","@id":"https:\/\/elcotarro.com\/#\/schema\/logo\/image\/","url":"https:\/\/elcotarro.com\/wp-content\/uploads\/2014\/09\/Cabecera_El_Cotarro_v2.jpg","contentUrl":"https:\/\/elcotarro.com\/wp-content\/uploads\/2014\/09\/Cabecera_El_Cotarro_v2.jpg","width":3540,"height":441,"caption":"El Cotarro"},"image":{"@id":"https:\/\/elcotarro.com\/#\/schema\/logo\/image\/"},"sameAs":["https:\/\/www.facebook.com\/ElCotarro.Tenerife"]},{"@type":"Person","@id":"https:\/\/elcotarro.com\/#\/schema\/person\/af537ee7d60d15984c7e0affcd8a918b","name":"Jos\u00e9 Carlos Marrero Gonz\u00e1lez","image":{"@type":"ImageObject","inLanguage":"es","@id":"https:\/\/elcotarro.com\/#\/schema\/person\/image\/","url":"https:\/\/secure.gravatar.com\/avatar\/def4da036efb5d32c74d49c351f6dccc064dd69ad9f3aadc295c5a9a5391ca01?s=96&d=mm&r=g","contentUrl":"https:\/\/secure.gravatar.com\/avatar\/def4da036efb5d32c74d49c351f6dccc064dd69ad9f3aadc295c5a9a5391ca01?s=96&d=mm&r=g","caption":"Jos\u00e9 Carlos Marrero Gonz\u00e1lez"},"sameAs":["https:\/\/elcotarro.com"],"url":"https:\/\/elcotarro.com\/?author=2"}]}},"jetpack_featured_media_url":"","jetpack_sharing_enabled":true,"_links":{"self":[{"href":"https:\/\/elcotarro.com\/index.php?rest_route=\/wp\/v2\/posts\/9873","targetHints":{"allow":["GET"]}}],"collection":[{"href":"https:\/\/elcotarro.com\/index.php?rest_route=\/wp\/v2\/posts"}],"about":[{"href":"https:\/\/elcotarro.com\/index.php?rest_route=\/wp\/v2\/types\/post"}],"author":[{"embeddable":true,"href":"https:\/\/elcotarro.com\/index.php?rest_route=\/wp\/v2\/users\/2"}],"replies":[{"embeddable":true,"href":"https:\/\/elcotarro.com\/index.php?rest_route=%2Fwp%2Fv2%2Fcomments&post=9873"}],"version-history":[{"count":1,"href":"https:\/\/elcotarro.com\/index.php?rest_route=\/wp\/v2\/posts\/9873\/revisions"}],"predecessor-version":[{"id":9888,"href":"https:\/\/elcotarro.com\/index.php?rest_route=\/wp\/v2\/posts\/9873\/revisions\/9888"}],"wp:attachment":[{"href":"https:\/\/elcotarro.com\/index.php?rest_route=%2Fwp%2Fv2%2Fmedia&parent=9873"}],"wp:term":[{"taxonomy":"category","embeddable":true,"href":"https:\/\/elcotarro.com\/index.php?rest_route=%2Fwp%2Fv2%2Fcategories&post=9873"},{"taxonomy":"post_tag","embeddable":true,"href":"https:\/\/elcotarro.com\/index.php?rest_route=%2Fwp%2Fv2%2Ftags&post=9873"}],"curies":[{"name":"wp","href":"https:\/\/api.w.org\/{rel}","templated":true}]}}