{"id":991,"date":"2015-03-29T12:04:47","date_gmt":"2015-03-29T11:04:47","guid":{"rendered":"https:\/\/elcotarro.com\/?p=991"},"modified":"2015-03-29T10:41:28","modified_gmt":"2015-03-29T09:41:28","slug":"si-fuera-vaca-no-lo-compraba","status":"publish","type":"post","link":"https:\/\/elcotarro.com\/?p=991","title":{"rendered":"SI FUERA VACA, NO LO COMPRABA"},"content":{"rendered":"<p>\u2666 Hace tiempo en la radio, en la tertulia <em>\u201cLa Puerta Verde\u201d<\/em> estaba yo conversando con <strong>Pedro Molina <\/strong>(que felizmente se va recuperando poco a poco de su chuch\u00f3n de salud y al que desde aqu\u00ed le mando un afectuoso abrazo y mucho \u00e1nimo)&#8230; En vivo y en directo le pregunt\u00e9 su opini\u00f3n sobre <strong>Jos\u00e9 Manuel Soria<\/strong>, l\u00edder canario del PP, y <strong>Pedro Molina<\/strong> me respondi\u00f3 que \u00e9l de pol\u00edtica no hablaba porque de pol\u00edtica no entend\u00eda&#8230; Al yo insistir en la pregunta y comentarle que como l\u00edder de un sector como el primario deber\u00eda tener sus ideas pol\u00edticas y su opini\u00f3n de <strong>Jos\u00e9 Manuel Soria<\/strong> como pol\u00edtico, <strong>Pedro Molina<\/strong> me respondi\u00f3&#8230; <em>\u201cYo no soy nada m\u00e1s que un ganadero y de Jos\u00e9 Manuel Soria solo puedo decir que&#8230;, si fuera vaca, no lo compraba\u201d<\/em>&#8230; Perm\u00edtanme que yo del candidato de UPyD al ayuntamiento de La Laguna, <strong>Antonio de la Guardia<\/strong>, pol\u00edticamente opine lo mismo.<\/p>\n<p>&nbsp;<\/p>\n<table align=\"center\">\n<tbody>\n<tr>\n<td><a href=\"https:\/\/elcotarro.com\/wp-content\/uploads\/2015\/03\/FOTO-10.-Pedro-Molina-Ramos.jpg\"><img loading=\"lazy\" decoding=\"async\" class=\"aligncenter wp-image-992 size-full\" src=\"https:\/\/elcotarro.com\/wp-content\/uploads\/2015\/03\/FOTO-10.-Pedro-Molina-Ramos.jpg\" alt=\"FOTO 10.- Pedro Molina Ramos\" width=\"300\" height=\"338\" srcset=\"https:\/\/elcotarro.com\/wp-content\/uploads\/2015\/03\/FOTO-10.-Pedro-Molina-Ramos.jpg 300w, https:\/\/elcotarro.com\/wp-content\/uploads\/2015\/03\/FOTO-10.-Pedro-Molina-Ramos-266x300.jpg 266w\" sizes=\"auto, (max-width: 300px) 100vw, 300px\" \/><\/a><\/td>\n<td><a href=\"https:\/\/elcotarro.com\/wp-content\/uploads\/2015\/03\/FOTO-11.-Jos\u00e9-Manuel-Soria-L\u00f3pez.jpg\"><img loading=\"lazy\" decoding=\"async\" class=\"aligncenter wp-image-993\" src=\"https:\/\/elcotarro.com\/wp-content\/uploads\/2015\/03\/FOTO-11.-Jos\u00e9-Manuel-Soria-L\u00f3pez-683x1024.jpg\" alt=\"FOTO 11.- Jos\u00e9 Manuel Soria L\u00f3pez\" width=\"225\" height=\"338\" srcset=\"https:\/\/elcotarro.com\/wp-content\/uploads\/2015\/03\/FOTO-11.-Jos\u00e9-Manuel-Soria-L\u00f3pez-683x1024.jpg 683w, https:\/\/elcotarro.com\/wp-content\/uploads\/2015\/03\/FOTO-11.-Jos\u00e9-Manuel-Soria-L\u00f3pez-200x300.jpg 200w, https:\/\/elcotarro.com\/wp-content\/uploads\/2015\/03\/FOTO-11.-Jos\u00e9-Manuel-Soria-L\u00f3pez.jpg 800w\" sizes=\"auto, (max-width: 225px) 100vw, 225px\" \/><\/a><\/td>\n<\/tr>\n<\/tbody>\n<\/table>\n<p class=\"comentario\" style=\"text-align: center;\">Si Jos\u00e9 Manuel Soria (d) fuera vaca, Pedro Molina (i) no lo compraba.<\/p>\n","protected":false},"excerpt":{"rendered":"<p>\u2666 Hace tiempo en la radio, en la tertulia \u201cLa Puerta Verde\u201d estaba yo conversando con Pedro Molina (que felizmente se va recuperando poco a poco de su chuch\u00f3n de salud y al que desde aqu\u00ed le mando un afectuoso abrazo y mucho \u00e1nimo)&#8230; En vivo y en directo le pregunt\u00e9 su opini\u00f3n sobre Jos\u00e9 &#8230; <a class=\"read-more\" href=\"https:\/\/elcotarro.com\/?p=991\">Read more<\/a><\/p>\n","protected":false},"author":2,"featured_media":0,"comment_status":"open","ping_status":"open","sticky":false,"template":"","format":"standard","meta":{"_jetpack_memberships_contains_paid_content":false,"footnotes":""},"categories":[7],"tags":[466,168,465],"class_list":["post-991","post","type-post","status-publish","format-standard","hentry","category-politica","tag-antonio-de-la-guardia","tag-jose-manuel-soria","tag-pedro-molina"],"yoast_head":"<!-- This site is optimized with the Yoast SEO plugin v27.0 - https:\/\/yoast.com\/product\/yoast-seo-wordpress\/ -->\n<title>SI FUERA VACA, NO LO COMPRABA - El Cotarrro<\/title>\n<meta name=\"description\" content=\"\u2666 Hace tiempo en la radio, en la tertulia \u201cLa Puerta Verde\u201d estaba yo conversando con Pedro Molina (que felizmente se va recuperando poco a poco de su chuch\" \/>\n<meta name=\"robots\" content=\"index, follow, max-snippet:-1, max-image-preview:large, max-video-preview:-1\" \/>\n<link rel=\"canonical\" href=\"https:\/\/elcotarro.com\/?p=991\" \/>\n<meta property=\"og:locale\" content=\"es_ES\" \/>\n<meta property=\"og:type\" content=\"article\" \/>\n<meta property=\"og:title\" content=\"SI FUERA VACA, NO LO COMPRABA - El Cotarrro\" \/>\n<meta property=\"og:description\" content=\"\u2666 Hace tiempo en la radio, en la tertulia \u201cLa Puerta Verde\u201d estaba yo conversando con Pedro Molina (que felizmente se va recuperando poco a poco de su chuch\" \/>\n<meta property=\"og:url\" content=\"https:\/\/elcotarro.com\/?p=991\" \/>\n<meta property=\"og:site_name\" content=\"El Cotarro\" \/>\n<meta property=\"article:publisher\" content=\"https:\/\/www.facebook.com\/ElCotarro.Tenerife\" \/>\n<meta property=\"article:published_time\" content=\"2015-03-29T11:04:47+00:00\" \/>\n<meta property=\"og:image\" content=\"https:\/\/elcotarro.com\/wp-content\/uploads\/2015\/03\/FOTO-10.-Pedro-Molina-Ramos.jpg\" \/>\n<meta name=\"author\" content=\"Jos\u00e9 Carlos Marrero Gonz\u00e1lez\" \/>\n<meta name=\"twitter:label1\" content=\"Escrito por\" \/>\n\t<meta name=\"twitter:data1\" content=\"Jos\u00e9 Carlos Marrero Gonz\u00e1lez\" \/>\n\t<meta name=\"twitter:label2\" content=\"Tiempo de lectura\" \/>\n\t<meta name=\"twitter:data2\" content=\"1 minuto\" \/>\n<script type=\"application\/ld+json\" class=\"yoast-schema-graph\">{\"@context\":\"https:\/\/schema.org\",\"@graph\":[{\"@type\":\"Article\",\"@id\":\"https:\/\/elcotarro.com\/?p=991#article\",\"isPartOf\":{\"@id\":\"https:\/\/elcotarro.com\/?p=991\"},\"author\":{\"name\":\"Jos\u00e9 Carlos Marrero Gonz\u00e1lez\",\"@id\":\"https:\/\/elcotarro.com\/#\/schema\/person\/af537ee7d60d15984c7e0affcd8a918b\"},\"headline\":\"SI FUERA VACA, NO LO COMPRABA\",\"datePublished\":\"2015-03-29T11:04:47+00:00\",\"mainEntityOfPage\":{\"@id\":\"https:\/\/elcotarro.com\/?p=991\"},\"wordCount\":188,\"commentCount\":0,\"publisher\":{\"@id\":\"https:\/\/elcotarro.com\/#organization\"},\"image\":{\"@id\":\"https:\/\/elcotarro.com\/?p=991#primaryimage\"},\"thumbnailUrl\":\"https:\/\/elcotarro.com\/wp-content\/uploads\/2015\/03\/FOTO-10.-Pedro-Molina-Ramos.jpg\",\"keywords\":[\"Antonio de la Guardia\",\"Jos\u00e9 Manuel Soria\",\"Pedro Molina\"],\"articleSection\":[\"Pol\u00edtica\"],\"inLanguage\":\"es\",\"potentialAction\":[{\"@type\":\"CommentAction\",\"name\":\"Comment\",\"target\":[\"https:\/\/elcotarro.com\/?p=991#respond\"]}]},{\"@type\":\"WebPage\",\"@id\":\"https:\/\/elcotarro.com\/?p=991\",\"url\":\"https:\/\/elcotarro.com\/?p=991\",\"name\":\"SI FUERA VACA, NO LO COMPRABA - El Cotarrro\",\"isPartOf\":{\"@id\":\"https:\/\/elcotarro.com\/#website\"},\"primaryImageOfPage\":{\"@id\":\"https:\/\/elcotarro.com\/?p=991#primaryimage\"},\"image\":{\"@id\":\"https:\/\/elcotarro.com\/?p=991#primaryimage\"},\"thumbnailUrl\":\"https:\/\/elcotarro.com\/wp-content\/uploads\/2015\/03\/FOTO-10.-Pedro-Molina-Ramos.jpg\",\"datePublished\":\"2015-03-29T11:04:47+00:00\",\"description\":\"\u2666 Hace tiempo en la radio, en la tertulia \u201cLa Puerta Verde\u201d estaba yo conversando con Pedro Molina (que felizmente se va recuperando poco a poco de su chuch\",\"breadcrumb\":{\"@id\":\"https:\/\/elcotarro.com\/?p=991#breadcrumb\"},\"inLanguage\":\"es\",\"potentialAction\":[{\"@type\":\"ReadAction\",\"target\":[\"https:\/\/elcotarro.com\/?p=991\"]}]},{\"@type\":\"ImageObject\",\"inLanguage\":\"es\",\"@id\":\"https:\/\/elcotarro.com\/?p=991#primaryimage\",\"url\":\"https:\/\/elcotarro.com\/wp-content\/uploads\/2015\/03\/FOTO-10.-Pedro-Molina-Ramos.jpg\",\"contentUrl\":\"https:\/\/elcotarro.com\/wp-content\/uploads\/2015\/03\/FOTO-10.-Pedro-Molina-Ramos.jpg\",\"width\":300,\"height\":338},{\"@type\":\"BreadcrumbList\",\"@id\":\"https:\/\/elcotarro.com\/?p=991#breadcrumb\",\"itemListElement\":[{\"@type\":\"ListItem\",\"position\":1,\"name\":\"Portada\",\"item\":\"https:\/\/elcotarro.com\/\"},{\"@type\":\"ListItem\",\"position\":2,\"name\":\"SI FUERA VACA, NO LO COMPRABA\"}]},{\"@type\":\"WebSite\",\"@id\":\"https:\/\/elcotarro.com\/#website\",\"url\":\"https:\/\/elcotarro.com\/\",\"name\":\"El Cotarro\",\"description\":\"Peri\u00f3dico Digital Independiente dirigido por Jos\u00e9 Carlos Marrero\",\"publisher\":{\"@id\":\"https:\/\/elcotarro.com\/#organization\"},\"potentialAction\":[{\"@type\":\"SearchAction\",\"target\":{\"@type\":\"EntryPoint\",\"urlTemplate\":\"https:\/\/elcotarro.com\/?s={search_term_string}\"},\"query-input\":{\"@type\":\"PropertyValueSpecification\",\"valueRequired\":true,\"valueName\":\"search_term_string\"}}],\"inLanguage\":\"es\"},{\"@type\":\"Organization\",\"@id\":\"https:\/\/elcotarro.com\/#organization\",\"name\":\"El Cotarro\",\"url\":\"https:\/\/elcotarro.com\/\",\"logo\":{\"@type\":\"ImageObject\",\"inLanguage\":\"es\",\"@id\":\"https:\/\/elcotarro.com\/#\/schema\/logo\/image\/\",\"url\":\"https:\/\/elcotarro.com\/wp-content\/uploads\/2014\/09\/Cabecera_El_Cotarro_v2.jpg\",\"contentUrl\":\"https:\/\/elcotarro.com\/wp-content\/uploads\/2014\/09\/Cabecera_El_Cotarro_v2.jpg\",\"width\":3540,\"height\":441,\"caption\":\"El Cotarro\"},\"image\":{\"@id\":\"https:\/\/elcotarro.com\/#\/schema\/logo\/image\/\"},\"sameAs\":[\"https:\/\/www.facebook.com\/ElCotarro.Tenerife\"]},{\"@type\":\"Person\",\"@id\":\"https:\/\/elcotarro.com\/#\/schema\/person\/af537ee7d60d15984c7e0affcd8a918b\",\"name\":\"Jos\u00e9 Carlos Marrero Gonz\u00e1lez\",\"image\":{\"@type\":\"ImageObject\",\"inLanguage\":\"es\",\"@id\":\"https:\/\/elcotarro.com\/#\/schema\/person\/image\/\",\"url\":\"https:\/\/secure.gravatar.com\/avatar\/def4da036efb5d32c74d49c351f6dccc064dd69ad9f3aadc295c5a9a5391ca01?s=96&d=mm&r=g\",\"contentUrl\":\"https:\/\/secure.gravatar.com\/avatar\/def4da036efb5d32c74d49c351f6dccc064dd69ad9f3aadc295c5a9a5391ca01?s=96&d=mm&r=g\",\"caption\":\"Jos\u00e9 Carlos Marrero Gonz\u00e1lez\"},\"sameAs\":[\"https:\/\/elcotarro.com\"],\"url\":\"https:\/\/elcotarro.com\/?author=2\"}]}<\/script>\n<!-- \/ Yoast SEO plugin. -->","yoast_head_json":{"title":"SI FUERA VACA, NO LO COMPRABA - El Cotarrro","description":"\u2666 Hace tiempo en la radio, en la tertulia \u201cLa Puerta Verde\u201d estaba yo conversando con Pedro Molina (que felizmente se va recuperando poco a poco de su chuch","robots":{"index":"index","follow":"follow","max-snippet":"max-snippet:-1","max-image-preview":"max-image-preview:large","max-video-preview":"max-video-preview:-1"},"canonical":"https:\/\/elcotarro.com\/?p=991","og_locale":"es_ES","og_type":"article","og_title":"SI FUERA VACA, NO LO COMPRABA - El Cotarrro","og_description":"\u2666 Hace tiempo en la radio, en la tertulia \u201cLa Puerta Verde\u201d estaba yo conversando con Pedro Molina (que felizmente se va recuperando poco a poco de su chuch","og_url":"https:\/\/elcotarro.com\/?p=991","og_site_name":"El Cotarro","article_publisher":"https:\/\/www.facebook.com\/ElCotarro.Tenerife","article_published_time":"2015-03-29T11:04:47+00:00","og_image":[{"url":"https:\/\/elcotarro.com\/wp-content\/uploads\/2015\/03\/FOTO-10.-Pedro-Molina-Ramos.jpg","type":"","width":"","height":""}],"author":"Jos\u00e9 Carlos Marrero Gonz\u00e1lez","twitter_misc":{"Escrito por":"Jos\u00e9 Carlos Marrero Gonz\u00e1lez","Tiempo de lectura":"1 minuto"},"schema":{"@context":"https:\/\/schema.org","@graph":[{"@type":"Article","@id":"https:\/\/elcotarro.com\/?p=991#article","isPartOf":{"@id":"https:\/\/elcotarro.com\/?p=991"},"author":{"name":"Jos\u00e9 Carlos Marrero Gonz\u00e1lez","@id":"https:\/\/elcotarro.com\/#\/schema\/person\/af537ee7d60d15984c7e0affcd8a918b"},"headline":"SI FUERA VACA, NO LO COMPRABA","datePublished":"2015-03-29T11:04:47+00:00","mainEntityOfPage":{"@id":"https:\/\/elcotarro.com\/?p=991"},"wordCount":188,"commentCount":0,"publisher":{"@id":"https:\/\/elcotarro.com\/#organization"},"image":{"@id":"https:\/\/elcotarro.com\/?p=991#primaryimage"},"thumbnailUrl":"https:\/\/elcotarro.com\/wp-content\/uploads\/2015\/03\/FOTO-10.-Pedro-Molina-Ramos.jpg","keywords":["Antonio de la Guardia","Jos\u00e9 Manuel Soria","Pedro Molina"],"articleSection":["Pol\u00edtica"],"inLanguage":"es","potentialAction":[{"@type":"CommentAction","name":"Comment","target":["https:\/\/elcotarro.com\/?p=991#respond"]}]},{"@type":"WebPage","@id":"https:\/\/elcotarro.com\/?p=991","url":"https:\/\/elcotarro.com\/?p=991","name":"SI FUERA VACA, NO LO COMPRABA - El Cotarrro","isPartOf":{"@id":"https:\/\/elcotarro.com\/#website"},"primaryImageOfPage":{"@id":"https:\/\/elcotarro.com\/?p=991#primaryimage"},"image":{"@id":"https:\/\/elcotarro.com\/?p=991#primaryimage"},"thumbnailUrl":"https:\/\/elcotarro.com\/wp-content\/uploads\/2015\/03\/FOTO-10.-Pedro-Molina-Ramos.jpg","datePublished":"2015-03-29T11:04:47+00:00","description":"\u2666 Hace tiempo en la radio, en la tertulia \u201cLa Puerta Verde\u201d estaba yo conversando con Pedro Molina (que felizmente se va recuperando poco a poco de su chuch","breadcrumb":{"@id":"https:\/\/elcotarro.com\/?p=991#breadcrumb"},"inLanguage":"es","potentialAction":[{"@type":"ReadAction","target":["https:\/\/elcotarro.com\/?p=991"]}]},{"@type":"ImageObject","inLanguage":"es","@id":"https:\/\/elcotarro.com\/?p=991#primaryimage","url":"https:\/\/elcotarro.com\/wp-content\/uploads\/2015\/03\/FOTO-10.-Pedro-Molina-Ramos.jpg","contentUrl":"https:\/\/elcotarro.com\/wp-content\/uploads\/2015\/03\/FOTO-10.-Pedro-Molina-Ramos.jpg","width":300,"height":338},{"@type":"BreadcrumbList","@id":"https:\/\/elcotarro.com\/?p=991#breadcrumb","itemListElement":[{"@type":"ListItem","position":1,"name":"Portada","item":"https:\/\/elcotarro.com\/"},{"@type":"ListItem","position":2,"name":"SI FUERA VACA, NO LO COMPRABA"}]},{"@type":"WebSite","@id":"https:\/\/elcotarro.com\/#website","url":"https:\/\/elcotarro.com\/","name":"El Cotarro","description":"Peri\u00f3dico Digital Independiente dirigido por Jos\u00e9 Carlos Marrero","publisher":{"@id":"https:\/\/elcotarro.com\/#organization"},"potentialAction":[{"@type":"SearchAction","target":{"@type":"EntryPoint","urlTemplate":"https:\/\/elcotarro.com\/?s={search_term_string}"},"query-input":{"@type":"PropertyValueSpecification","valueRequired":true,"valueName":"search_term_string"}}],"inLanguage":"es"},{"@type":"Organization","@id":"https:\/\/elcotarro.com\/#organization","name":"El Cotarro","url":"https:\/\/elcotarro.com\/","logo":{"@type":"ImageObject","inLanguage":"es","@id":"https:\/\/elcotarro.com\/#\/schema\/logo\/image\/","url":"https:\/\/elcotarro.com\/wp-content\/uploads\/2014\/09\/Cabecera_El_Cotarro_v2.jpg","contentUrl":"https:\/\/elcotarro.com\/wp-content\/uploads\/2014\/09\/Cabecera_El_Cotarro_v2.jpg","width":3540,"height":441,"caption":"El Cotarro"},"image":{"@id":"https:\/\/elcotarro.com\/#\/schema\/logo\/image\/"},"sameAs":["https:\/\/www.facebook.com\/ElCotarro.Tenerife"]},{"@type":"Person","@id":"https:\/\/elcotarro.com\/#\/schema\/person\/af537ee7d60d15984c7e0affcd8a918b","name":"Jos\u00e9 Carlos Marrero Gonz\u00e1lez","image":{"@type":"ImageObject","inLanguage":"es","@id":"https:\/\/elcotarro.com\/#\/schema\/person\/image\/","url":"https:\/\/secure.gravatar.com\/avatar\/def4da036efb5d32c74d49c351f6dccc064dd69ad9f3aadc295c5a9a5391ca01?s=96&d=mm&r=g","contentUrl":"https:\/\/secure.gravatar.com\/avatar\/def4da036efb5d32c74d49c351f6dccc064dd69ad9f3aadc295c5a9a5391ca01?s=96&d=mm&r=g","caption":"Jos\u00e9 Carlos Marrero Gonz\u00e1lez"},"sameAs":["https:\/\/elcotarro.com"],"url":"https:\/\/elcotarro.com\/?author=2"}]}},"jetpack_featured_media_url":"","jetpack_sharing_enabled":true,"_links":{"self":[{"href":"https:\/\/elcotarro.com\/index.php?rest_route=\/wp\/v2\/posts\/991","targetHints":{"allow":["GET"]}}],"collection":[{"href":"https:\/\/elcotarro.com\/index.php?rest_route=\/wp\/v2\/posts"}],"about":[{"href":"https:\/\/elcotarro.com\/index.php?rest_route=\/wp\/v2\/types\/post"}],"author":[{"embeddable":true,"href":"https:\/\/elcotarro.com\/index.php?rest_route=\/wp\/v2\/users\/2"}],"replies":[{"embeddable":true,"href":"https:\/\/elcotarro.com\/index.php?rest_route=%2Fwp%2Fv2%2Fcomments&post=991"}],"version-history":[{"count":1,"href":"https:\/\/elcotarro.com\/index.php?rest_route=\/wp\/v2\/posts\/991\/revisions"}],"predecessor-version":[{"id":994,"href":"https:\/\/elcotarro.com\/index.php?rest_route=\/wp\/v2\/posts\/991\/revisions\/994"}],"wp:attachment":[{"href":"https:\/\/elcotarro.com\/index.php?rest_route=%2Fwp%2Fv2%2Fmedia&parent=991"}],"wp:term":[{"taxonomy":"category","embeddable":true,"href":"https:\/\/elcotarro.com\/index.php?rest_route=%2Fwp%2Fv2%2Fcategories&post=991"},{"taxonomy":"post_tag","embeddable":true,"href":"https:\/\/elcotarro.com\/index.php?rest_route=%2Fwp%2Fv2%2Ftags&post=991"}],"curies":[{"name":"wp","href":"https:\/\/api.w.org\/{rel}","templated":true}]}}